{"id":1255006,"date":"2023-06-27T20:29:06","date_gmt":"2023-06-28T02:29:06","guid":{"rendered":"https:\/\/www.acapulcopress.com\/?p=1255006"},"modified":"2023-06-27T20:29:06","modified_gmt":"2023-06-28T02:29:06","slug":"inauguro-gobernadora-obras-de-infraestructura-educativa-en-chilapa","status":"publish","type":"post","link":"https:\/\/www.acapulcopress.com\/index.php\/2023\/06\/27\/inauguro-gobernadora-obras-de-infraestructura-educativa-en-chilapa\/","title":{"rendered":"Inaugur\u00f3 Gobernadora obras de infraestructura educativa en Chilapa"},"content":{"rendered":"<p style=\"text-align: justify;\">CHILAPA * 27 de junio de 2023.<br \/>\n<em>) Gobierno de Guerrero<br \/>\n<\/em>La gobernadora <a href=\"https:\/\/www.facebook.com\/EvelynSalgadoP\" target=\"_blank\" rel=\"noopener\">Evelyn Salgado<\/a> recibi\u00f3 en Guerrero a la coordinadora Nacional de <img loading=\"lazy\" decoding=\"async\" class=\"alignleft size-medium wp-image-1255026\" src=\"https:\/\/www.acapulcopress.com\/wp-content\/uploads\/2023\/06\/IMG-20230627-WA0018-375x250.jpg\" alt=\"\" width=\"375\" height=\"250\" \/>Protecci\u00f3n Civil, Laura Vel\u00e1zquez Alz\u00faa, con quien inaugur\u00f3 obras de infraestructura educativa en el Conalep Plantel 133 de Chilapa, luego de que fuera afectado por sismos desde el a\u00f1o 2017, representando una inversi\u00f3n federal superior a los 32 millones de pesos en beneficio de la comunidad escolar de m\u00e1s de 700 estudiantes.<\/p>\n<p style=\"text-align: justify;\">La mandataria estatal refrend\u00f3 que es aliada de las acciones federales que se emprenden por el Presidente Andr\u00e9s Manuel L\u00f3pez Obrador en beneficio de los estudiantes y de los sectores m\u00e1s vulnerables, profundizando con acciones propias del estado para seguir transformando a Guerrero.<\/p>\n<p style=\"text-align: justify;\">\u00abNuestro Presidente reafirm\u00f3 sus compromiso con el pueblo de Guerrero con todos los <img loading=\"lazy\" decoding=\"async\" class=\"alignleft size-medium wp-image-1255022\" src=\"https:\/\/www.acapulcopress.com\/wp-content\/uploads\/2023\/06\/IMG-20230627-WA0012-375x646.jpg\" alt=\"\" width=\"375\" height=\"646\" \/>programas sociales, con todos los apoyos que se est\u00e1n otorgando y todas las acciones importantes para consolidar esa visi\u00f3n humanista y fraterna de nuestro presidente <a href=\"https:\/\/www.facebook.com\/lopezobrador.org.mx\" target=\"_blank\" rel=\"noopener\">Andr\u00e9s Manuel L\u00f3pez Obrador<\/a>\u00ab, expres\u00f3 Evelyn Salgado.<\/p>\n<p style=\"text-align: justify;\">La gobernadora reconoci\u00f3 el apoyo inmediato del Presidente Andr\u00e9s Manuel L\u00f3pez Obrador que se ve materializado con una acci\u00f3n m\u00e1s en el Conalep de Chilapa, logrando la reconstrucci\u00f3n de dos edificios y la biblioteca del panel, que da muestra de su sensibilidad y eficiencia con las peticiones ciudadanas de los sectores m\u00e1s vulnerables.<\/p>\n<p style=\"text-align: justify;\">Por su parte, la titular de la Coordinaci\u00f3n Nacional de Protecci\u00f3n Civil, Laura Vel\u00e1zquez Alz\u00faa record\u00f3 que en una de las tantas giras del Presidente L\u00f3pez Obrador por Chilapa, recibi\u00f3 la petici\u00f3n para atender esta instituci\u00f3n que fue afectada en su infraestructura por los sismos del a\u00f1o 2017, logrando hacer posible esta rehabilitaci\u00f3n a trav\u00e9s del Instituto Nacional de Infraestructura F\u00edsica Educativa despu\u00e9s de hacer una valoraci\u00f3n profesional de Protecci\u00f3n Civil.<\/p>\n<p style=\"text-align: justify;\">\u00abSe elabor\u00f3 un proyecto de reconstrucci\u00f3n y se cuantific\u00f3 un presupuesto de 32 millones de pesos que inclu\u00eda el equipamiento necesario para modernizar el plantel. Cuando el <img loading=\"lazy\" decoding=\"async\" class=\"alignleft size-medium wp-image-1255011\" src=\"https:\/\/www.acapulcopress.com\/wp-content\/uploads\/2023\/06\/IMG-20230627-WA0001-375x257.jpg\" alt=\"\" width=\"375\" height=\"257\" \/>Presidente de la Rep\u00fablica tuvo en sus manos este diagn\u00f3stico no dud\u00f3 ni un instante e instruy\u00f3 que el recurso se le diera a la instituci\u00f3n para levantar el edificio\u00bb, relat\u00f3 la funcionaria federal.<\/p>\n<p style=\"text-align: justify;\">La comunidad escolar, directivos y padres de familia agradecieron esta obra de reconstrucci\u00f3n, modernizaci\u00f3n y equipamiento del plantel 133 del Conalep de Chilapa de \u00c1lvarez, comprometidos a seguir luchando y prepar\u00e1ndose para ser los mejores t\u00e9cnicos de nivel medio superior, como lo expres\u00f3 la Directora Norma Aparicio y la alumna de enfermer\u00eda Casandra Melosa Nava Tapia.<\/p>\n<p style=\"text-align: justify;\">Asistieron el director General del Instituto Nacional de Infraestructura Educativa del Gobierno Federal, C\u00e9sar Adri\u00e1n Basilio Ortiz; el director General del Conalep Guerrero, V\u00edctor Alejandro Ocampo Dionicio; el diputado local Jes\u00fas Parra Garc\u00eda; la sindica municipal Rosa Elena Chavelas,\u00a0entre\u00a0otros.<\/p>\n<p><img loading=\"lazy\" decoding=\"async\" class=\"alignnone wp-image-1255013 size-large\" src=\"https:\/\/www.acapulcopress.com\/wp-content\/uploads\/2023\/06\/IMG-20230627-WA0003-840x497.jpg\" alt=\"\" width=\"696\" height=\"412\" \/><\/p>\n<p style=\"text-align: justify;\"><em>) S\u00edguenos en nuestra p\u00e1gina Facebook.com\/<a href=\"https:\/\/www.facebook.com\/acapulcopress.news\" target=\"_blank\" rel=\"noopener\">acapulcopress.news<\/a><\/em><\/p>\n","protected":false},"excerpt":{"rendered":"<p>CHILAPA * 27 de junio de 2023. ) Gobierno de Guerrero La gobernadora Evelyn Salgado recibi\u00f3 en Guerrero a la coordinadora Nacional de Protecci\u00f3n Civil, Laura Vel\u00e1zquez Alz\u00faa, con quien inaugur\u00f3 obras de infraestructura educativa en el Conalep Plantel 133 de Chilapa, luego de que fuera afectado por sismos desde el a\u00f1o 2017, representando una&#8230;<\/p>\n","protected":false},"author":2,"featured_media":1255016,"comment_status":"closed","ping_status":"closed","sticky":false,"template":"","format":"standard","meta":{"footnotes":""},"categories":[1983,18561],"tags":[6296,8245,8251,9302],"class_list":["post-1255006","post","type-post","status-publish","format-standard","has-post-thumbnail","hentry","category-guerrerogob","category-society-politics","tag-conalep-chilapa","tag-evelyn-salgado","tag-evelyn-salgado-pineda","tag-gobierno-de-guerrero"],"_links":{"self":[{"href":"https:\/\/www.acapulcopress.com\/index.php\/wp-json\/wp\/v2\/posts\/1255006","targetHints":{"allow":["GET"]}}],"collection":[{"href":"https:\/\/www.acapulcopress.com\/index.php\/wp-json\/wp\/v2\/posts"}],"about":[{"href":"https:\/\/www.acapulcopress.com\/index.php\/wp-json\/wp\/v2\/types\/post"}],"author":[{"embeddable":true,"href":"https:\/\/www.acapulcopress.com\/index.php\/wp-json\/wp\/v2\/users\/2"}],"replies":[{"embeddable":true,"href":"https:\/\/www.acapulcopress.com\/index.php\/wp-json\/wp\/v2\/comments?post=1255006"}],"version-history":[{"count":0,"href":"https:\/\/www.acapulcopress.com\/index.php\/wp-json\/wp\/v2\/posts\/1255006\/revisions"}],"wp:featuredmedia":[{"embeddable":true,"href":"https:\/\/www.acapulcopress.com\/index.php\/wp-json\/"}],"wp:attachment":[{"href":"https:\/\/www.acapulcopress.com\/index.php\/wp-json\/wp\/v2\/media?parent=1255006"}],"wp:term":[{"taxonomy":"category","embeddable":true,"href":"https:\/\/www.acapulcopress.com\/index.php\/wp-json\/wp\/v2\/categories?post=1255006"},{"taxonomy":"post_tag","embeddable":true,"href":"https:\/\/www.acapulcopress.com\/index.php\/wp-json\/wp\/v2\/tags?post=1255006"}],"curies":[{"name":"wp","href":"https:\/\/api.w.org\/{rel}","templated":true}]}}