{"id":1255030,"date":"2023-06-27T20:48:47","date_gmt":"2023-06-28T02:48:47","guid":{"rendered":"https:\/\/www.acapulcopress.com\/?p=1255030"},"modified":"2023-06-27T20:48:47","modified_gmt":"2023-06-28T02:48:47","slug":"advierte-proteccion-civil-de-lluvias-causadas-por-la-tormenta-tropical-adrian","status":"publish","type":"post","link":"https:\/\/www.acapulcopress.com\/index.php\/2023\/06\/27\/advierte-proteccion-civil-de-lluvias-causadas-por-la-tormenta-tropical-adrian\/","title":{"rendered":"Advierte Protecci\u00f3n Civil de lluvias causadas por la tormenta tropical \u201cAdri\u00e1n\u201d"},"content":{"rendered":"<p style=\"text-align: justify;\">CHILPANCINGO * 27 de junio de 2023.<br \/>\n<em>) Gobierno de Guerrero\u00a0<\/em><br \/>\nLa Secretar\u00eda de Gesti\u00f3n Integral de Riesgos y Protecci\u00f3n Civil, inform\u00f3 que esta semana continuar\u00e1 el temporal de lluvias de variada intensidad en algunas regiones del estado, derivado de varios sistemas meteorol\u00f3gicos que siguen afectando al territorio nacional.<\/p>\n<p style=\"text-align: justify;\">La dependencia estatal, dio a conocer que la tarde de este martes se form\u00f3 la Tormenta Tropical \u201cAdri\u00e1n\u201d, el primer cicl\u00f3n de la temporada en el Oc\u00e9ano Pac\u00edfico, mismo que se ubic\u00f3 a 430 km al suroeste de Punta San Telmo, Michoac\u00e1n, favoreciendo el potencial de lluvias fuertes para las pr\u00f3ximas horas en los estados de Jalisco, Colima, Michoac\u00e1n y Guerrero.<\/p>\n<p style=\"text-align: justify;\">De igual modo, se mantiene en vigilancia a la onda tropical N\u00famero 08, que interacciona con una zona de baja presi\u00f3n con alta probabilidad de desarrollo cicl\u00f3nico, la cual podr\u00eda incrementar el potencial de lluvias fuertes en el transcurso de esta semana en Guerrero; se prev\u00e9 que este sistema pueda evolucionar y dar origen al segundo cicl\u00f3n de la temporada en el Oc\u00e9ano Pac\u00edfico.<\/p>\n<p style=\"text-align: justify;\">Por lo anterior, la Secretar\u00eda de Gesti\u00f3n Integral de Riesgos y Protecci\u00f3n Civil emiti\u00f3 un aviso preventivo para los integrantes del Consejo Estatal de Protecci\u00f3n Civil y las Autoridades de los 81 municipios de la entidad, a fin de que se tomen las medidas de precauci\u00f3n necesarias.<\/p>\n<p style=\"text-align: justify;\">Derivado de los sistemas meteorol\u00f3gicos antes referidos, se prev\u00e9 que, del martes al viernes 30 de junio, se registren lluvias fuertes a puntuales intensas en las regiones Costa Chica, Acapulco, Costa Grande, Monta\u00f1a y Sierra, as\u00ed como lluvias de moderadas a fuertes en las regiones Norte, Centro y Tierra Caliente.<\/p>\n<p style=\"text-align: justify;\">Tambi\u00e9n se pronostican rachas de viento fuerte y oleaje elevado de 2 a 3 metros de altura, una vez que la zona de inestabilidad o posible cicl\u00f3n tropical se acerque a las costas de Oaxaca y Guerrero.<\/p>\n<p style=\"text-align: justify;\">El Gobierno del Estado recomienda extremar precauciones ante la manifestaci\u00f3n de tormentas locales, las cuales se pueden registrar con precipitaciones intensas, viento fuerte, actividad el\u00e9ctrica y probabilidad de granizo en las partes altas.<\/p>\n<p style=\"text-align: justify;\">A los gobiernos municipales, se les pide permanecer atentos a la informaci\u00f3n meteorol\u00f3gica sobre el seguimiento de ambos sistemas, as\u00ed como revisar y en su caso activar sus protocolos en materia de Protecci\u00f3n Civil y reforzar el alertamiento preventivo para\u00a0la\u00a0poblaci\u00f3n.<\/p>\n<p style=\"text-align: justify;\"><em>) S\u00edguenos en nuestra p\u00e1gina Facebook.com\/<a href=\"https:\/\/www.facebook.com\/acapulcopress.news\" target=\"_blank\" rel=\"noopener\">acapulcopress.news<\/a><\/em><\/p>\n","protected":false},"excerpt":{"rendered":"<p>CHILPANCINGO * 27 de junio de 2023. ) Gobierno de Guerrero\u00a0 La Secretar\u00eda de Gesti\u00f3n Integral de Riesgos y Protecci\u00f3n Civil, inform\u00f3 que esta semana continuar\u00e1 el temporal de lluvias de variada intensidad en algunas regiones del estado, derivado de varios sistemas meteorol\u00f3gicos que siguen afectando al territorio nacional. La dependencia estatal, dio a conocer&#8230;<\/p>\n","protected":false},"author":2,"featured_media":1255031,"comment_status":"closed","ping_status":"closed","sticky":false,"template":"","format":"standard","meta":{"footnotes":""},"categories":[2036,1969,1972],"tags":[9302,17298],"class_list":["post-1255030","post","type-post","status-publish","format-standard","has-post-thumbnail","hentry","category-el-clima","category-trending","category-special","tag-gobierno-de-guerrero","tag-tormenta-tropical-adrian"],"_links":{"self":[{"href":"https:\/\/www.acapulcopress.com\/index.php\/wp-json\/wp\/v2\/posts\/1255030","targetHints":{"allow":["GET"]}}],"collection":[{"href":"https:\/\/www.acapulcopress.com\/index.php\/wp-json\/wp\/v2\/posts"}],"about":[{"href":"https:\/\/www.acapulcopress.com\/index.php\/wp-json\/wp\/v2\/types\/post"}],"author":[{"embeddable":true,"href":"https:\/\/www.acapulcopress.com\/index.php\/wp-json\/wp\/v2\/users\/2"}],"replies":[{"embeddable":true,"href":"https:\/\/www.acapulcopress.com\/index.php\/wp-json\/wp\/v2\/comments?post=1255030"}],"version-history":[{"count":0,"href":"https:\/\/www.acapulcopress.com\/index.php\/wp-json\/wp\/v2\/posts\/1255030\/revisions"}],"wp:featuredmedia":[{"embeddable":true,"href":"https:\/\/www.acapulcopress.com\/index.php\/wp-json\/"}],"wp:attachment":[{"href":"https:\/\/www.acapulcopress.com\/index.php\/wp-json\/wp\/v2\/media?parent=1255030"}],"wp:term":[{"taxonomy":"category","embeddable":true,"href":"https:\/\/www.acapulcopress.com\/index.php\/wp-json\/wp\/v2\/categories?post=1255030"},{"taxonomy":"post_tag","embeddable":true,"href":"https:\/\/www.acapulcopress.com\/index.php\/wp-json\/wp\/v2\/tags?post=1255030"}],"curies":[{"name":"wp","href":"https:\/\/api.w.org\/{rel}","templated":true}]}}