{"id":1255033,"date":"2023-06-27T21:06:30","date_gmt":"2023-06-28T03:06:30","guid":{"rendered":"https:\/\/www.acapulcopress.com\/?p=1255033"},"modified":"2023-06-27T21:06:30","modified_gmt":"2023-06-28T03:06:30","slug":"avion-de-fgr-aterriza-de-emergencia-en-el-aifa","status":"publish","type":"post","link":"https:\/\/www.acapulcopress.com\/index.php\/2023\/06\/27\/avion-de-fgr-aterriza-de-emergencia-en-el-aifa\/","title":{"rendered":"Avi\u00f3n de FGR aterriza de emergencia en el AIFA"},"content":{"rendered":"<p style=\"text-align: justify;\">CIUDAD DE M\u00c9XICO * 27 de junio de 2023.<br \/>\n<em>) <a href=\"https:\/\/www.forbes.com.mx\/aterrizaje-de-emergencia-en-el-aifa-avion-de-la-fgr-registra-fallas-mecanicas\/\" target=\"_blank\" rel=\"noopener\">Forbes M\u00e9xico <\/a><br \/>\n<\/em>Tras una falla en el tren de aterrizaje, un avi\u00f3n de la <a href=\"https:\/\/www.facebook.com\/FGRMexico\" target=\"_blank\" rel=\"noopener\">Fiscal\u00eda General de la Rep\u00fablica<\/a> (FGR) tuvo que realizar un aterrizaje de emergencia en el <a href=\"https:\/\/www.facebook.com\/aifaaero\" target=\"_blank\" rel=\"noopener\">Aeropuerto Internacional Felipe \u00c1ngeles<\/a> (AIFA) sin que se reporten lesionados.<\/p>\n<p style=\"text-align: justify;\">De acuerdo con informaci\u00f3n difundida por la autoridad del aer\u00f3dromo, el aterrizaje forzoso de la aeronave modelo Gulfstream II y matr\u00edcula XC-LPY tuvo lugar hacia las 16:15 horas; en ella viajaban seis personas, entre pasajeros y tripulaci\u00f3n, procedentes del Aeropuerto Internacional Mariano Escobedo, de Monterrey, Nuevo Le\u00f3n.<\/p>\n<p style=\"text-align: justify;\">El AIFA inform\u00f3 que el aparato ten\u00eda como destino el Aeropuerto Internacional de la Ciudad de M\u00e9xico (AICM), sin embargo decidi\u00f3 descender en la nueva terminal a\u00e9rea ante la falla mec\u00e1nica.<\/p>\n<p style=\"text-align: justify;\">\u201cLa aeronave fue canalizada al AIFA por las autoridades aeroportuarias de los Servicios a la Navegaci\u00f3n en el Espacio A\u00e9reo Mexicano (Seneam), debido a que, al tratar de aterrizar en el Aeropuerto Internacional de la Ciudad de M\u00e9xico, present\u00f3 fallas en su tren de aterrizaje de nariz\u201d, detall\u00f3 el AIFA.<\/p>\n<p style=\"text-align: justify;\">Seg\u00fan las autoridades aeroportuarias, el avi\u00f3n fue enviado a aterrizar en el AIFA por presentar mayor capacidad de seguridad, debido a la tecnolog\u00eda con la que cuenta este aeropuerto, extensi\u00f3n de la pista de aterrizaje y el servicio de salvamento, as\u00ed como extinci\u00f3n de incendios (SSEI), que lo coloca en la categor\u00eda 9 de seguridad aeroportuaria.<\/p>\n<p style=\"text-align: justify;\">Esta maniobra de emergencia no signific\u00f3 la interrupci\u00f3n de las operaciones a\u00e9reas comerciales en el AIFA, detall\u00f3 la autoridad del complejo aeron\u00e1utico.<\/p>\n<div style=\"width: 480px;\" class=\"wp-video\"><video class=\"wp-video-shortcode\" id=\"video-1255033-1\" width=\"480\" height=\"640\" preload=\"metadata\" controls=\"controls\"><source type=\"video\/mp4\" src=\"https:\/\/www.acapulcopress.com\/wp-content\/uploads\/2023\/06\/AVION-FGR-FALLAS.mp4?_=1\" \/><a href=\"https:\/\/www.acapulcopress.com\/wp-content\/uploads\/2023\/06\/AVION-FGR-FALLAS.mp4\">https:\/\/www.acapulcopress.com\/wp-content\/uploads\/2023\/06\/AVION-FGR-FALLAS.mp4<\/a><\/video><\/div>\n<p style=\"text-align: justify;\"><em>) S\u00edguenos en nuestra p\u00e1gina Facebook.com\/<a href=\"https:\/\/www.facebook.com\/acapulcopress.news\" target=\"_blank\" rel=\"noopener\">acapulcopress.news<\/a><\/em><\/p>\n","protected":false},"excerpt":{"rendered":"<p>CIUDAD DE M\u00c9XICO * 27 de junio de 2023. ) Forbes M\u00e9xico Tras una falla en el tren de aterrizaje, un avi\u00f3n de la Fiscal\u00eda General de la Rep\u00fablica (FGR) tuvo que realizar un aterrizaje de emergencia en el Aeropuerto Internacional Felipe \u00c1ngeles (AIFA) sin que se reporten lesionados. De acuerdo con informaci\u00f3n difundida por&#8230;<\/p>\n","protected":false},"author":2,"featured_media":1255035,"comment_status":"closed","ping_status":"closed","sticky":false,"template":"","format":"standard","meta":{"footnotes":""},"categories":[1997],"tags":[3321,3326,3327,8691,9594,12800],"class_list":["post-1255033","post","type-post","status-publish","format-standard","has-post-thumbnail","hentry","category-noticias-destacadas","tag-aeropuerto-internacional-de-la-ciudad-de-mexico-aicm","tag-aeropuerto-internacional-felipe-angeles-aifa","tag-aeropuerto-internacional-mariano-escobedo","tag-fiscalia-general-de-la-republica-fgr","tag-gulfstream-ii","tag-matricula-xc-lpy"],"_links":{"self":[{"href":"https:\/\/www.acapulcopress.com\/index.php\/wp-json\/wp\/v2\/posts\/1255033","targetHints":{"allow":["GET"]}}],"collection":[{"href":"https:\/\/www.acapulcopress.com\/index.php\/wp-json\/wp\/v2\/posts"}],"about":[{"href":"https:\/\/www.acapulcopress.com\/index.php\/wp-json\/wp\/v2\/types\/post"}],"author":[{"embeddable":true,"href":"https:\/\/www.acapulcopress.com\/index.php\/wp-json\/wp\/v2\/users\/2"}],"replies":[{"embeddable":true,"href":"https:\/\/www.acapulcopress.com\/index.php\/wp-json\/wp\/v2\/comments?post=1255033"}],"version-history":[{"count":0,"href":"https:\/\/www.acapulcopress.com\/index.php\/wp-json\/wp\/v2\/posts\/1255033\/revisions"}],"wp:featuredmedia":[{"embeddable":true,"href":"https:\/\/www.acapulcopress.com\/index.php\/wp-json\/"}],"wp:attachment":[{"href":"https:\/\/www.acapulcopress.com\/index.php\/wp-json\/wp\/v2\/media?parent=1255033"}],"wp:term":[{"taxonomy":"category","embeddable":true,"href":"https:\/\/www.acapulcopress.com\/index.php\/wp-json\/wp\/v2\/categories?post=1255033"},{"taxonomy":"post_tag","embeddable":true,"href":"https:\/\/www.acapulcopress.com\/index.php\/wp-json\/wp\/v2\/tags?post=1255033"}],"curies":[{"name":"wp","href":"https:\/\/api.w.org\/{rel}","templated":true}]}}