{"id":1255043,"date":"2023-06-28T20:48:09","date_gmt":"2023-06-29T02:48:09","guid":{"rendered":"https:\/\/www.acapulcopress.com\/?p=1255043"},"modified":"2023-06-28T20:48:09","modified_gmt":"2023-06-29T02:48:09","slug":"la-sucesion-del-poder-2","status":"publish","type":"post","link":"https:\/\/www.acapulcopress.com\/index.php\/2023\/06\/28\/la-sucesion-del-poder-2\/","title":{"rendered":"La Sucesi\u00f3n del Poder \/ 2"},"content":{"rendered":"<p style=\"text-align: justify;\">La Carabina 24-30<br \/>\n\u00bb <strong>RICARDO<\/strong> |<strong> CASTILLO BARRIENTOS<\/strong><br \/>\n<em>) Facebook: @<a href=\"https:\/\/www.facebook.com\/ricardocastill01\" target=\"_blank\" rel=\"noopener\">Ricardo Castillo Barrientos<\/a><\/em><\/p>\n<p style=\"text-align: justify;\">Ya encarrerados con la Sucesi\u00f3n Presidencial, se constituy\u00f3 el Frente Amplio por M\u00e9xico (FAM), integrado por el PAN, PRI, PRD y algunas Organizaciones de la Sociedad Civil (OSC), con las controvertidas presencias del ex presidente Vicente Fox y el empresario Claudio X. Gonz\u00e1lez.<\/p>\n<p style=\"text-align: justify;\">A diferencia de su contraparte Morena, definieron un m\u00e9todo h\u00edbrido consistente en levantamiento de firmas, debates, encuestas y elecciones con simpatizantes de los 15 aspirantes que afinan sus estrategias para alzarse con el t\u00edtulo de \u201cResponsable Nacional del Frente Amplio por M\u00e9xico\u201d, mientras en Morena se elegir\u00e1 al \u201cCoordinador Nacional de la Defensa por la Transformaci\u00f3n\u201d, quienes ser\u00e1n los principales candidatos presidenciales, productos de las campa\u00f1as anticipadas que realizan al margen de la ley electoral.<\/p>\n<p style=\"text-align: justify;\">Con anterioridad se hab\u00eda anunciado la creaci\u00f3n del Consejo Electoral Ciudadano, bajo la coordinaci\u00f3n del ex presidente del IFE, Leonardo Vald\u00e9s Zurita, que qued\u00f3 disuelto por desacuerdos con los dirigentes de los partidos pol\u00edticos que modificaron las reglas del juego y prefirieron retirarse.<\/p>\n<p style=\"text-align: justify;\">Con ese traspi\u00e9s y las diversas dudas surgidas por el m\u00e9todo aprobado, han zarandeado las estrategias pol\u00edticas de los l\u00edderes opositores y aspirantes, complicando con ello, las acciones que desarrollar\u00e1n durante los pr\u00f3ximos dos meses para definir a su candidato a la presidencia de la Rep\u00fablica.<\/p>\n<p style=\"text-align: justify;\">En la casa de enfrente, las corcholatas de Morena, recorren el pa\u00eds con gran derroche de recursos, indispensables para realizar movilizaciones masivas que requieren transportes, alimentaci\u00f3n, templetes, sonidos, mobiliario, vallas, escenograf\u00eda de eventos, espectaculares, pinta de bardas, lonas, carteles, <em>flyers,<\/em> panfletos, etc.<\/p>\n<p style=\"text-align: justify;\">Con los cinco millones de pesos que les proporcion\u00f3 el Comit\u00e9 Nacional, excepto Ad\u00e1n Augusto, no les alcanz\u00f3 ni para las aguas, echando mano del erario p\u00fablico de gobiernos estatales, que tienen a sus candidatos favoritos. Da la impresi\u00f3n que el INE quedar\u00e1 como el \u201cchinito\u201d, \u201cnom\u00e1s milando\u201d; sin duda, asumir\u00e1 la misma posici\u00f3n con los aspirantes del Frente Amplio por M\u00e9xico, para no quedar mal con ninguno de los dos grandes bloques pol\u00edticos nacionales.<\/p>\n<p style=\"text-align: justify;\"><strong>EN CAMPA\u00d1A POR GUERRERO.-<\/strong> Por estos lares arribar\u00e1 hoy, la corcholata favorita del presidente L\u00f3pez Obrador, Claudia Sheinbaum, cuya estrategia publicitaria aparece siempre tomada de la mano del mandatario de la Naci\u00f3n, esparcida profusamente en toda la geograf\u00eda del pa\u00eds, por medio de pintas callejeras y publicaciones.<\/p>\n<p style=\"text-align: justify;\">A temprana hora la recibir\u00e1n en el Centro de Convenciones de Acapulco, donde seguramente percibir\u00e1 el malestar ciudadano por la construcci\u00f3n del hospital del ISSSTE, en esas ic\u00f3nicas instalaciones. Al mediod\u00eda le dar\u00e1n la bienvenida en Chilpancingo, bajo el ambiente enrarecido por el macabro hallazgo de cinco cabezas decapitadas y el desmembramiento de siete cuerpos.<\/p>\n<p style=\"text-align: justify;\">La cient\u00edfica Sheinbaum ser\u00e1 testigo del grave, ancestral y permanente problema que existe en la capital del estado: la escasez de agua. En cada campa\u00f1a presidencial los candidatos del PAN, PRI y Morena; se han comprometido a solucionarlo, quedando siempre en promesa de campa\u00f1a. La escasez del vital l\u00edquido permanece indefinidamente.<\/p>\n<p style=\"text-align: justify;\">Por la tarde, le dar\u00e1n gran recibimiento en la tamarindera ciudad de Iguala, donde los reclamos por la inseguridad ser\u00e1n inevitables. En estas circunstancias, Claudia Sheinbaum podr\u00e1 constatar el trabajo pol\u00edtico de proselitismo que coordina en la entidad, H\u00e9ctor Ulises Garc\u00eda Nieto y de sus principales aliados, senador F\u00e9lix Salgado y Adriana Rom\u00e1n.<br \/>\nLas dem\u00e1s corcholatas andan en chinga haciendo la roncha para llevar agua a su molino, que tanta falta hace en el estado de Guerrero.<\/p>\n<p style=\"text-align: justify;\">ENCUESTITIS.- La empresa de mercadotecnia \u201cCampaigns &amp; Elections Research M\u00e9xico\u201d, del 26 de junio, ofrece los siguientes resultados: Simpat\u00edas Partidistas: MORENA, 43%, PAN, 25%; PRI, 11%; MC, 4%; PRD,3%; VERDE,1%; PT1%.<\/p>\n<p style=\"text-align: justify;\">\u00bfCu\u00e1l le gusta para candidato a Presidente de la Rep\u00fablica?: Sheinbaum, 39%; Ebrard, 29%; Ad\u00e1n Augusto, 13%; Noro\u00f1a, 9%; Monreal, 5%; Velasco, 5%.<br \/>\nAspirantes de MC: Colosio, 53%; Samuel Garc\u00eda, 28%, Alfaro, 12%. No miden todav\u00eda a Ivonne Ortega.<\/p>\n<p style=\"text-align: justify;\">Frente Amplio por M\u00e9xico: Creel, 19%; Lilly T\u00e9llez, 15%; Ru\u00edz Massieu, 15%; Paredes, 9%; De la Madrid, 8%; Aureoles, 2%. No aparece Xochitl G\u00e1lvez, que viene empujando fuerte en la oposici\u00f3n.<\/p>\n<p style=\"text-align: justify;\">) S\u00edguenos en nuestra p\u00e1gina Facebook.com\/acapulcopress.news<br \/>\nhttps:\/\/www.facebook.com\/acapulcopress.news<\/p>\n","protected":false},"excerpt":{"rendered":"<p>La Carabina 24-30 \u00bb RICARDO | CASTILLO BARRIENTOS ) Facebook: @Ricardo Castillo Barrientos Ya encarrerados con la Sucesi\u00f3n Presidencial, se constituy\u00f3 el Frente Amplio por M\u00e9xico (FAM), integrado por el PAN, PRI, PRD y algunas Organizaciones de la Sociedad Civil (OSC), con las controvertidas presencias del ex presidente Vicente Fox y el empresario Claudio X&#8230;.<\/p>\n","protected":false},"author":2,"featured_media":1255044,"comment_status":"closed","ping_status":"closed","sticky":false,"template":"","format":"standard","meta":{"footnotes":""},"categories":[2071,1991],"tags":[11527,15575],"class_list":["post-1255043","post","type-post","status-publish","format-standard","has-post-thumbnail","hentry","category-opinion-analisis-columnas","category-libertad-de-expresion","tag-la-carabina-24-30","tag-ricardo-castillo-barrientos"],"_links":{"self":[{"href":"https:\/\/www.acapulcopress.com\/index.php\/wp-json\/wp\/v2\/posts\/1255043","targetHints":{"allow":["GET"]}}],"collection":[{"href":"https:\/\/www.acapulcopress.com\/index.php\/wp-json\/wp\/v2\/posts"}],"about":[{"href":"https:\/\/www.acapulcopress.com\/index.php\/wp-json\/wp\/v2\/types\/post"}],"author":[{"embeddable":true,"href":"https:\/\/www.acapulcopress.com\/index.php\/wp-json\/wp\/v2\/users\/2"}],"replies":[{"embeddable":true,"href":"https:\/\/www.acapulcopress.com\/index.php\/wp-json\/wp\/v2\/comments?post=1255043"}],"version-history":[{"count":0,"href":"https:\/\/www.acapulcopress.com\/index.php\/wp-json\/wp\/v2\/posts\/1255043\/revisions"}],"wp:featuredmedia":[{"embeddable":true,"href":"https:\/\/www.acapulcopress.com\/index.php\/wp-json\/"}],"wp:attachment":[{"href":"https:\/\/www.acapulcopress.com\/index.php\/wp-json\/wp\/v2\/media?parent=1255043"}],"wp:term":[{"taxonomy":"category","embeddable":true,"href":"https:\/\/www.acapulcopress.com\/index.php\/wp-json\/wp\/v2\/categories?post=1255043"},{"taxonomy":"post_tag","embeddable":true,"href":"https:\/\/www.acapulcopress.com\/index.php\/wp-json\/wp\/v2\/tags?post=1255043"}],"curies":[{"name":"wp","href":"https:\/\/api.w.org\/{rel}","templated":true}]}}