{"id":1255047,"date":"2023-06-28T21:21:42","date_gmt":"2023-06-29T03:21:42","guid":{"rendered":"https:\/\/www.acapulcopress.com\/?p=1255047"},"modified":"2023-06-28T21:21:42","modified_gmt":"2023-06-29T03:21:42","slug":"sostuvo-gobernadora-evelyn-salgado-reunion-de-trabajo-con-luisa-alcalde-titular-de-segob","status":"publish","type":"post","link":"https:\/\/www.acapulcopress.com\/index.php\/2023\/06\/28\/sostuvo-gobernadora-evelyn-salgado-reunion-de-trabajo-con-luisa-alcalde-titular-de-segob\/","title":{"rendered":"Sostuvo Gobernadora Evelyn Salgado reuni\u00f3n de trabajo con Luisa Alcalde, titular de Segob"},"content":{"rendered":"<p style=\"text-align: justify;\">CIUDAD DE M\u00c9XICO * 28 de junio de 2023.<br \/>\n<em>) Gobierno de Guerrero<\/em><br \/>\n<img loading=\"lazy\" decoding=\"async\" class=\"alignleft size-medium wp-image-1255048\" src=\"https:\/\/www.acapulcopress.com\/wp-content\/uploads\/2023\/06\/EVELYN.SEGOB_-375x563.jpg\" alt=\"\" width=\"375\" height=\"563\" \/>En su gira de trabajo por la Ciudad de M\u00e9xico, la gobernadora <a href=\"https:\/\/www.facebook.com\/EvelynSalgadoP\" target=\"_blank\" rel=\"noopener\">Evelyn Salgado Pineda<\/a> sostuvo una reuni\u00f3n de trabajo con la secretaria de Gobernaci\u00f3n, <a href=\"https:\/\/www.facebook.com\/LuisaMariaAlcalde\" target=\"_blank\" rel=\"noopener\">Luisa Mar\u00eda Alcalde Luj\u00e1n<\/a>, con quien abord\u00f3 diversas gestiones y temas relevantes para el estado a fin de reforzar la estrecha coordinaci\u00f3n con el Gobierno de M\u00e9xico y continuar el avance de la transformaci\u00f3n de Guerrero.<\/p>\n<p><em>) S\u00edguenos en nuestra p\u00e1gina Facebook.com\/<a href=\"https:\/\/www.facebook.com\/acapulcopress.news\" target=\"_blank\" rel=\"noopener\">acapulcopress.news<\/a><\/em><\/p>\n","protected":false},"excerpt":{"rendered":"<p>CIUDAD DE M\u00c9XICO * 28 de junio de 2023. ) Gobierno de Guerrero En su gira de trabajo por la Ciudad de M\u00e9xico, la gobernadora Evelyn Salgado Pineda sostuvo una reuni\u00f3n de trabajo con la secretaria de Gobernaci\u00f3n, Luisa Mar\u00eda Alcalde Luj\u00e1n, con quien abord\u00f3 diversas gestiones y temas relevantes para el estado a fin&#8230;<\/p>\n","protected":false},"author":2,"featured_media":1255049,"comment_status":"closed","ping_status":"closed","sticky":false,"template":"","format":"standard","meta":{"footnotes":""},"categories":[1983,18561],"tags":[8251,12224],"class_list":["post-1255047","post","type-post","status-publish","format-standard","has-post-thumbnail","hentry","category-guerrerogob","category-society-politics","tag-evelyn-salgado-pineda","tag-luisa-maria-alcalde-lujan"],"_links":{"self":[{"href":"https:\/\/www.acapulcopress.com\/index.php\/wp-json\/wp\/v2\/posts\/1255047","targetHints":{"allow":["GET"]}}],"collection":[{"href":"https:\/\/www.acapulcopress.com\/index.php\/wp-json\/wp\/v2\/posts"}],"about":[{"href":"https:\/\/www.acapulcopress.com\/index.php\/wp-json\/wp\/v2\/types\/post"}],"author":[{"embeddable":true,"href":"https:\/\/www.acapulcopress.com\/index.php\/wp-json\/wp\/v2\/users\/2"}],"replies":[{"embeddable":true,"href":"https:\/\/www.acapulcopress.com\/index.php\/wp-json\/wp\/v2\/comments?post=1255047"}],"version-history":[{"count":0,"href":"https:\/\/www.acapulcopress.com\/index.php\/wp-json\/wp\/v2\/posts\/1255047\/revisions"}],"wp:featuredmedia":[{"embeddable":true,"href":"https:\/\/www.acapulcopress.com\/index.php\/wp-json\/"}],"wp:attachment":[{"href":"https:\/\/www.acapulcopress.com\/index.php\/wp-json\/wp\/v2\/media?parent=1255047"}],"wp:term":[{"taxonomy":"category","embeddable":true,"href":"https:\/\/www.acapulcopress.com\/index.php\/wp-json\/wp\/v2\/categories?post=1255047"},{"taxonomy":"post_tag","embeddable":true,"href":"https:\/\/www.acapulcopress.com\/index.php\/wp-json\/wp\/v2\/tags?post=1255047"}],"curies":[{"name":"wp","href":"https:\/\/api.w.org\/{rel}","templated":true}]}}