{"id":1255051,"date":"2023-06-28T21:34:39","date_gmt":"2023-06-29T03:34:39","guid":{"rendered":"https:\/\/www.acapulcopress.com\/?p=1255051"},"modified":"2023-06-28T21:34:39","modified_gmt":"2023-06-29T03:34:39","slug":"adrian-se-intensifico-a-huracan-categoria-1-proteccion-civil-extiende-alerta-por-96-horas","status":"publish","type":"post","link":"https:\/\/www.acapulcopress.com\/index.php\/2023\/06\/28\/adrian-se-intensifico-a-huracan-categoria-1-proteccion-civil-extiende-alerta-por-96-horas\/","title":{"rendered":"\u00abAdri\u00e1n\u00bb se intensific\u00f3 a hurac\u00e1n categor\u00eda 1; Protecci\u00f3n Civil extiende alerta por 96 horas"},"content":{"rendered":"<p style=\"text-align: justify;\">CHILPANCINGO * 28 de junio de 2023.<br \/>\n<em>) Gobierno de Guerrero<br \/>\n<\/em>Esta tarde, la Tormenta Tropical \u201cAdri\u00e1n\u201d se intensific\u00f3 a hurac\u00e1n categor\u00eda uno, ubic\u00e1ndose a 575 kil\u00f3metros al suroeste de Manzanillo, Colima, presentando vientos m\u00e1ximos sostenidos de 120 kil\u00f3metros por hora, continuando su desplazamiento hacia el oeste a 13 kil\u00f3metros por hora.<\/p>\n<p style=\"text-align: justify;\">Su circulaci\u00f3n nubosa, aportar\u00e1 humedad hacia los estados del occidente y sur del pa\u00eds, favoreciendo el potencial de lluvias puntuales muy fuertes en los estados de Jalisco, Colima, Michoac\u00e1n y Guerrero, as\u00ed como rachas de viento y oleaje elevado.<\/p>\n<p style=\"text-align: justify;\">Tambi\u00e9n, se mantiene en vigilancia la Zona de Baja Presi\u00f3n al sur del estado de Oaxaca, que se mantiene a 70 por ciento de probabilidad para desarrollo cicl\u00f3nico en 48 horas, localiz\u00e1ndose a 515 km al sur de Puerto \u00c1ngel, Oaxaca, con desplazamiento hacia el oeste-noroeste a una velocidad entre 16 a 24 kil\u00f3metros por hora.<\/p>\n<p>El gobierno del estado a trav\u00e9s de la Secretar\u00eda de Gesti\u00f3n Integral de Riesgos y Protecci\u00f3n Civil, extiende el aviso preventivo para las pr\u00f3ximas 96 horas, ante el pron\u00f3stico de lluvias intensas a puntuales torrenciales, rachas de viento fuerte, actividad el\u00e9ctrica y posible ca\u00edda de granizo en las partes altas.<\/p>\n<p style=\"text-align: justify;\">A los gobiernos municipales, se les recomienda permanecer atentos a la informaci\u00f3n meteorol\u00f3gica sobre el seguimiento de ambos sistemas, as\u00ed como revisar y en su caso activar sus protocolos en materia de Protecci\u00f3n Civil y reforzar el alertamiento preventivo para\u00a0la\u00a0poblaci\u00f3n.<\/p>\n<p style=\"text-align: justify;\"><em>) S\u00edguenos en nuestra p\u00e1gina Facebook.com\/<a href=\"https:\/\/www.facebook.com\/acapulcopress.news\" target=\"_blank\" rel=\"noopener\">acapulcopress.news<\/a><\/em><\/p>\n","protected":false},"excerpt":{"rendered":"<p>CHILPANCINGO * 28 de junio de 2023. ) Gobierno de Guerrero Esta tarde, la Tormenta Tropical \u201cAdri\u00e1n\u201d se intensific\u00f3 a hurac\u00e1n categor\u00eda uno, ubic\u00e1ndose a 575 kil\u00f3metros al suroeste de Manzanillo, Colima, presentando vientos m\u00e1ximos sostenidos de 120 kil\u00f3metros por hora, continuando su desplazamiento hacia el oeste a 13 kil\u00f3metros por hora. Su circulaci\u00f3n nubosa,&#8230;<\/p>\n","protected":false},"author":2,"featured_media":1255052,"comment_status":"closed","ping_status":"closed","sticky":false,"template":"","format":"standard","meta":{"footnotes":""},"categories":[2036,1969,1972],"tags":[17298],"class_list":["post-1255051","post","type-post","status-publish","format-standard","has-post-thumbnail","hentry","category-el-clima","category-trending","category-special","tag-tormenta-tropical-adrian"],"_links":{"self":[{"href":"https:\/\/www.acapulcopress.com\/index.php\/wp-json\/wp\/v2\/posts\/1255051","targetHints":{"allow":["GET"]}}],"collection":[{"href":"https:\/\/www.acapulcopress.com\/index.php\/wp-json\/wp\/v2\/posts"}],"about":[{"href":"https:\/\/www.acapulcopress.com\/index.php\/wp-json\/wp\/v2\/types\/post"}],"author":[{"embeddable":true,"href":"https:\/\/www.acapulcopress.com\/index.php\/wp-json\/wp\/v2\/users\/2"}],"replies":[{"embeddable":true,"href":"https:\/\/www.acapulcopress.com\/index.php\/wp-json\/wp\/v2\/comments?post=1255051"}],"version-history":[{"count":0,"href":"https:\/\/www.acapulcopress.com\/index.php\/wp-json\/wp\/v2\/posts\/1255051\/revisions"}],"wp:featuredmedia":[{"embeddable":true,"href":"https:\/\/www.acapulcopress.com\/index.php\/wp-json\/"}],"wp:attachment":[{"href":"https:\/\/www.acapulcopress.com\/index.php\/wp-json\/wp\/v2\/media?parent=1255051"}],"wp:term":[{"taxonomy":"category","embeddable":true,"href":"https:\/\/www.acapulcopress.com\/index.php\/wp-json\/wp\/v2\/categories?post=1255051"},{"taxonomy":"post_tag","embeddable":true,"href":"https:\/\/www.acapulcopress.com\/index.php\/wp-json\/wp\/v2\/tags?post=1255051"}],"curies":[{"name":"wp","href":"https:\/\/api.w.org\/{rel}","templated":true}]}}