{"id":1255061,"date":"2023-07-03T19:46:12","date_gmt":"2023-07-04T01:46:12","guid":{"rendered":"https:\/\/www.acapulcopress.com\/?p=1255061"},"modified":"2023-07-03T19:46:12","modified_gmt":"2023-07-04T01:46:12","slug":"hospital-del-issste-de-alta-especialidad-una-realidad-presentan-gobernadora-y-sectur-el-proyecto-oficial","status":"publish","type":"post","link":"https:\/\/www.acapulcopress.com\/index.php\/2023\/07\/03\/hospital-del-issste-de-alta-especialidad-una-realidad-presentan-gobernadora-y-sectur-el-proyecto-oficial\/","title":{"rendered":"Hospital del ISSSTE de Alta Especialidad, una realidad; presentan Gobernadora y Sectur el proyecto oficial"},"content":{"rendered":"<p style=\"text-align: justify;\"><em>* El secretario de Turismo, y la gobernadora de Guerrero, Evelyn Salgado Pineda, informaron que el proyecto incluye la construcci\u00f3n del nuevo Hospital de Alta Especialidad del ISSSTE. <\/em><br \/>\n<strong><em>* Torruco Marqu\u00e9s destac\u00f3 que con este proyecto se atiende un reclamo de muchos a\u00f1os, que empresarios, inversionistas y prestadores de servicios tur\u00edsticos han externado, para poner en funcionamiento el Centro Internacional Acapulco.<\/em><\/strong><br \/>\n<em>* Salgado Pineda asegur\u00f3 que el hospital de 36 especialidades permitir\u00e1 la atenci\u00f3n integral de la poblaci\u00f3n no s\u00f3lo de Acapulco, sino tambi\u00e9n de las distintas regiones de Guerrero e incluso, de Oaxaca.<\/em><br \/>\n<strong><em>* Alcaldesa de Acapulco, Abelina L\u00f3pez Rodr\u00edguez, reconoce el trabajo conjunto entre los tres \u00f3rdenes de gobierno, para materializar esta obra que beneficia a la salud de la poblaci\u00f3n y fortalece el sector tur\u00edstico del destino.<br \/>\n<\/em><\/strong><\/p>\n<div class=\"x11i5rnm xat24cr x1mh8g0r x1vvkbs xtlvy1s x126k92a\" style=\"text-align: justify;\">\n<div dir=\"auto\">\n<div style=\"width: 848px;\" class=\"wp-video\"><video class=\"wp-video-shortcode\" id=\"video-1255061-1\" width=\"848\" height=\"480\" preload=\"metadata\" controls=\"controls\"><source type=\"video\/mp4\" src=\"https:\/\/www.acapulcopress.com\/wp-content\/uploads\/2023\/07\/CIA-ISSSTE.mp4?_=1\" \/><a href=\"https:\/\/www.acapulcopress.com\/wp-content\/uploads\/2023\/07\/CIA-ISSSTE.mp4\">https:\/\/www.acapulcopress.com\/wp-content\/uploads\/2023\/07\/CIA-ISSSTE.mp4<\/a><\/video><\/div>\n<p>ACAPULCO * 3 de julio de 2023.<\/p><\/div>\n<div dir=\"auto\"><em>) Gobierno de Guerrero<\/em><\/div>\n<div dir=\"auto\">El titular de la <a class=\"x1i10hfl xjbqb8w x6umtig x1b1mbwd xaqea5y xav7gou x9f619 x1ypdohk xt0psk2 xe8uvvx xdj266r x11i5rnm xat24cr x1mh8g0r xexx8yu x4uap5 x18d9i69 xkhd6sd x16tdsg8 x1hl2dhg xggy1nq x1a2a7pz xt0b8zv x1qq9wsj xo1l8bm\" tabindex=\"0\" role=\"link\" href=\"https:\/\/www.facebook.com\/SECTUR.MX?__cft__[0]=AZWQi6eT3Wf51pjyNyx3BYUWqjOZjG4qQy7WxwOmOUlgrK3i9SUWSGAfvUU3yQodPkiTr3zkhZP7Hku0e5NM6A23lbCFr_2WaGPE2IENUgrmNg5FzRLNnv3kIN7jn6OOCuIaYx0-npF4CTgd1Qr6zXMB&amp;__tn__=-]K-R\" target=\"_blank\" rel=\"noopener\"><span class=\"xt0psk2\">Secretar\u00eda de Turismo de M\u00e9xico<\/span><\/a>, Miguel Torruco Marqu\u00e9s, y la gobernadora de Guerrero, <a class=\"x1i10hfl xjbqb8w x6umtig x1b1mbwd xaqea5y xav7gou x9f619 x1ypdohk xt0psk2 xe8uvvx xdj266r x11i5rnm xat24cr x1mh8g0r xexx8yu x4uap5 x18d9i69 xkhd6sd x16tdsg8 x1hl2dhg xggy1nq x1a2a7pz xt0b8zv x1qq9wsj xo1l8bm\" tabindex=\"0\" role=\"link\" href=\"https:\/\/www.facebook.com\/EvelynSalgadoP?__cft__[0]=AZWQi6eT3Wf51pjyNyx3BYUWqjOZjG4qQy7WxwOmOUlgrK3i9SUWSGAfvUU3yQodPkiTr3zkhZP7Hku0e5NM6A23lbCFr_2WaGPE2IENUgrmNg5FzRLNnv3kIN7jn6OOCuIaYx0-npF4CTgd1Qr6zXMB&amp;__tn__=-]K-R\" target=\"_blank\" rel=\"noopener\"><span class=\"xt0psk2\">Evelyn Salgado Pineda<\/span><\/a>, encabezaron la presentaci\u00f3n del Proyecto de Modernizaci\u00f3n del Centro Internacional Acapulco que incluye la construcci\u00f3n del nuevo <img loading=\"lazy\" decoding=\"async\" class=\"alignleft size-medium wp-image-1255067\" src=\"https:\/\/www.acapulcopress.com\/wp-content\/uploads\/2023\/07\/PROYECTO-HOSPITAL-CIA5-375x563.jpg\" alt=\"\" width=\"375\" height=\"563\" \/>Hospital de Alta Especialidad del ISSSTE con el prop\u00f3sito de fortalecer al sector tur\u00edstico y el acceso a la salud de la poblaci\u00f3n.<\/p>\n<\/div>\n<\/div>\n<div class=\"x11i5rnm xat24cr x1mh8g0r x1vvkbs xtlvy1s x126k92a\" style=\"text-align: justify;\">\n<div dir=\"auto\">Acompa\u00f1ado del director general del <a class=\"x1i10hfl xjbqb8w x6umtig x1b1mbwd xaqea5y xav7gou x9f619 x1ypdohk xt0psk2 xe8uvvx xdj266r x11i5rnm xat24cr x1mh8g0r xexx8yu x4uap5 x18d9i69 xkhd6sd x16tdsg8 x1hl2dhg xggy1nq x1a2a7pz xt0b8zv x1qq9wsj xo1l8bm\" tabindex=\"0\" role=\"link\" href=\"https:\/\/www.facebook.com\/ISSSTE.MX?__cft__[0]=AZWQi6eT3Wf51pjyNyx3BYUWqjOZjG4qQy7WxwOmOUlgrK3i9SUWSGAfvUU3yQodPkiTr3zkhZP7Hku0e5NM6A23lbCFr_2WaGPE2IENUgrmNg5FzRLNnv3kIN7jn6OOCuIaYx0-npF4CTgd1Qr6zXMB&amp;__tn__=-]K-R\" target=\"_blank\" rel=\"noopener\"><span class=\"xt0psk2\">ISSSTE<\/span><\/a>, <a class=\"x1i10hfl xjbqb8w x6umtig x1b1mbwd xaqea5y xav7gou x9f619 x1ypdohk xt0psk2 xe8uvvx xdj266r x11i5rnm xat24cr x1mh8g0r xexx8yu x4uap5 x18d9i69 xkhd6sd x16tdsg8 x1hl2dhg xggy1nq x1a2a7pz xt0b8zv x1qq9wsj xo1l8bm\" tabindex=\"0\" role=\"link\" href=\"https:\/\/www.facebook.com\/drpedrozenteno?__cft__[0]=AZWQi6eT3Wf51pjyNyx3BYUWqjOZjG4qQy7WxwOmOUlgrK3i9SUWSGAfvUU3yQodPkiTr3zkhZP7Hku0e5NM6A23lbCFr_2WaGPE2IENUgrmNg5FzRLNnv3kIN7jn6OOCuIaYx0-npF4CTgd1Qr6zXMB&amp;__tn__=-]K-R\" target=\"_blank\" rel=\"noopener\"><span class=\"xt0psk2\">Pedro Zenteno Santaella<\/span><\/a>; del director general de la <a class=\"x1i10hfl xjbqb8w x6umtig x1b1mbwd xaqea5y xav7gou x9f619 x1ypdohk xt0psk2 xe8uvvx xdj266r x11i5rnm xat24cr x1mh8g0r xexx8yu x4uap5 x18d9i69 xkhd6sd x16tdsg8 x1hl2dhg xggy1nq x1a2a7pz xt0b8zv x1qq9wsj xo1l8bm\" tabindex=\"0\" role=\"link\" href=\"https:\/\/www.facebook.com\/conaguamx?__cft__[0]=AZWQi6eT3Wf51pjyNyx3BYUWqjOZjG4qQy7WxwOmOUlgrK3i9SUWSGAfvUU3yQodPkiTr3zkhZP7Hku0e5NM6A23lbCFr_2WaGPE2IENUgrmNg5FzRLNnv3kIN7jn6OOCuIaYx0-npF4CTgd1Qr6zXMB&amp;__tn__=-]K-R\" target=\"_blank\" rel=\"noopener\"><span class=\"xt0psk2\">Conagua Comisi\u00f3n Nacional del Agua-SMNmx<\/span><\/a>, Germ\u00e1n Mart\u00ednez Santoyo, y la alcaldesa de Acapulco, Abelina L\u00f3pez Rodr\u00edguez; el titular de la Secretar\u00eda de Turismo (Sectur), dio a conocer que en cumplimiento a la instrucci\u00f3n del presidente <a class=\"x1i10hfl xjbqb8w x6umtig x1b1mbwd xaqea5y xav7gou x9f619 x1ypdohk xt0psk2 xe8uvvx xdj266r x11i5rnm xat24cr x1mh8g0r xexx8yu x4uap5 x18d9i69 xkhd6sd x16tdsg8 x1hl2dhg xggy1nq x1a2a7pz xt0b8zv x1qq9wsj xo1l8bm\" tabindex=\"0\" role=\"link\" href=\"https:\/\/www.facebook.com\/lopezobrador.org.mx?__cft__[0]=AZWQi6eT3Wf51pjyNyx3BYUWqjOZjG4qQy7WxwOmOUlgrK3i9SUWSGAfvUU3yQodPkiTr3zkhZP7Hku0e5NM6A23lbCFr_2WaGPE2IENUgrmNg5FzRLNnv3kIN7jn6OOCuIaYx0-npF4CTgd1Qr6zXMB&amp;__tn__=-]K-R\" target=\"_blank\" rel=\"noopener\"><span class=\"xt0psk2\">Andr\u00e9s Manuel L\u00f3pez Obrador<\/span><\/a>, se construye en este espacio el hospital m\u00e1s importante de especialidades en Acapulco, y a la vez, resurgir\u00e1 el Centro Internacional de Convenciones, espacio qu<img loading=\"lazy\" decoding=\"async\" class=\"alignleft size-medium wp-image-1255066\" src=\"https:\/\/www.acapulcopress.com\/wp-content\/uploads\/2023\/07\/PROYECTO-HOSPITAL-CIA4-375x250.jpg\" alt=\"\" width=\"375\" height=\"250\" \/>e surgi\u00f3 en 1973 y fue sede del primer Tianguis Tur\u00edstico, sin embargo, desde hace m\u00e1s de 15 a\u00f1os ha permanecido cerrado de manera intermitente.<\/p>\n<\/div>\n<\/div>\n<div class=\"x11i5rnm xat24cr x1mh8g0r x1vvkbs xtlvy1s x126k92a\" style=\"text-align: justify;\">\n<div dir=\"auto\">Indic\u00f3 que el proyecto atiende 135 mil 720 metros cuadrados del inmueble, el cual se dividir\u00e1 en dos partes: la mitad del terreno est\u00e1 destinado al turismo de reuniones y convenciones, zonas recreativas, culturales y de esparcimiento, que integrar\u00e1n el edificio central, el teatro Juan Ruiz de Alarc\u00f3n y el teatro al aire libre \u201cNezahualc\u00f3yotl\u201d que <img loading=\"lazy\" decoding=\"async\" class=\"alignleft size-medium wp-image-1255063\" src=\"https:\/\/www.acapulcopress.com\/wp-content\/uploads\/2023\/07\/PROYECTO-HOSPITAL-CIA-375x250.jpg\" alt=\"\" width=\"375\" height=\"250\" \/>corresponden al 70% de edificaciones existentes, mismas que ser\u00e1n rehabilitados y modernizados.<\/p>\n<\/div>\n<\/div>\n<div class=\"x11i5rnm xat24cr x1mh8g0r x1vvkbs xtlvy1s x126k92a\" style=\"text-align: justify;\">\n<div dir=\"auto\">El secretario de Turismo se\u00f1al\u00f3 que este proyecto ofrecer\u00e1 tres parques diferentes para el desarrollo de actividades recreativas: el primero exclusivo para ni\u00f1os con juegos infantiles de la m\u00e1s alta calidad, el segundo para moto patines y patinetas, y el tercero un parque s\u00f3lo para mascotas.<\/p>\n<\/div>\n<\/div>\n<div class=\"x11i5rnm xat24cr x1mh8g0r x1vvkbs xtlvy1s x126k92a\" style=\"text-align: justify;\">\n<div dir=\"auto\">Con este proyecto se atiende un reclamo de muchos a\u00f1os, que empresarios, inversionistas y prestadores de servicios tur\u00edsticos han externado, para poner en funcionamiento el Centro Internacional Acapulco ahora con un enfoque que responde las necesidades del mercado actual y que lo hace de puertas abiertas para compartirlo con el pueblo.<\/p>\n<\/div>\n<\/div>\n<div class=\"x11i5rnm xat24cr x1mh8g0r x1vvkbs xtlvy1s x126k92a\" style=\"text-align: justify;\">\n<div dir=\"auto\">\u201cPara que un proyecto tenga viabilidad, debe ser sustentable y cumplir con tres premisas fundamentales: ser autofinanciable, cuidar la protecci\u00f3n del medio ambiente y preservar la identidad hist\u00f3rica y cultural. Bajo ese principio podemos resumir que este proyecto cumple con esos preceptos, en beneficio de toda la poblaci\u00f3n\u201d, concluy\u00f3 Torruco Marqu\u00e9s.<\/p>\n<\/div>\n<\/div>\n<div class=\"x11i5rnm xat24cr x1mh8g0r x1vvkbs xtlvy1s x126k92a\" style=\"text-align: justify;\">\n<div dir=\"auto\">En tanto, la segunda parte del proyecto har\u00e1 uso del 50 por ciento restante del terreno para darle la bienvenida al nuevo Hospital de Alta Especialidad del ISSSTE, con 250 camas, una edificaci\u00f3n de 34 mil m\u00b2, es decir una cuarta parte del total, y que beneficiar\u00e1 a m\u00e1s de 630 mil derechohabientes de las ocho regiones del Guerrero, as\u00ed como de la costa de Oaxaca, con una oferta de salud de 36 especialidades.<\/p>\n<\/div>\n<\/div>\n<div class=\"x11i5rnm xat24cr x1mh8g0r x1vvkbs xtlvy1s x126k92a\" style=\"text-align: justify;\">\n<div dir=\"auto\">La gobernadora de Guerrero, Evelyn Salgado Pineda, expres\u00f3 su benepl\u00e1cito con la consolidaci\u00f3n de esta acci\u00f3n que permitir\u00e1 la atenci\u00f3n integral de la poblaci\u00f3n no s\u00f3lo de Acapulco, sino tambi\u00e9n de las distintas regiones e incluso, de estados hermanos como Oaxaca.<\/p>\n<\/div>\n<\/div>\n<div class=\"x11i5rnm xat24cr x1mh8g0r x1vvkbs xtlvy1s x126k92a\" style=\"text-align: justify;\">\n<div dir=\"auto\">\u00abUstedes ya lo vieron ah\u00ed, con el proyecto del hospital de tercer nivel, que va a utilizar parte del predio que pertenece al Centro de Convenciones, vamos a aprovechar el resto del espacio, que son m\u00e1s de 65 mil metros cuadrados para la reconstrucci\u00f3n de un espacio que sin duda, va a ser la punta de lanza del turismo de Guerrero\u00bb, a\u00f1adi\u00f3.<\/p>\n<p>En su oportunidad, el director general del ISSSTE, Pedro Zenteno Santaella, afirm\u00f3 que este hospital ser\u00e1 abierto a toda la poblaci\u00f3n, y entre las especialidades que atender\u00e1 est\u00e1n: oncolog\u00eda m\u00e9dica y quir\u00fargica, hematolog\u00eda y geriatr\u00eda, por mencionar algunas.<\/p><\/div>\n<\/div>\n<div class=\"x11i5rnm xat24cr x1mh8g0r x1vvkbs xtlvy1s x126k92a\" style=\"text-align: justify;\">\n<div dir=\"auto\">Por su parte, el director de Conagua, Germ\u00e1n Mart\u00ednez Santoyo, puntualiz\u00f3 que el hospital contar\u00e1 con una planta de tratamiento de aguas residuales con una capacidad de 130 m\u00b3 por d\u00eda utilizando 80% del agua para servicios sanitarios.<\/p>\n<\/div>\n<\/div>\n<div class=\"x11i5rnm xat24cr x1mh8g0r x1vvkbs xtlvy1s x126k92a\" style=\"text-align: justify;\">\n<div dir=\"auto\">La alcaldesa de Acapulco, <a class=\"x1i10hfl xjbqb8w x6umtig x1b1mbwd xaqea5y xav7gou x9f619 x1ypdohk xt0psk2 xe8uvvx xdj266r x11i5rnm xat24cr x1mh8g0r xexx8yu x4uap5 x18d9i69 xkhd6sd x16tdsg8 x1hl2dhg xggy1nq x1a2a7pz xt0b8zv x1qq9wsj xo1l8bm\" tabindex=\"0\" role=\"link\" href=\"https:\/\/www.facebook.com\/AbelinaLopezR?__cft__[0]=AZWQi6eT3Wf51pjyNyx3BYUWqjOZjG4qQy7WxwOmOUlgrK3i9SUWSGAfvUU3yQodPkiTr3zkhZP7Hku0e5NM6A23lbCFr_2WaGPE2IENUgrmNg5FzRLNnv3kIN7jn6OOCuIaYx0-npF4CTgd1Qr6zXMB&amp;__tn__=-]K-R\" target=\"_blank\" rel=\"noopener\"><span class=\"xt0psk2\">Abelina L\u00f3pez Rodr\u00edguez<\/span><\/a>, reconoci\u00f3 el trabajo conjunto entre los tres \u00f3rdenes de gobierno, para materializar esta obra que beneficia a la salud de la poblaci\u00f3n y fortalece el sector tur\u00edstico del destino.<\/p>\n<\/div>\n<\/div>\n<div class=\"x11i5rnm xat24cr x1mh8g0r x1vvkbs xtlvy1s x126k92a\" style=\"text-align: justify;\"><\/div>\n<p style=\"text-align: justify;\"><img loading=\"lazy\" decoding=\"async\" class=\"alignnone wp-image-1255068 size-large\" src=\"https:\/\/www.acapulcopress.com\/wp-content\/uploads\/2023\/07\/PROYECTO-HOSPITAL-CIA6-840x559.jpg\" alt=\"\" width=\"696\" height=\"463\" \/><\/p>\n<p>) S\u00edguenos en nuestra p\u00e1gina <a class=\"x1fey0fg xmper1u x1edh9d7\" href=\"Facebook.com\/acapulcopress.news\">Facebook.com\/acapulcopress.news<\/a><\/p>\n","protected":false},"excerpt":{"rendered":"<p>* El secretario de Turismo, y la gobernadora de Guerrero, Evelyn Salgado Pineda, informaron que el proyecto incluye la construcci\u00f3n del nuevo Hospital de Alta Especialidad del ISSSTE. * Torruco Marqu\u00e9s destac\u00f3 que con este proyecto se atiende un reclamo de muchos a\u00f1os, que empresarios, inversionistas y prestadores de servicios tur\u00edsticos han externado, para poner&#8230;<\/p>\n","protected":false},"author":2,"featured_media":1255065,"comment_status":"closed","ping_status":"closed","sticky":false,"template":"","format":"standard","meta":{"footnotes":""},"categories":[1972,1983,18561],"tags":[3896,8251,9182,10475,13142,14442,16294,16295],"class_list":["post-1255061","post","type-post","status-publish","format-standard","has-post-thumbnail","hentry","category-special","category-guerrerogob","category-society-politics","tag-andres-manuel-lopez-obrador","tag-evelyn-salgado-pineda","tag-german-martinez-santoyo","tag-issste","tag-miguel-torruco-marques","tag-pedro-zenteno-santaella","tag-secretaria-de-turismo-de-mexico","tag-secretaria-de-turismo-de-mexico-sectur"],"_links":{"self":[{"href":"https:\/\/www.acapulcopress.com\/index.php\/wp-json\/wp\/v2\/posts\/1255061","targetHints":{"allow":["GET"]}}],"collection":[{"href":"https:\/\/www.acapulcopress.com\/index.php\/wp-json\/wp\/v2\/posts"}],"about":[{"href":"https:\/\/www.acapulcopress.com\/index.php\/wp-json\/wp\/v2\/types\/post"}],"author":[{"embeddable":true,"href":"https:\/\/www.acapulcopress.com\/index.php\/wp-json\/wp\/v2\/users\/2"}],"replies":[{"embeddable":true,"href":"https:\/\/www.acapulcopress.com\/index.php\/wp-json\/wp\/v2\/comments?post=1255061"}],"version-history":[{"count":0,"href":"https:\/\/www.acapulcopress.com\/index.php\/wp-json\/wp\/v2\/posts\/1255061\/revisions"}],"wp:featuredmedia":[{"embeddable":true,"href":"https:\/\/www.acapulcopress.com\/index.php\/wp-json\/"}],"wp:attachment":[{"href":"https:\/\/www.acapulcopress.com\/index.php\/wp-json\/wp\/v2\/media?parent=1255061"}],"wp:term":[{"taxonomy":"category","embeddable":true,"href":"https:\/\/www.acapulcopress.com\/index.php\/wp-json\/wp\/v2\/categories?post=1255061"},{"taxonomy":"post_tag","embeddable":true,"href":"https:\/\/www.acapulcopress.com\/index.php\/wp-json\/wp\/v2\/tags?post=1255061"}],"curies":[{"name":"wp","href":"https:\/\/api.w.org\/{rel}","templated":true}]}}