{"id":1255090,"date":"2023-07-04T15:48:13","date_gmt":"2023-07-04T21:48:13","guid":{"rendered":"https:\/\/www.acapulcopress.com\/?p=1255090"},"modified":"2023-07-04T15:48:13","modified_gmt":"2023-07-04T21:48:13","slug":"grupo-de-civiles-se-arman-en-chiapas-para-defenderse-de-criminales","status":"publish","type":"post","link":"https:\/\/www.acapulcopress.com\/index.php\/2023\/07\/04\/grupo-de-civiles-se-arman-en-chiapas-para-defenderse-de-criminales\/","title":{"rendered":"Grupo de civiles se arman en Chiapas para defenderse de criminales"},"content":{"rendered":"<div class=\"elementor-widget-container\">\n<p style=\"text-align: justify;\">PANTELH\u00d3 * 4 de julio de 2023.<br \/>\n<em>) <a href=\"https:\/\/latinus.us\/2023\/07\/04\/surge-en-chiapas-nuevo-grupo-de-autodefensa-para-enfrentar-a-la-agrupacion-el-machete\/\" target=\"_blank\" rel=\"noopener\">LatinUs<\/a><br \/>\n<\/em>A trav\u00e9s de un video difundido en diversas redes sociales y grupos de Whatsapp se ha dado a conocer la conformaci\u00f3n de un nuevo grupo de autodefensas en el municipio de Pantelh\u00f3, Chiapas. Autodefensas enfretentar\u00e1n a grupo armado de Chiapas.<\/p>\n<p style=\"text-align: justify;\">El grupo, que se hace llamar \u201cEj\u00e9rcito civil del pueblo ind\u00edgena de Pantelh\u00f3\u201c, surgi\u00f3 como respuesta a los atropellos que se atribuye a miembros del grupo armado denominado \u201cEl Machete\u201d. En el video se puede observar a individuos con pasamonta\u00f1as, vestimenta tipo militar que portan armas de uso exclusivo del Ej\u00e9rcito, quienes se identifican como parte de esta nueva agrupaci\u00f3n de autodefensas.<\/p>\n<p style=\"text-align: justify;\">Desde que el grupo armado \u2018El Machete\u2019 tom\u00f3 el control del municipio en junio del 2021, tras la salida y renuncia del alcalde Raquel Trujillo, los pobladores los acusan de pertenecer a un grupo del crimen organizado y de ser responsables de diversos actos de violencia, muertes y desapariciones en la regi\u00f3n.<\/p>\n<p style=\"text-align: justify;\">Los pobladores de la zona se\u00f1alan que este grupo promovi\u00f3 la creaci\u00f3n de un Concejo Municipal, que presuntamente recibe \u00f3rdenes y directrices por parte del mencionado grupo armado.<\/p>\n<p style=\"text-align: justify;\">En medio del clima de inseguridad y temor que ha prevalecido en el municipio, el reci\u00e9n formado Ej\u00e9rcito Civil del pueblo ind\u00edgena de Pantelh\u00f3 se\u00f1al\u00f3 que decidi\u00f3 organizarse con el objetivo de enfrentar a \u201cEl Machete\u201d. Su aparici\u00f3n se suma a la ya compleja situaci\u00f3n de inestabilidad y violencia que vive la localidad.<\/p>\n<p style=\"text-align: justify;\">Las autoridades estatales y federales han sido alertadas sobre esta nueva situaci\u00f3n y eval\u00faan las medidas que se tomar\u00e1n ante este escenario. La presencia de grupos de autodefensa siempre ha sido motivo de preocupaci\u00f3n.<\/p>\n<p style=\"text-align: justify;\">En tanto, la comunidad de Pantelh\u00f3 se mantiene en alerta ante la incertidumbre que plantea esta nueva situaci\u00f3n, mientras se espera la respuesta oficial de las autoridades respecto a la aparici\u00f3n del Ej\u00e9rcito Civil y su prop\u00f3sito de expulsar a \u201cEl Machete\u201d del municipio.<\/p>\n<p style=\"text-align: justify;\"><em>) S\u00edguenos en nuestra p\u00e1gina Facebook.com\/<a href=\"https:\/\/www.facebook.com\/acapulcopress.news\" target=\"_blank\" rel=\"noopener\">acapulcopress.news<\/a><\/em><\/p>\n<\/div>\n","protected":false},"excerpt":{"rendered":"<p>PANTELH\u00d3 * 4 de julio de 2023. ) LatinUs A trav\u00e9s de un video difundido en diversas redes sociales y grupos de Whatsapp se ha dado a conocer la conformaci\u00f3n de un nuevo grupo de autodefensas en el municipio de Pantelh\u00f3, Chiapas. Autodefensas enfretentar\u00e1n a grupo armado de Chiapas. El grupo, que se hace llamar&#8230;<\/p>\n","protected":false},"author":2,"featured_media":1255086,"comment_status":"closed","ping_status":"closed","sticky":false,"template":"","format":"standard","meta":{"footnotes":""},"categories":[1969,1989],"tags":[2370,9419],"class_list":["post-1255090","post","type-post","status-publish","format-standard","has-post-thumbnail","hentry","category-trending","category-noticias-generales","tag-ejercito-civil-del-pueblo-indigena-de-pantelho","tag-grupo-armado-el-machete"],"_links":{"self":[{"href":"https:\/\/www.acapulcopress.com\/index.php\/wp-json\/wp\/v2\/posts\/1255090","targetHints":{"allow":["GET"]}}],"collection":[{"href":"https:\/\/www.acapulcopress.com\/index.php\/wp-json\/wp\/v2\/posts"}],"about":[{"href":"https:\/\/www.acapulcopress.com\/index.php\/wp-json\/wp\/v2\/types\/post"}],"author":[{"embeddable":true,"href":"https:\/\/www.acapulcopress.com\/index.php\/wp-json\/wp\/v2\/users\/2"}],"replies":[{"embeddable":true,"href":"https:\/\/www.acapulcopress.com\/index.php\/wp-json\/wp\/v2\/comments?post=1255090"}],"version-history":[{"count":0,"href":"https:\/\/www.acapulcopress.com\/index.php\/wp-json\/wp\/v2\/posts\/1255090\/revisions"}],"wp:featuredmedia":[{"embeddable":true,"href":"https:\/\/www.acapulcopress.com\/index.php\/wp-json\/"}],"wp:attachment":[{"href":"https:\/\/www.acapulcopress.com\/index.php\/wp-json\/wp\/v2\/media?parent=1255090"}],"wp:term":[{"taxonomy":"category","embeddable":true,"href":"https:\/\/www.acapulcopress.com\/index.php\/wp-json\/wp\/v2\/categories?post=1255090"},{"taxonomy":"post_tag","embeddable":true,"href":"https:\/\/www.acapulcopress.com\/index.php\/wp-json\/wp\/v2\/tags?post=1255090"}],"curies":[{"name":"wp","href":"https:\/\/api.w.org\/{rel}","templated":true}]}}