{"id":1255092,"date":"2023-07-04T16:30:28","date_gmt":"2023-07-04T22:30:28","guid":{"rendered":"https:\/\/www.acapulcopress.com\/?p=1255092"},"modified":"2023-07-04T16:30:28","modified_gmt":"2023-07-04T22:30:28","slug":"el-de-amlo-un-gobierno-de-la-muerte-creel","status":"publish","type":"post","link":"https:\/\/www.acapulcopress.com\/index.php\/2023\/07\/04\/el-de-amlo-un-gobierno-de-la-muerte-creel\/","title":{"rendered":"El de AMLO, un &#8216;gobierno de la muerte&#8217; | Creel"},"content":{"rendered":"<p style=\"text-align: justify;\">CIUDAD DE M\u00c9XICO * 4 de julio de 2023.<br \/>\n<em>) <a href=\"https:\/\/latinus.us\/2023\/07\/04\/santiago-creel-registra-proceso-seleccion-candidato-frente-amplio-aqui-empieza-conteo-salida-amlo\/\" target=\"_blank\" rel=\"noopener\">LatinUs<\/a><\/em><br \/>\nEl primero en registrarse para ser el candidato presidencial del <em>Frente Amplio por M\u00e9xico<\/em> fue el presidente de la C\u00e1mara de Diputados, el panista <a href=\"https:\/\/www.facebook.com\/SantiagoCreelM\" target=\"_blank\" rel=\"noopener\">Santiago Creel Miranda<\/a>.<\/p>\n<p style=\"text-align: justify;\">Se registr\u00f3 ante el Comit\u00e9 Organizador y enseguida lleg\u00f3 a la sede de su partido acompa\u00f1ado de su esposa Paulina, donde lo esperaban diputados panistas, una batucada y gente de diferentes partes de la ciudad que lo apoyan como candidato presidencial.<\/p>\n<p style=\"text-align: justify;\">\u201cAdi\u00f3s a Andr\u00e9s, aqu\u00ed empieza su conteo de salida, de un gobierno que ha destrozado al pa\u00eds, un gobierno que no nos merecemos las mexicanas y mexicanos. Un gobierno que ha sido peor que los cuatro jinetes del Apocalipsis: muerte, guerra, hambre y epidemias\u201d, exclam\u00f3.<\/p>\n<p style=\"text-align: justify;\">\u201cQuiero, puedo y debo ser el presidente de M\u00e9xico para cambiar la ruta de este pa\u00eds\u201d, enfatiz\u00f3 con la voz entrecortada.<\/p>\n<p style=\"text-align: justify;\">Buena parte de su discurso se enfoc\u00f3 en criticar al gobierno del presidente <a href=\"https:\/\/www.facebook.com\/lopezobrador.org.mx\" target=\"_blank\" rel=\"noopener\">Andr\u00e9s Manuel L\u00f3pez Obrador<\/a>.<\/p>\n<p style=\"text-align: justify;\">\u201cNo hay peor resultado que el que ha dado este gobierno, un dolor humano es lo que ha producido; muertes por violencia, muertes por pandemia, muertes por enfermedades sin <img loading=\"lazy\" decoding=\"async\" class=\"alignleft size-medium wp-image-1255094\" src=\"https:\/\/www.acapulcopress.com\/wp-content\/uploads\/2023\/07\/SANTIAGO-CREEL-375x194.jpg\" alt=\"\" width=\"375\" height=\"194\" \/>medicamentos; muertes de feminicidios; muertes de ni\u00f1os con c\u00e1ncer que nos les alcanzaron los medicamentos; muertes. El gobierno de la muerte, y por eso los cuatro jinetes del Apocalipsis\u201d, declar\u00f3.<\/p>\n<p style=\"text-align: justify;\">Despu\u00e9s, mostr\u00f3 dos pulseras que, dijo, las va a traer durante toda la campa\u00f1a: una en defensa del INE y otra del PAN.<\/p>\n<p style=\"text-align: justify;\">\u201cEse fue el motivo por el cual ingres\u00e9 a las filas del PAN, y esa ha sido mi trayectoria, desde la construcci\u00f3n del antiguo INE, nuestro \u00e1rbitro electoral; por eso cuando yo veo a este incalificable presidente que quiere destruir al hoy INE, es como si estuviera destruyendo mi casa\u201d, dijo el tambi\u00e9n exconsejero del entonces IFE (Instituto Federal Electoral).<\/p>\n<p style=\"text-align: justify;\">\u201cDurante este proceso de campa\u00f1a no me voy a quitar dos cordones que tengo en la mano, de cintas que tengo puestas. Una, es la del INE, que la use el d\u00eda que este perverso presidente decidi\u00f3 destruirlo, y la segunda, es el azul y blanco de mi Partido\u201d, exclam\u00f3.<\/p>\n<p style=\"text-align: justify;\">\u201c\u00a1C\u00f3mo se atrevi\u00f3 este desgraciado presidente!, \u00a1c\u00f3mo se atrevi\u00f3! No sab\u00eda que hab\u00eda hombres y mujeres libres, formados en Acci\u00f3n Nacional, y que no lo vamos a permitir\u201d, agreg\u00f3.<\/p>\n<p style=\"text-align: justify;\"><em>) S\u00edguenos en nuestra p\u00e1gina Facebook.com\/<a href=\"https:\/\/www.facebook.com\/acapulcopress.news\" target=\"_blank\" rel=\"noopener\">acapulcopress.news<\/a><\/em><\/p>\n","protected":false},"excerpt":{"rendered":"<p>CIUDAD DE M\u00c9XICO * 4 de julio de 2023. ) LatinUs El primero en registrarse para ser el candidato presidencial del Frente Amplio por M\u00e9xico fue el presidente de la C\u00e1mara de Diputados, el panista Santiago Creel Miranda. Se registr\u00f3 ante el Comit\u00e9 Organizador y enseguida lleg\u00f3 a la sede de su partido acompa\u00f1ado de&#8230;<\/p>\n","protected":false},"author":2,"featured_media":1255093,"comment_status":"closed","ping_status":"closed","sticky":false,"template":"","format":"standard","meta":{"footnotes":""},"categories":[1997],"tags":[3896,8929,14184,16037],"class_list":["post-1255092","post","type-post","status-publish","format-standard","has-post-thumbnail","hentry","category-noticias-destacadas","tag-andres-manuel-lopez-obrador","tag-frente-amplio-por-mexico","tag-pan","tag-santiago-creel-miranda"],"_links":{"self":[{"href":"https:\/\/www.acapulcopress.com\/index.php\/wp-json\/wp\/v2\/posts\/1255092","targetHints":{"allow":["GET"]}}],"collection":[{"href":"https:\/\/www.acapulcopress.com\/index.php\/wp-json\/wp\/v2\/posts"}],"about":[{"href":"https:\/\/www.acapulcopress.com\/index.php\/wp-json\/wp\/v2\/types\/post"}],"author":[{"embeddable":true,"href":"https:\/\/www.acapulcopress.com\/index.php\/wp-json\/wp\/v2\/users\/2"}],"replies":[{"embeddable":true,"href":"https:\/\/www.acapulcopress.com\/index.php\/wp-json\/wp\/v2\/comments?post=1255092"}],"version-history":[{"count":0,"href":"https:\/\/www.acapulcopress.com\/index.php\/wp-json\/wp\/v2\/posts\/1255092\/revisions"}],"wp:featuredmedia":[{"embeddable":true,"href":"https:\/\/www.acapulcopress.com\/index.php\/wp-json\/"}],"wp:attachment":[{"href":"https:\/\/www.acapulcopress.com\/index.php\/wp-json\/wp\/v2\/media?parent=1255092"}],"wp:term":[{"taxonomy":"category","embeddable":true,"href":"https:\/\/www.acapulcopress.com\/index.php\/wp-json\/wp\/v2\/categories?post=1255092"},{"taxonomy":"post_tag","embeddable":true,"href":"https:\/\/www.acapulcopress.com\/index.php\/wp-json\/wp\/v2\/tags?post=1255092"}],"curies":[{"name":"wp","href":"https:\/\/api.w.org\/{rel}","templated":true}]}}