{"id":1255106,"date":"2023-07-04T22:29:05","date_gmt":"2023-07-05T04:29:05","guid":{"rendered":"https:\/\/www.acapulcopress.com\/?p=1255106"},"modified":"2023-07-04T22:29:05","modified_gmt":"2023-07-05T04:29:05","slug":"fge-michoacan-senala-a-los-viagras-como-presuntos-asesinos-de-hipolito-mora","status":"publish","type":"post","link":"https:\/\/www.acapulcopress.com\/index.php\/2023\/07\/04\/fge-michoacan-senala-a-los-viagras-como-presuntos-asesinos-de-hipolito-mora\/","title":{"rendered":"FGE Michoac\u00e1n se\u00f1ala a Los Viagras como presuntos asesinos de Hip\u00f3lito Mora"},"content":{"rendered":"<p style=\"text-align: justify;\">MORELIA * 4 de julio de 2023.<br \/>\n<em>) <a href=\"https:\/\/www.proceso.com.mx\/nacional\/2023\/7\/4\/miembros-de-los-viagras-presuntos-asesinos-de-hipolito-mora-fiscal-de-michoacan-310060.html\" target=\"_blank\" rel=\"noopener\">Apro<\/a><br \/>\n<\/em>Los presuntos responsables del asesinato del fundador de los grupos de autodefensas, Hip\u00f3lito Mora Ch\u00e1vez, y de sus tres escoltas, forman parte de la organizaci\u00f3n Los Viagras, admiti\u00f3 el titular de la Fiscal\u00eda General del Estado (FGE), Adri\u00e1n L\u00f3pez Sol\u00eds.<\/p>\n<p style=\"text-align: justify;\">En entrevista con representantes de medios de comunicaci\u00f3n, el funcionario fue cuestionado sobre los avances en la identificaci\u00f3n de los pistoleros implicados en el ataque, a lo que respondi\u00f3: \u201cTodos corresponden a un mismo agrupamiento criminal\u201d.<\/p>\n<p style=\"text-align: justify;\">\u2014<strong>\u00bfLos Viagras? \u2014<\/strong>, pregunt\u00f3 un reportero.<\/p>\n<p style=\"text-align: justify;\">\u2014Digamos que es el grupo que se identifica con esa nomenclatura\u2014, asinti\u00f3 el fiscal.<\/p>\n<p style=\"text-align: justify;\">Aunque Adri\u00e1n L\u00f3pez enfatiz\u00f3 que el organismo a su cargo investiga los hechos en los que fueron asesinadas las cuatro personas, con avances muy importantes en las pesquisas, refiri\u00f3 que posteriormente dar\u00e1 vista a la Fiscal\u00eda General de la Rep\u00fablica (FGR) porque en el caso tambi\u00e9n hay cuestiones que \u201cpudieran ser competencia de esa instancia federal\u201d.<\/p>\n<p style=\"text-align: justify;\">Indic\u00f3 que la agresi\u00f3n contra Hip\u00f3lito Mora y sus escoltas \u201ctiene antecedentes pr\u00f3ximos recientes y algunos de ellos muy a\u00f1ejos por una situaci\u00f3n de rivalidades entre personas, algunas de ellas identificadas con grupos delincuenciales\u201d.<\/p>\n<p style=\"text-align: justify;\">Evidentemente, a\u00f1adi\u00f3, \u201cpor la forma de la agresi\u00f3n aqu\u00ed se trata de personas que sin duda se pusieron de acuerdo para tener suficiente poder de fuego, en una operaci\u00f3n con todas las caracter\u00edsticas de la delincuencia organizada, que lamentablemente produjo ese resultado\u201d.<\/p>\n<p style=\"text-align: justify;\">El fiscal manifest\u00f3 que la instituci\u00f3n mantiene l\u00edneas s\u00f3lidas de investigaci\u00f3n y en estos momentos se encuentra en la personalizaci\u00f3n de las carpetas para determinar qui\u00e9nes fueron los autores materiales e intelectuales de los hechos.<\/p>\n<p style=\"text-align: justify;\">La v\u00edspera, L\u00f3pez Sol\u00eds hab\u00eda revelado que, como resultado de las investigaciones, se logr\u00f3 establecer el m\u00f3vil del cu\u00e1druple homicidio, as\u00ed como la identidad de los presuntos asesinos, por lo que pronto la FGE solicitar\u00e1 las \u00f3rdenes de aprehensi\u00f3n correspondientes.<\/p>\n<p style=\"text-align: justify;\">Advirti\u00f3 que por la naturaleza de los hechos no se proporcionar\u00e1n detalles y los datos se mantendr\u00e1n bajo reserva, aunque manifest\u00f3 que al menos fueron 25 los individuos agresores, quienes dispararon alrededor de un millar de proyectiles.<\/p>\n<p style=\"text-align: justify;\"><em>) S\u00edguenos en Facebook.com\/<a href=\"https:\/\/www.facebook.com\/acapulcopress.news\" target=\"_blank\" rel=\"noopener\">acapulcopress.news<\/a><\/em><\/p>\n","protected":false},"excerpt":{"rendered":"<p>MORELIA * 4 de julio de 2023. ) Apro Los presuntos responsables del asesinato del fundador de los grupos de autodefensas, Hip\u00f3lito Mora Ch\u00e1vez, y de sus tres escoltas, forman parte de la organizaci\u00f3n Los Viagras, admiti\u00f3 el titular de la Fiscal\u00eda General del Estado (FGE), Adri\u00e1n L\u00f3pez Sol\u00eds. En entrevista con representantes de medios&#8230;<\/p>\n","protected":false},"author":2,"featured_media":1255107,"comment_status":"closed","ping_status":"closed","sticky":false,"template":"","format":"standard","meta":{"footnotes":""},"categories":[1969,2005],"tags":[3292,8705,9430,9800,9801],"class_list":["post-1255106","post","type-post","status-publish","format-standard","has-post-thumbnail","hentry","category-trending","category-seguridad-y-justicia","tag-adrian-lopez-solis","tag-fiscalia-general-del-estado-de-michoacan-fge","tag-grupo-criminal-los-viagras","tag-hipolito-mora","tag-hipolito-mora-chavez"],"_links":{"self":[{"href":"https:\/\/www.acapulcopress.com\/index.php\/wp-json\/wp\/v2\/posts\/1255106","targetHints":{"allow":["GET"]}}],"collection":[{"href":"https:\/\/www.acapulcopress.com\/index.php\/wp-json\/wp\/v2\/posts"}],"about":[{"href":"https:\/\/www.acapulcopress.com\/index.php\/wp-json\/wp\/v2\/types\/post"}],"author":[{"embeddable":true,"href":"https:\/\/www.acapulcopress.com\/index.php\/wp-json\/wp\/v2\/users\/2"}],"replies":[{"embeddable":true,"href":"https:\/\/www.acapulcopress.com\/index.php\/wp-json\/wp\/v2\/comments?post=1255106"}],"version-history":[{"count":0,"href":"https:\/\/www.acapulcopress.com\/index.php\/wp-json\/wp\/v2\/posts\/1255106\/revisions"}],"wp:featuredmedia":[{"embeddable":true,"href":"https:\/\/www.acapulcopress.com\/index.php\/wp-json\/"}],"wp:attachment":[{"href":"https:\/\/www.acapulcopress.com\/index.php\/wp-json\/wp\/v2\/media?parent=1255106"}],"wp:term":[{"taxonomy":"category","embeddable":true,"href":"https:\/\/www.acapulcopress.com\/index.php\/wp-json\/wp\/v2\/categories?post=1255106"},{"taxonomy":"post_tag","embeddable":true,"href":"https:\/\/www.acapulcopress.com\/index.php\/wp-json\/wp\/v2\/tags?post=1255106"}],"curies":[{"name":"wp","href":"https:\/\/api.w.org\/{rel}","templated":true}]}}