{"id":1255110,"date":"2023-07-04T23:03:11","date_gmt":"2023-07-05T05:03:11","guid":{"rendered":"https:\/\/www.acapulcopress.com\/?p=1255110"},"modified":"2023-07-04T23:03:11","modified_gmt":"2023-07-05T05:03:11","slug":"prometio-augusto-ayudar-a-madres-buscadoras-y-victimas-del-crimen-organizado","status":"publish","type":"post","link":"https:\/\/www.acapulcopress.com\/index.php\/2023\/07\/04\/prometio-augusto-ayudar-a-madres-buscadoras-y-victimas-del-crimen-organizado\/","title":{"rendered":"Prometi\u00f3 Augusto ayudar a madres buscadoras y v\u00edctimas del crimen organizado"},"content":{"rendered":"<p style=\"text-align: justify;\">SAN FERNANDO * 4 de julio de 2023.<br \/>\n<em>) <a href=\"https:\/\/latinus.us\/2023\/07\/04\/adan-augusto-compromete-tamaulipas-ayudar-madres-buscadoras-victimas-crimen-organizado\/\" target=\"_blank\" rel=\"noopener\">LatinUs<\/a><\/em><\/p>\n<p style=\"text-align: justify;\">Ante madres buscadoras y representantes de colectivos, <a href=\"https:\/\/www.facebook.com\/AdanAugustoLopezHdz\" target=\"_blank\" rel=\"noopener\">Ad\u00e1n Augusto L\u00f3pez Hern\u00e1ndez<\/a> se comprometi\u00f3 a hacer lo que no hizo como titular de la Secretar\u00eda de Gobernaci\u00f3n (Segob) en casi 22 meses que estuvo en el cargo.<\/p>\n<p style=\"text-align: justify;\">\u201cNosotros vamos a hacer hasta lo imposible y va a haber justicia\u201d, prometi\u00f3 antes de concluir la llamada asamblea informativa que encabez\u00f3 en San Fernando, Tamaulipas.<\/p>\n<p style=\"text-align: justify;\">El compromiso p\u00fablico se dio luego de que una madre buscadora hablara al o\u00eddo de Ad\u00e1n Augusto para recordarle el tema, por lo que el extitular de la Segob interrumpi\u00f3 los \u201cvivas\u201d, como si fuera festejo patrio, para prometer apoyo.<\/p>\n<p style=\"text-align: justify;\">\u201cVoy a hacer un compromiso. Porque me pidieron dos cosas, que ayudemos a las madres con hijos desaparecidos, a las que no se les ha podido apoyar para la b\u00fasqueda y que ayudemos tambi\u00e9n a los ni\u00f1os hu\u00e9rfanos de esta absurda guerra\u201d, enfatiz\u00f3.<\/p>\n<p style=\"text-align: justify;\">Ad\u00e1n Augusto reconoci\u00f3 que los familiares de personas desaparecidas \u201chan sufrido y ante tanto sufrimiento no queda m\u00e1s que unirse y estar. Para eso no hay consuelo nunca, pero s\u00ed tiene que haber atenci\u00f3n, respeto y cari\u00f1o para ustedes y eso s\u00ed, nosotros vamos a hacer hasta lo imposible y va a haber justicia\u201d.<\/p>\n<p style=\"text-align: justify;\">\u201cVoy a pedir a dos tamaulipecos que son amigos e integrantes del movimiento, al senador Jos\u00e9 Ram\u00f3n (Enr\u00edquez), y a la diputada Cristina, que vengan, que se queden, que platiquen con ustedes y vamos a buscar el mecanismo para empezar a ayudar ya\u201d, a\u00f1adi\u00f3.<\/p>\n<p style=\"text-align: justify;\">De acuerdo con cifras oficiales, en diciembre de 2018, cuando arranc\u00f3 el gobierno de la llamada cuarta transformaci\u00f3n, en Tamaulipas hab\u00eda unas 6 mil 100 personas desaparecidas.<\/p>\n<p style=\"text-align: justify;\">En febrero de este a\u00f1o, el subsecretario de Gobernaci\u00f3n, Alejandro Encinas Rodr\u00edguez, dijo en el marco de una reuni\u00f3n de trabajo, que hab\u00eda m\u00e1s de 12 mil denuncias de personas \u201ccuyos paraderos se ignoran en Tamaulipas\u201d.<\/p>\n<p style=\"text-align: justify;\"><em>) S\u00edguenos en Facebook.com\/<a href=\"https:\/\/www.facebook.com\/acapulcopress.news\" target=\"_blank\" rel=\"noopener\">acapulcopress.news<\/a><\/em><\/p>\n","protected":false},"excerpt":{"rendered":"<p>SAN FERNANDO * 4 de julio de 2023. ) LatinUs Ante madres buscadoras y representantes de colectivos, Ad\u00e1n Augusto L\u00f3pez Hern\u00e1ndez se comprometi\u00f3 a hacer lo que no hizo como titular de la Secretar\u00eda de Gobernaci\u00f3n (Segob) en casi 22 meses que estuvo en el cargo. \u201cNosotros vamos a hacer hasta lo imposible y va&#8230;<\/p>\n","protected":false},"author":2,"featured_media":1255111,"comment_status":"closed","ping_status":"closed","sticky":false,"template":"","format":"standard","meta":{"footnotes":""},"categories":[2052,18561],"tags":[3247,13299],"class_list":["post-1255110","post","type-post","status-publish","format-standard","has-post-thumbnail","hentry","category-elecciones","category-society-politics","tag-adan-augusto-lopez-hernandez","tag-morena-2024"],"_links":{"self":[{"href":"https:\/\/www.acapulcopress.com\/index.php\/wp-json\/wp\/v2\/posts\/1255110","targetHints":{"allow":["GET"]}}],"collection":[{"href":"https:\/\/www.acapulcopress.com\/index.php\/wp-json\/wp\/v2\/posts"}],"about":[{"href":"https:\/\/www.acapulcopress.com\/index.php\/wp-json\/wp\/v2\/types\/post"}],"author":[{"embeddable":true,"href":"https:\/\/www.acapulcopress.com\/index.php\/wp-json\/wp\/v2\/users\/2"}],"replies":[{"embeddable":true,"href":"https:\/\/www.acapulcopress.com\/index.php\/wp-json\/wp\/v2\/comments?post=1255110"}],"version-history":[{"count":0,"href":"https:\/\/www.acapulcopress.com\/index.php\/wp-json\/wp\/v2\/posts\/1255110\/revisions"}],"wp:featuredmedia":[{"embeddable":true,"href":"https:\/\/www.acapulcopress.com\/index.php\/wp-json\/"}],"wp:attachment":[{"href":"https:\/\/www.acapulcopress.com\/index.php\/wp-json\/wp\/v2\/media?parent=1255110"}],"wp:term":[{"taxonomy":"category","embeddable":true,"href":"https:\/\/www.acapulcopress.com\/index.php\/wp-json\/wp\/v2\/categories?post=1255110"},{"taxonomy":"post_tag","embeddable":true,"href":"https:\/\/www.acapulcopress.com\/index.php\/wp-json\/wp\/v2\/tags?post=1255110"}],"curies":[{"name":"wp","href":"https:\/\/api.w.org\/{rel}","templated":true}]}}