{"id":1255119,"date":"2023-07-04T23:47:49","date_gmt":"2023-07-05T05:47:49","guid":{"rendered":"https:\/\/www.acapulcopress.com\/?p=1255119"},"modified":"2023-07-04T23:47:49","modified_gmt":"2023-07-05T05:47:49","slug":"xochitl-galvez-la-piedra-en-el-zapato","status":"publish","type":"post","link":"https:\/\/www.acapulcopress.com\/index.php\/2023\/07\/04\/xochitl-galvez-la-piedra-en-el-zapato\/","title":{"rendered":"X\u00f3chitl G\u00e1lvez, la piedra en el zapato"},"content":{"rendered":"<p style=\"text-align: justify;\"><em>* Regresa Rosario Robles a la pol\u00edtica<\/em><\/p>\n<p style=\"text-align: justify;\">Un Rapid\u00edn<br \/>\n\u00bb <strong>\u00c1NGEL<\/strong> | <strong>IRRA CARCEDA<\/strong><br \/>\n\u00bb angelirracar@hotmail.com<br \/>\n<em>) Facebook @<a href=\"https:\/\/www.facebook.com\/angel.irracarceda.7\" target=\"_blank\" rel=\"noopener\">angel.irracarceda.7<\/a><\/em><\/p>\n<p style=\"text-align: justify;\">\u00bfQu\u00e9 opinan las feministas de Guerrero sobre el trato que recibe la senadora X\u00f3chitl G\u00e1lvez Ruiz desde la Ma\u00f1anera en Palacio Nacional?<\/p>\n<p style=\"text-align: justify;\">No las escucho. No las leo respecto a los fuertes se\u00f1alamientos del presidente hacia la aspirante a la candidatura presidencial por el Frente Amplio por M\u00e9xico.<\/p>\n<p style=\"text-align: justify;\">Tan pronto anunci\u00f3 <a href=\"https:\/\/www.facebook.com\/Xochitl.Galvez.R\" target=\"_blank\" rel=\"noopener\">X\u00f3chitl G\u00e1lvez<\/a> su intenci\u00f3n de ser la candidata a la Presidencia de la Rep\u00fablica, y vino la arremetida presidencial.<\/p>\n<p style=\"text-align: justify;\">Ya la calific\u00f3 como la candidata de \u201cla mafia del poder\u201d. Que defiende intereses de la \u201coligarqu\u00eda\u201d.<\/p>\n<p style=\"text-align: justify;\">Y sostuvo que la respalda la \u00e9lite pol\u00edtica que ambiciona que M\u00e9xico regrese a un r\u00e9gimen de saqueo y privilegios.<\/p>\n<p style=\"text-align: justify;\">Pero, lo cierto es que la senadora mantiene un posicionamiento al alza. Le puso sabor al caldo preelectoral. Y resulta obvio que no era lo que el presidente ni Morena esperaban. Les movi\u00f3 el tapete.<\/p>\n<p style=\"text-align: justify;\">Y esto se pondr\u00e1 mucho mejor, cuando m\u00e1s adelante se conozcan mediciones entre aspirantes presidenciales.<\/p>\n<p style=\"text-align: justify;\">\u00bfQu\u00e9 les parece una medici\u00f3n de fuerza, de posicionamiento, entre Claudia Sheinbaum y X\u00f3chitl G\u00e1lvez?<\/p>\n<p style=\"text-align: justify;\"><strong>POR CIERTO.-<\/strong> Hablando de mujeres, la exsecretaria de Desarrollo Social en el gobierno <img loading=\"lazy\" decoding=\"async\" class=\"alignleft size-medium wp-image-1255120\" src=\"https:\/\/www.acapulcopress.com\/wp-content\/uploads\/2023\/07\/rosario-robles-berlanga-375x286.jpg\" alt=\"\" width=\"375\" height=\"286\" \/>de Enrique Pe\u00f1a Nieto, Rosario Robles Berlanga, anunci\u00f3 este martes en Chilpancingo su regreso a la actividad pol\u00edtica, y precis\u00f3 que se ve en la oposici\u00f3n.<\/p>\n<p style=\"text-align: justify;\">\u201cA\u00fan faltan 11 meses para la elecci\u00f3n (de 2024), y pueden pasar tantas cosas\u201d, solt\u00f3 la ex funcionaria federal.<\/p>\n<p style=\"text-align: justify;\">\n<p style=\"text-align: justify;\"><em>) S\u00edguenos en Facebook.com\/<a href=\"https:\/\/www.facebook.com\/acapulcopress\" target=\"_blank\" rel=\"noopener\">acapulcopress<\/a><\/em><\/p>\n","protected":false},"excerpt":{"rendered":"<p>* Regresa Rosario Robles a la pol\u00edtica Un Rapid\u00edn \u00bb \u00c1NGEL | IRRA CARCEDA \u00bb angelirracar@hotmail.com ) Facebook @angel.irracarceda.7 \u00bfQu\u00e9 opinan las feministas de Guerrero sobre el trato que recibe la senadora X\u00f3chitl G\u00e1lvez Ruiz desde la Ma\u00f1anera en Palacio Nacional? No las escucho. No las leo respecto a los fuertes se\u00f1alamientos del presidente hacia&#8230;<\/p>\n","protected":false},"author":2,"featured_media":1255121,"comment_status":"closed","ping_status":"closed","sticky":false,"template":"","format":"standard","meta":{"footnotes":""},"categories":[2071,1991],"tags":[3938,4718,17511],"class_list":["post-1255119","post","type-post","status-publish","format-standard","has-post-thumbnail","hentry","category-opinion-analisis-columnas","category-libertad-de-expresion","tag-angel-irra-carceda","tag-bertha-xochitl-galvez-ruiz","tag-un-rapidin"],"_links":{"self":[{"href":"https:\/\/www.acapulcopress.com\/index.php\/wp-json\/wp\/v2\/posts\/1255119","targetHints":{"allow":["GET"]}}],"collection":[{"href":"https:\/\/www.acapulcopress.com\/index.php\/wp-json\/wp\/v2\/posts"}],"about":[{"href":"https:\/\/www.acapulcopress.com\/index.php\/wp-json\/wp\/v2\/types\/post"}],"author":[{"embeddable":true,"href":"https:\/\/www.acapulcopress.com\/index.php\/wp-json\/wp\/v2\/users\/2"}],"replies":[{"embeddable":true,"href":"https:\/\/www.acapulcopress.com\/index.php\/wp-json\/wp\/v2\/comments?post=1255119"}],"version-history":[{"count":0,"href":"https:\/\/www.acapulcopress.com\/index.php\/wp-json\/wp\/v2\/posts\/1255119\/revisions"}],"wp:featuredmedia":[{"embeddable":true,"href":"https:\/\/www.acapulcopress.com\/index.php\/wp-json\/"}],"wp:attachment":[{"href":"https:\/\/www.acapulcopress.com\/index.php\/wp-json\/wp\/v2\/media?parent=1255119"}],"wp:term":[{"taxonomy":"category","embeddable":true,"href":"https:\/\/www.acapulcopress.com\/index.php\/wp-json\/wp\/v2\/categories?post=1255119"},{"taxonomy":"post_tag","embeddable":true,"href":"https:\/\/www.acapulcopress.com\/index.php\/wp-json\/wp\/v2\/tags?post=1255119"}],"curies":[{"name":"wp","href":"https:\/\/api.w.org\/{rel}","templated":true}]}}