{"id":1255125,"date":"2023-07-05T17:53:28","date_gmt":"2023-07-05T23:53:28","guid":{"rendered":"https:\/\/www.acapulcopress.com\/?p=1255125"},"modified":"2023-07-05T17:53:28","modified_gmt":"2023-07-05T23:53:28","slug":"deja-27-muertos-volcadura-de-autobus-de-pasajeros-en-oaxaca","status":"publish","type":"post","link":"https:\/\/www.acapulcopress.com\/index.php\/2023\/07\/05\/deja-27-muertos-volcadura-de-autobus-de-pasajeros-en-oaxaca\/","title":{"rendered":"Deja 27 muertos volcadura de autob\u00fas de pasajeros en Oaxaca"},"content":{"rendered":"<p style=\"text-align: justify;\">MAGDALENA PE\u00d1ASCO * 5 de julio de 2023.<br \/>\n<em>) AP \/ Reuters<\/em><br \/>\nAl menos 27 personas murieron el mi\u00e9rcoles al volcar un autob\u00fas de pasajeros en Oaxaca, informaron las autoridades de ese estado del sur mexicano.<\/p>\n<p style=\"text-align: justify;\">El accidente ocurri\u00f3 en la madrugada en el poblado de Magdalena Pe\u00f1asco, en la regi\u00f3n de la Mixteca, cuando el veh\u00edculo volc\u00f3 y cay\u00f3 en un barranco, indic\u00f3 el secretario de gobierno de Oaxaca, Jes\u00fas Romero.<\/p>\n<p style=\"text-align: justify;\">Tras el accidente, el veh\u00edculo qued\u00f3 pr\u00e1cticamente deshecho al pie de un precipicio de unos 20 metros de profundidad. A su lado hab\u00eda varios cuerpos cubiertos con s\u00e1banas y colchas, seg\u00fan im\u00e1genes compartidas por la Polic\u00eda Vial del estado Oaxaca.<\/p>\n<p style=\"text-align: justify;\">\u00abSon 27 personas fallecidas, 13 mujeres, 13 hombres y un ni\u00f1o (&#8230;) de un a\u00f1o y medio de edad\u00bb, dijo Jes\u00fas Romero, secretario de Gobierno de Oaxaca, en rueda de prensa.<\/p>\n<p style=\"text-align: justify;\">Otras 21 personas resultaron heridas, 12 de ellas se encuentran graves, agreg\u00f3 Romero.<\/p>\n<p style=\"text-align: justify;\">\u00abLamentamos profundamente el accidente ocurrido en Magdalena Pe\u00f1asco. Ya se encuentra personal de nuestro gobierno trabajando en las acciones de rescate y brindando todo el apoyo a las personas heridas. Enviamos un abrazo y nuestro p\u00e9same a las familias de las personas fallecidas\u00bb, escribi\u00f3 el gobernador de Oaxaca, Salom\u00f3n Jara, en Twitter.<\/p>\n<p style=\"text-align: justify;\">A mediados de mayo, un trailer y una furgoneta chocaron en una carretera del norte\u00f1o estado Tamaulipas, provocando la muerte de 26 personas.<\/p>\n<p style=\"text-align: justify;\"><em>) S\u00edguenos en Facebook.com\/<a href=\"https:\/\/www.facebook.com\/acapulcopress\" target=\"_blank\" rel=\"noopener\">acapulcopress<\/a><\/em><\/p>\n","protected":false},"excerpt":{"rendered":"<p>MAGDALENA PE\u00d1ASCO * 5 de julio de 2023. ) AP \/ Reuters Al menos 27 personas murieron el mi\u00e9rcoles al volcar un autob\u00fas de pasajeros en Oaxaca, informaron las autoridades de ese estado del sur mexicano. El accidente ocurri\u00f3 en la madrugada en el poblado de Magdalena Pe\u00f1asco, en la regi\u00f3n de la Mixteca, cuando&#8230;<\/p>\n","protected":false},"author":2,"featured_media":1255126,"comment_status":"closed","ping_status":"closed","sticky":false,"template":"","format":"standard","meta":{"footnotes":""},"categories":[1969,1972,1989],"tags":[12303,17984],"class_list":["post-1255125","post","type-post","status-publish","format-standard","has-post-thumbnail","hentry","category-trending","category-special","category-noticias-generales","tag-magdalena-penasco","tag-volcadura-de-autobus"],"_links":{"self":[{"href":"https:\/\/www.acapulcopress.com\/index.php\/wp-json\/wp\/v2\/posts\/1255125","targetHints":{"allow":["GET"]}}],"collection":[{"href":"https:\/\/www.acapulcopress.com\/index.php\/wp-json\/wp\/v2\/posts"}],"about":[{"href":"https:\/\/www.acapulcopress.com\/index.php\/wp-json\/wp\/v2\/types\/post"}],"author":[{"embeddable":true,"href":"https:\/\/www.acapulcopress.com\/index.php\/wp-json\/wp\/v2\/users\/2"}],"replies":[{"embeddable":true,"href":"https:\/\/www.acapulcopress.com\/index.php\/wp-json\/wp\/v2\/comments?post=1255125"}],"version-history":[{"count":0,"href":"https:\/\/www.acapulcopress.com\/index.php\/wp-json\/wp\/v2\/posts\/1255125\/revisions"}],"wp:featuredmedia":[{"embeddable":true,"href":"https:\/\/www.acapulcopress.com\/index.php\/wp-json\/"}],"wp:attachment":[{"href":"https:\/\/www.acapulcopress.com\/index.php\/wp-json\/wp\/v2\/media?parent=1255125"}],"wp:term":[{"taxonomy":"category","embeddable":true,"href":"https:\/\/www.acapulcopress.com\/index.php\/wp-json\/wp\/v2\/categories?post=1255125"},{"taxonomy":"post_tag","embeddable":true,"href":"https:\/\/www.acapulcopress.com\/index.php\/wp-json\/wp\/v2\/tags?post=1255125"}],"curies":[{"name":"wp","href":"https:\/\/api.w.org\/{rel}","templated":true}]}}