{"id":1255131,"date":"2023-07-05T19:10:03","date_gmt":"2023-07-06T01:10:03","guid":{"rendered":"https:\/\/www.acapulcopress.com\/?p=1255131"},"modified":"2023-07-05T19:10:03","modified_gmt":"2023-07-06T01:10:03","slug":"recibe-guerrero-1800-mdp-para-programas-sociales-informa-gobernadora","status":"publish","type":"post","link":"https:\/\/www.acapulcopress.com\/index.php\/2023\/07\/05\/recibe-guerrero-1800-mdp-para-programas-sociales-informa-gobernadora\/","title":{"rendered":"Recibe Guerrero 1,800 mdp para programas sociales, informa Gobernadora"},"content":{"rendered":"<p style=\"text-align: justify;\">CHILPANCINGO * 5 de julio de 2023.<br \/>\n<em>) Gobierno de Guerrero<\/em><br \/>\nComo nunca antes Guerrero tiene una inversi\u00f3n hist\u00f3rica de mil 800 millones de pesos a trav\u00e9s de los programas para el Bienestar en el que se benefician a 425 mil personas con discapacidad, as\u00ed como hijas e hijos de madres trabajadoras y adultos mayores que en 2024 tendr\u00e1n un incremento del 25 por ciento en su pensi\u00f3n, celebr\u00f3 la gobernadora <a href=\"https:\/\/www.facebook.com\/EvelynSalgadoP\" target=\"_blank\" rel=\"noopener\">Evelyn Salgado Pineda<\/a>.<\/p>\n<p style=\"text-align: justify;\">\u00abA nosotros nos da mucho orgullo de poder acompa\u00f1ar este proceso y ser parte de este operativo con el que refrendamos sin duda este compromiso de abrazar y profundizar todos los esfuerzos y todos los programas que lleva a cabo nuestro presidente <a href=\"https:\/\/www.facebook.com\/lopezobrador.org.mx\" target=\"_blank\" rel=\"noopener\">Andr\u00e9s Manuel <img loading=\"lazy\" decoding=\"async\" class=\"alignleft size-medium wp-image-1255132\" src=\"https:\/\/www.acapulcopress.com\/wp-content\/uploads\/2023\/07\/Bienestar-375x250.jpg\" alt=\"\" width=\"375\" height=\"250\" \/>L\u00f3pez Obrador<\/a> en Guerrero\u00bb, expres\u00f3 la mandataria estatal.<\/p>\n<p style=\"text-align: justify;\">En la transmisi\u00f3n informativa para dar a conocer el operativo de pagos y las fechas correspondientes a la dispersi\u00f3n de los recursos, la mandataria estatal hizo un reconocimiento extenso a todo el equipo de la delegaci\u00f3n estatal de programas para el desarrollo que atienden las 22 rutas de los 14 centros de atenci\u00f3n regional en todas las zonas de Guerrero.<\/p>\n<p style=\"text-align: justify;\">Para este operativo de pago, dijo que se priorizan las zonas m\u00e1s alejadas de todo el territorio guerrerense hasta llegar a las cabeceras municipales, garantizando que la transformaci\u00f3n llegue hasta el \u00faltimo rinc\u00f3n de Guerrero con los apoyos para el Bienestar que impulsa el presidente Andr\u00e9s Manuel L\u00f3pez Obrador.<\/p>\n<p style=\"text-align: justify;\">En el caso del programa para el Bienestar de los adultos mayores se invierten m\u00e1s de mil 638 millones de pesos que se entregan de manera directa y sin intermediarios a 341 mil beneficiarios a trav\u00e9s de las mesas de atenci\u00f3n o dispersiones bancarias.<\/p>\n<p style=\"text-align: justify;\">Para el caso de la pensi\u00f3n para las personas con discapacidad se contempla un total de 54 mil 935 beneficiarios, recordando que este programa en Guerrero es de car\u00e1cter universal en el que el gobierno del estado aporta el 50 por ciento de los recursos al igual que el gobierno federal para cubrir la inversi\u00f3n de 162 millones que tiene este programa.<\/p>\n<p style=\"text-align: justify;\">Mientras que para el programa para ni\u00f1as, ni\u00f1os hijos de madres trabajadoras se cuenta con un padr\u00f3n de 29 mil 500 beneficiarios sumando una inversi\u00f3n de m\u00e1s de 47 millones de pesos, sumando en total 425 mil 443 beneficiarios con una inversi\u00f3n hist\u00f3rica y sin precedentes de m\u00e1s de mil 800 millones de pesos distribuidos en pagos directos y sin intermediarios en los 81 municipios.<\/p>\n<p style=\"text-align: justify;\">Por su parte, el delegado de Programas Sociales para el Bienestar en Guerrero, Iv\u00e1n Hern\u00e1ndez D\u00edaz puntualiz\u00f3 que el compromiso es que los programas lleguen a tiempo a las manos de las personas que lo necesitan, por lo que este operativo de pagos del bimestre julio &#8211; agosto dio inicio este martes 4 de julio instalando 563 mesas de pago directo cubriendo todo el estado.<\/p>\n<p>Adem\u00e1s, se present\u00f3 un calendario de dep\u00f3sitos de pagos a trav\u00e9s del mecanismo bancario que concluye el lunes 17 de julio de manera ordenada de acuerdo primera letra de su primer apellido como est\u00e1 programado por el Gobierno\u00a0de\u00a0M\u00e9xico.<\/p>\n<p style=\"text-align: justify;\"><em>) S\u00edguenos en Facebook.com\/<a href=\"https:\/\/www.facebook.com\/acapulcopress\" target=\"_blank\" rel=\"noopener\">acapulcopress<\/a><\/em><\/p>\n","protected":false},"excerpt":{"rendered":"<p>CHILPANCINGO * 5 de julio de 2023. ) Gobierno de Guerrero Como nunca antes Guerrero tiene una inversi\u00f3n hist\u00f3rica de mil 800 millones de pesos a trav\u00e9s de los programas para el Bienestar en el que se benefician a 425 mil personas con discapacidad, as\u00ed como hijas e hijos de madres trabajadoras y adultos mayores&#8230;<\/p>\n","protected":false},"author":2,"featured_media":1255133,"comment_status":"closed","ping_status":"closed","sticky":false,"template":"","format":"standard","meta":{"footnotes":""},"categories":[1972,1983,18561],"tags":[3896,8251],"class_list":["post-1255131","post","type-post","status-publish","format-standard","has-post-thumbnail","hentry","category-special","category-guerrerogob","category-society-politics","tag-andres-manuel-lopez-obrador","tag-evelyn-salgado-pineda"],"_links":{"self":[{"href":"https:\/\/www.acapulcopress.com\/index.php\/wp-json\/wp\/v2\/posts\/1255131","targetHints":{"allow":["GET"]}}],"collection":[{"href":"https:\/\/www.acapulcopress.com\/index.php\/wp-json\/wp\/v2\/posts"}],"about":[{"href":"https:\/\/www.acapulcopress.com\/index.php\/wp-json\/wp\/v2\/types\/post"}],"author":[{"embeddable":true,"href":"https:\/\/www.acapulcopress.com\/index.php\/wp-json\/wp\/v2\/users\/2"}],"replies":[{"embeddable":true,"href":"https:\/\/www.acapulcopress.com\/index.php\/wp-json\/wp\/v2\/comments?post=1255131"}],"version-history":[{"count":0,"href":"https:\/\/www.acapulcopress.com\/index.php\/wp-json\/wp\/v2\/posts\/1255131\/revisions"}],"wp:featuredmedia":[{"embeddable":true,"href":"https:\/\/www.acapulcopress.com\/index.php\/wp-json\/"}],"wp:attachment":[{"href":"https:\/\/www.acapulcopress.com\/index.php\/wp-json\/wp\/v2\/media?parent=1255131"}],"wp:term":[{"taxonomy":"category","embeddable":true,"href":"https:\/\/www.acapulcopress.com\/index.php\/wp-json\/wp\/v2\/categories?post=1255131"},{"taxonomy":"post_tag","embeddable":true,"href":"https:\/\/www.acapulcopress.com\/index.php\/wp-json\/wp\/v2\/tags?post=1255131"}],"curies":[{"name":"wp","href":"https:\/\/api.w.org\/{rel}","templated":true}]}}