{"id":1255137,"date":"2023-07-05T20:00:31","date_gmt":"2023-07-06T02:00:31","guid":{"rendered":"https:\/\/www.acapulcopress.com\/?p=1255137"},"modified":"2023-07-05T20:00:31","modified_gmt":"2023-07-06T02:00:31","slug":"marcial-rodriguez-presento-ante-congresogro-proyecto-de-universidad-virtual-de-guerrero","status":"publish","type":"post","link":"https:\/\/www.acapulcopress.com\/index.php\/2023\/07\/05\/marcial-rodriguez-presento-ante-congresogro-proyecto-de-universidad-virtual-de-guerrero\/","title":{"rendered":"Marcial Rodr\u00edguez present\u00f3 ante #CongresoGro proyecto de Universidad Virtual de Guerrero"},"content":{"rendered":"<p style=\"text-align: justify;\">CHILPANCINGO * 5 de julio de 2023.<br \/>\n<em>) Gobierno de Guerrero<\/em><br \/>\n<img loading=\"lazy\" decoding=\"async\" class=\"alignleft size-medium wp-image-1255138\" src=\"https:\/\/www.acapulcopress.com\/wp-content\/uploads\/2023\/07\/MARCIA-UVG-375x211.jpg\" alt=\"\" width=\"375\" height=\"211\" \/>El secretario de Educaci\u00f3n Guerrero, <a href=\"https:\/\/www.facebook.com\/MarcialRodriguezS\" target=\"_blank\" rel=\"noopener\">Marcial Rodr\u00edguez Salda\u00f1a<\/a>, present\u00f3 el proyecto de la nueva Universidad Virtual de Guerrero a diputados integrantes de la Comisi\u00f3n de Educaci\u00f3n, Ciencia y Tecnolog\u00eda del Congreso del Estado, la cual servir\u00e1 para que estudiantes guerrerenses puedan cursar sus estudios de licenciatura y posgrado. El proyecto es una propuesta de la gobernadora <a href=\"https:\/\/www.facebook.com\/EvelynSalgadoP\" target=\"_blank\" rel=\"noopener\">Evelyn Salgado<\/a> para que j\u00f3venes que hasta ahora no han tenido oportunidad de cursar estudios de nivel superior se les brinde una opci\u00f3n para\u00a0prepararse.<\/p>\n<p><img loading=\"lazy\" decoding=\"async\" class=\"alignnone wp-image-1255140 size-large\" src=\"https:\/\/www.acapulcopress.com\/wp-content\/uploads\/2023\/07\/MARCIA-UVG3-840x426.jpg\" alt=\"\" width=\"696\" height=\"353\" \/><\/p>\n<p style=\"text-align: justify;\"><em>) S\u00edguenos en Facebook.com\/<a href=\"https:\/\/www.facebook.com\/acapulcopress\" target=\"_blank\" rel=\"noopener\">acapulcopress<\/a><\/em><\/p>\n","protected":false},"excerpt":{"rendered":"<p>CHILPANCINGO * 5 de julio de 2023. ) Gobierno de Guerrero El secretario de Educaci\u00f3n Guerrero, Marcial Rodr\u00edguez Salda\u00f1a, present\u00f3 el proyecto de la nueva Universidad Virtual de Guerrero a diputados integrantes de la Comisi\u00f3n de Educaci\u00f3n, Ciencia y Tecnolog\u00eda del Congreso del Estado, la cual servir\u00e1 para que estudiantes guerrerenses puedan cursar sus estudios&#8230;<\/p>\n","protected":false},"author":2,"featured_media":1255139,"comment_status":"closed","ping_status":"closed","sticky":false,"template":"","format":"standard","meta":{"footnotes":""},"categories":[18561,2081],"tags":[8251,12457,16362,17667],"class_list":["post-1255137","post","type-post","status-publish","format-standard","has-post-thumbnail","hentry","category-society-politics","category-seg","tag-evelyn-salgado-pineda","tag-marcial-rodriguez-saldana","tag-seg","tag-universidad-virtual-de-guerrero"],"_links":{"self":[{"href":"https:\/\/www.acapulcopress.com\/index.php\/wp-json\/wp\/v2\/posts\/1255137","targetHints":{"allow":["GET"]}}],"collection":[{"href":"https:\/\/www.acapulcopress.com\/index.php\/wp-json\/wp\/v2\/posts"}],"about":[{"href":"https:\/\/www.acapulcopress.com\/index.php\/wp-json\/wp\/v2\/types\/post"}],"author":[{"embeddable":true,"href":"https:\/\/www.acapulcopress.com\/index.php\/wp-json\/wp\/v2\/users\/2"}],"replies":[{"embeddable":true,"href":"https:\/\/www.acapulcopress.com\/index.php\/wp-json\/wp\/v2\/comments?post=1255137"}],"version-history":[{"count":0,"href":"https:\/\/www.acapulcopress.com\/index.php\/wp-json\/wp\/v2\/posts\/1255137\/revisions"}],"wp:featuredmedia":[{"embeddable":true,"href":"https:\/\/www.acapulcopress.com\/index.php\/wp-json\/"}],"wp:attachment":[{"href":"https:\/\/www.acapulcopress.com\/index.php\/wp-json\/wp\/v2\/media?parent=1255137"}],"wp:term":[{"taxonomy":"category","embeddable":true,"href":"https:\/\/www.acapulcopress.com\/index.php\/wp-json\/wp\/v2\/categories?post=1255137"},{"taxonomy":"post_tag","embeddable":true,"href":"https:\/\/www.acapulcopress.com\/index.php\/wp-json\/wp\/v2\/tags?post=1255137"}],"curies":[{"name":"wp","href":"https:\/\/api.w.org\/{rel}","templated":true}]}}