{"id":1255149,"date":"2023-07-05T22:09:13","date_gmt":"2023-07-06T04:09:13","guid":{"rendered":"https:\/\/www.acapulcopress.com\/?p=1255149"},"modified":"2023-07-05T22:09:13","modified_gmt":"2023-07-06T04:09:13","slug":"cientifico-resuelven-misterio-del-agujero-de-gravedad","status":"publish","type":"post","link":"https:\/\/www.acapulcopress.com\/index.php\/2023\/07\/05\/cientifico-resuelven-misterio-del-agujero-de-gravedad\/","title":{"rendered":"Resuelven misterio del &#8216;agujero de gravedad&#8217;"},"content":{"rendered":"<p style=\"text-align: justify;\">INTERNET* 5 de julio de 2023.<br \/>\n<em>) <a href=\"https:\/\/www.dw.com\/es\/resuelven-el-misterio-del-enorme-agujero-de-gravedad-en-el-oc%C3%A9ano-%C3%ADndico\/a-66129381\" target=\"_blank\" rel=\"noopener\">DW Actualidad<\/a><br \/>\n<\/em>Desde hace d\u00e9cadas, un enorme y misterioso \u00abagujero de gravedad\u00bb en las profundidades del oc\u00e9ano \u00cdndico da que pensar a los cient\u00edficos. Se trata del Bajo Geoide del Oc\u00e9ano \u00cdndico (IOGL, por sus siglas en ingl\u00e9s), un \u00e1rea de tres millones de km cuadrados junto al extremo sur de la India, bajo la superficie de la Tierra en la que el nivel del mar es 105 metros inferior a la media. Aqu\u00ed, los efectos de la gravedad de la Tierra son muchos m\u00e1s bajos que el promedio, algo que hasta ahora no se lograba explicar. El \u00abagujero\u00bb fue encontrado en 1948 por el geof\u00edsico holand\u00e9s Felix Andries Vening Meinesz durante un estudio de gravedad en un barco.<\/p>\n<p>Para entender el nuevo hallazgo, hay que explicar que nuestro planeta no es una esfera uniforme, sino un geoide con muchas irregularidades. Esto supone tambi\u00e9n que su densidad var\u00eda en cada regi\u00f3n del globo y, por ende, la gravedad no es igual en todos lados. En algunos lugares se produzca una anomal\u00eda gravitatoria, como sucede en las profundidades del oc\u00e9ano \u00cdndico. Tambi\u00e9n cabe recalcar que no se trata de un donde se hunden las cosas, ni los objetos caen m\u00e1s r\u00e1pido, ni siquiera es un hueco visible.<\/p>\n<p><strong>Un mar perdido<br \/>\n<\/strong><br \/>\nEl nuevo estudio de dos cient\u00edficos del Instituto Indio de Ciencias podr\u00eda tener la soluci\u00f3n al misterio. \u00abTodos estos estudios [pasados] analizaron la anomal\u00eda actual y no se preocuparon por c\u00f3mo surgi\u00f3 este geoide bajo\u00bb, explican los geocient\u00edficos Debanjan Pal y Attreyee Ghosh en su estudio publicado en la revista Geophysical Research Letters.<\/p>\n<p>El estudio propone que el IOGL comprende losas del oc\u00e9ano Tetis, un mar perdido hace mucho tiempo que se hundi\u00f3 en las profundidades del planeta hace millones de a\u00f1os.<\/p>\n<p>Los investigadores simularon 19 escenarios diferentes para reconstruir el movimiento de las placas tect\u00f3nicas y los cambios habidos en el manto terrestre durante los \u00faltimos 140 millones de a\u00f1os, usando distintos par\u00e1metros, como la viscosidad, la densidad que tiene el manto o la temperatura. As\u00ed descubrieron que antiguos fragmentos de la placa oce\u00e1nica se han hundido a trav\u00e9s del manto debajo del continente africano, provocando un fuerte hundimiento en el manto y cambiando la geolog\u00eda.<\/p>\n<p><strong>\u00abPlumas de manto\u00bb, columnas de magma<br \/>\n<\/strong><br \/>\nAl chocar una placa m\u00e1s fr\u00eda y otra m\u00e1s caliente se generaron columnas de roca fundida, llamadas \u00abplumas de manto\u201d que tienen menos densidad y se elevaron sobre el resto de los materiales. Estas plumas se movieron de nuevo hacia el oc\u00e9ano \u00cdndico, donde actualmente est\u00e1 la anomal\u00eda gravitacional.<\/p>\n<p>Sin embargo, los autores destacan que tambi\u00e9n podr\u00eda haber otros hechos subyacentes a la existencia de la IOGL, ya que a\u00fan hay muchos aspectos que desconocemos de nuestro planeta.<\/p>\n<p>De hecho, los investigadores sostienen que la presencia de la anomal\u00eda en el oc\u00e9ano \u00cdndico s\u00ed podr\u00eda tener una incidencia en el clima global, porque este fen\u00f3meno podr\u00eda afectar la circulaci\u00f3n oce\u00e1nica y por ende la distribuci\u00f3n del calor en la Tierra.<\/p>\n<p style=\"text-align: justify;\"><em>) S\u00edguenos en Facebook.com\/<a href=\"https:\/\/www.facebook.com\/acapulcopress\" target=\"_blank\" rel=\"noopener\">acapulcopress<\/a><\/em><\/p>\n","protected":false},"excerpt":{"rendered":"<p>INTERNET* 5 de julio de 2023. ) DW Actualidad Desde hace d\u00e9cadas, un enorme y misterioso \u00abagujero de gravedad\u00bb en las profundidades del oc\u00e9ano \u00cdndico da que pensar a los cient\u00edficos. Se trata del Bajo Geoide del Oc\u00e9ano \u00cdndico (IOGL, por sus siglas en ingl\u00e9s), un \u00e1rea de tres millones de km cuadrados junto al&#8230;<\/p>\n","protected":false},"author":2,"featured_media":1255150,"comment_status":"closed","ping_status":"closed","sticky":false,"template":"","format":"standard","meta":{"footnotes":""},"categories":[1997],"tags":[3402],"class_list":["post-1255149","post","type-post","status-publish","format-standard","has-post-thumbnail","hentry","category-noticias-destacadas","tag-agujero-de-gravedad"],"_links":{"self":[{"href":"https:\/\/www.acapulcopress.com\/index.php\/wp-json\/wp\/v2\/posts\/1255149","targetHints":{"allow":["GET"]}}],"collection":[{"href":"https:\/\/www.acapulcopress.com\/index.php\/wp-json\/wp\/v2\/posts"}],"about":[{"href":"https:\/\/www.acapulcopress.com\/index.php\/wp-json\/wp\/v2\/types\/post"}],"author":[{"embeddable":true,"href":"https:\/\/www.acapulcopress.com\/index.php\/wp-json\/wp\/v2\/users\/2"}],"replies":[{"embeddable":true,"href":"https:\/\/www.acapulcopress.com\/index.php\/wp-json\/wp\/v2\/comments?post=1255149"}],"version-history":[{"count":0,"href":"https:\/\/www.acapulcopress.com\/index.php\/wp-json\/wp\/v2\/posts\/1255149\/revisions"}],"wp:featuredmedia":[{"embeddable":true,"href":"https:\/\/www.acapulcopress.com\/index.php\/wp-json\/"}],"wp:attachment":[{"href":"https:\/\/www.acapulcopress.com\/index.php\/wp-json\/wp\/v2\/media?parent=1255149"}],"wp:term":[{"taxonomy":"category","embeddable":true,"href":"https:\/\/www.acapulcopress.com\/index.php\/wp-json\/wp\/v2\/categories?post=1255149"},{"taxonomy":"post_tag","embeddable":true,"href":"https:\/\/www.acapulcopress.com\/index.php\/wp-json\/wp\/v2\/tags?post=1255149"}],"curies":[{"name":"wp","href":"https:\/\/api.w.org\/{rel}","templated":true}]}}