{"id":1255153,"date":"2023-07-06T18:02:02","date_gmt":"2023-07-07T00:02:02","guid":{"rendered":"https:\/\/www.acapulcopress.com\/?p=1255153"},"modified":"2023-07-06T18:02:02","modified_gmt":"2023-07-07T00:02:02","slug":"pronostica-pc-lluvias-fuertes-a-intensas-durante-las-proximas-horas","status":"publish","type":"post","link":"https:\/\/www.acapulcopress.com\/index.php\/2023\/07\/06\/pronostica-pc-lluvias-fuertes-a-intensas-durante-las-proximas-horas\/","title":{"rendered":"Pronostica PC lluvias fuertes a intensas durante las pr\u00f3ximas horas"},"content":{"rendered":"<p style=\"text-align: justify;\">\nCHILPANCINGO * 6 de julio de 2023.<br \/>\n<em>) Gobierno de Guerrero<\/em><br \/>\nLa Secretar\u00eda de Gesti\u00f3n Integral de Riesgos y Protecci\u00f3n Civil inform\u00f3 que para las pr\u00f3ximas horas, se pronostican lluvias fuertes a intensas en el estado, de 50 a 75 mil\u00edmetros.<\/p>\n<p style=\"text-align: justify;\">Explic\u00f3 que se prev\u00e9 la formaci\u00f3n de una zona de baja presi\u00f3n frente a las costas de Guerrero y Oaxaca, que incrementa a 40 por ciento su probabilidad de desarrollo cicl\u00f3nico en 7 d\u00edas.<\/p>\n<p style=\"text-align: justify;\">As\u00ed como, una presi\u00f3n al sur de Colima y Michoac\u00e1n, incrementa a 60 por ciento su probabilidad de desarrollo cicl\u00f3nico en 48 horas, y mantiene el 80 por ciento en 7 d\u00edas, se localiza aproximadamente a 650 kil\u00f3metros al sur-suroeste de Punta San Telmo, Michoac\u00e1n, se desplaza hacia el oeste-noroeste.<\/p>\n<p style=\"text-align: justify;\">Se recomienda a las autoridades de los tres niveles de gobierno y poblaci\u00f3n en general, mantenerse informados sobre la evoluci\u00f3n y trayectoria de\u00a0ambos\u00a0sistemas.<br \/>\n<em>) S\u00edguenos en Facebook.com\/<a href=\"https:\/\/www.facebook.com\/acapulcopress\" target=\"_blank\" rel=\"noopener\">acapulcopress<\/a><\/em><\/p>\n","protected":false},"excerpt":{"rendered":"<p>CHILPANCINGO * 6 de julio de 2023. ) Gobierno de Guerrero La Secretar\u00eda de Gesti\u00f3n Integral de Riesgos y Protecci\u00f3n Civil inform\u00f3 que para las pr\u00f3ximas horas, se pronostican lluvias fuertes a intensas en el estado, de 50 a 75 mil\u00edmetros. Explic\u00f3 que se prev\u00e9 la formaci\u00f3n de una zona de baja presi\u00f3n frente a&#8230;<\/p>\n","protected":false},"author":2,"featured_media":1255156,"comment_status":"closed","ping_status":"closed","sticky":false,"template":"","format":"standard","meta":{"footnotes":""},"categories":[2036,1969],"tags":[7689,12026,15088,16195],"class_list":["post-1255153","post","type-post","status-publish","format-standard","has-post-thumbnail","hentry","category-el-clima","category-trending","tag-el-clima","tag-lluvias","tag-pronostico-del-tiempo","tag-secretaria-de-gestion-integral-de-riesgos-y-proteccion-civil-guerrero"],"_links":{"self":[{"href":"https:\/\/www.acapulcopress.com\/index.php\/wp-json\/wp\/v2\/posts\/1255153","targetHints":{"allow":["GET"]}}],"collection":[{"href":"https:\/\/www.acapulcopress.com\/index.php\/wp-json\/wp\/v2\/posts"}],"about":[{"href":"https:\/\/www.acapulcopress.com\/index.php\/wp-json\/wp\/v2\/types\/post"}],"author":[{"embeddable":true,"href":"https:\/\/www.acapulcopress.com\/index.php\/wp-json\/wp\/v2\/users\/2"}],"replies":[{"embeddable":true,"href":"https:\/\/www.acapulcopress.com\/index.php\/wp-json\/wp\/v2\/comments?post=1255153"}],"version-history":[{"count":0,"href":"https:\/\/www.acapulcopress.com\/index.php\/wp-json\/wp\/v2\/posts\/1255153\/revisions"}],"wp:featuredmedia":[{"embeddable":true,"href":"https:\/\/www.acapulcopress.com\/index.php\/wp-json\/"}],"wp:attachment":[{"href":"https:\/\/www.acapulcopress.com\/index.php\/wp-json\/wp\/v2\/media?parent=1255153"}],"wp:term":[{"taxonomy":"category","embeddable":true,"href":"https:\/\/www.acapulcopress.com\/index.php\/wp-json\/wp\/v2\/categories?post=1255153"},{"taxonomy":"post_tag","embeddable":true,"href":"https:\/\/www.acapulcopress.com\/index.php\/wp-json\/wp\/v2\/tags?post=1255153"}],"curies":[{"name":"wp","href":"https:\/\/api.w.org\/{rel}","templated":true}]}}