{"id":1255159,"date":"2023-07-06T18:41:09","date_gmt":"2023-07-07T00:41:09","guid":{"rendered":"https:\/\/www.acapulcopress.com\/?p=1255159"},"modified":"2023-07-06T18:41:09","modified_gmt":"2023-07-07T00:41:09","slug":"participo-evelyn-salgado-en-reunion-con-amlo-donde-abordaron-temas-de-salud-y-educacion","status":"publish","type":"post","link":"https:\/\/www.acapulcopress.com\/index.php\/2023\/07\/06\/participo-evelyn-salgado-en-reunion-con-amlo-donde-abordaron-temas-de-salud-y-educacion\/","title":{"rendered":"Particip\u00f3 Evelyn Salgado en reuni\u00f3n con AMLO donde abordaron temas de salud y educaci\u00f3n"},"content":{"rendered":"<p style=\"text-align: justify;\">CIUDAD DE M\u00c9XICO * 6 de julio de 2023.<br \/>\n<em>) Gobierno de Guerrero<\/em><br \/>\nLa gobernadora <a href=\"https:\/\/www.facebook.com\/EvelynSalgadoP\" target=\"_blank\" rel=\"noopener\">Evelyn Salgado Pineda<\/a> asisti\u00f3 a Palacio Nacional para participar en una reuni\u00f3n m\u00e1s de trabajo con el presidente<a href=\"https:\/\/www.facebook.com\/lopezobrador.org.mx\" target=\"_blank\" rel=\"noopener\"> Andr\u00e9s Manuel L\u00f3pez Obrador<\/a> junto a <img loading=\"lazy\" decoding=\"async\" class=\"alignleft size-medium wp-image-1255154\" src=\"https:\/\/www.acapulcopress.com\/wp-content\/uploads\/2023\/07\/EVELYN.AMLO_-375x500.jpg\" alt=\"\" width=\"375\" height=\"500\" \/>mandatarias y mandatarios de otros estados donde los temas prioritarios fueron salud y educaci\u00f3n a fin de avanzar con las gestiones que Guerrero necesita.<\/p>\n<p style=\"text-align: justify;\">Evelyn Salgado puntualiz\u00f3 que la visi\u00f3n es seguir impulsando la Revoluci\u00f3n Educativa en el estado y mejorar la cobertura de salud con m\u00e1s infraestructura y servicios de primer nivel, por lo que expres\u00f3 su reconocimiento al Presidente L\u00f3pez Obrador por su amor por el pueblo mexicano y por estar siempre atento al desarrollo y bienestar de Guerrero.<\/p>\n<p><em>) S\u00edguenos en Facebook.com\/<a href=\"https:\/\/www.facebook.com\/acapulcopress\" target=\"_blank\" rel=\"noopener\">acapulcopress<\/a><\/em><\/p>\n","protected":false},"excerpt":{"rendered":"<p>CIUDAD DE M\u00c9XICO * 6 de julio de 2023. ) Gobierno de Guerrero La gobernadora Evelyn Salgado Pineda asisti\u00f3 a Palacio Nacional para participar en una reuni\u00f3n m\u00e1s de trabajo con el presidente Andr\u00e9s Manuel L\u00f3pez Obrador junto a mandatarias y mandatarios de otros estados donde los temas prioritarios fueron salud y educaci\u00f3n a fin&#8230;<\/p>\n","protected":false},"author":2,"featured_media":1255155,"comment_status":"closed","ping_status":"closed","sticky":false,"template":"","format":"standard","meta":{"footnotes":""},"categories":[1972,1983,18561],"tags":[3896,8251,15536],"class_list":["post-1255159","post","type-post","status-publish","format-standard","has-post-thumbnail","hentry","category-special","category-guerrerogob","category-society-politics","tag-andres-manuel-lopez-obrador","tag-evelyn-salgado-pineda","tag-revolucion-educativa"],"_links":{"self":[{"href":"https:\/\/www.acapulcopress.com\/index.php\/wp-json\/wp\/v2\/posts\/1255159","targetHints":{"allow":["GET"]}}],"collection":[{"href":"https:\/\/www.acapulcopress.com\/index.php\/wp-json\/wp\/v2\/posts"}],"about":[{"href":"https:\/\/www.acapulcopress.com\/index.php\/wp-json\/wp\/v2\/types\/post"}],"author":[{"embeddable":true,"href":"https:\/\/www.acapulcopress.com\/index.php\/wp-json\/wp\/v2\/users\/2"}],"replies":[{"embeddable":true,"href":"https:\/\/www.acapulcopress.com\/index.php\/wp-json\/wp\/v2\/comments?post=1255159"}],"version-history":[{"count":0,"href":"https:\/\/www.acapulcopress.com\/index.php\/wp-json\/wp\/v2\/posts\/1255159\/revisions"}],"wp:featuredmedia":[{"embeddable":true,"href":"https:\/\/www.acapulcopress.com\/index.php\/wp-json\/"}],"wp:attachment":[{"href":"https:\/\/www.acapulcopress.com\/index.php\/wp-json\/wp\/v2\/media?parent=1255159"}],"wp:term":[{"taxonomy":"category","embeddable":true,"href":"https:\/\/www.acapulcopress.com\/index.php\/wp-json\/wp\/v2\/categories?post=1255159"},{"taxonomy":"post_tag","embeddable":true,"href":"https:\/\/www.acapulcopress.com\/index.php\/wp-json\/wp\/v2\/tags?post=1255159"}],"curies":[{"name":"wp","href":"https:\/\/api.w.org\/{rel}","templated":true}]}}