{"id":1255175,"date":"2023-07-06T22:19:16","date_gmt":"2023-07-07T04:19:16","guid":{"rendered":"https:\/\/www.acapulcopress.com\/?p=1255175"},"modified":"2023-07-06T22:19:16","modified_gmt":"2023-07-07T04:19:16","slug":"exigen-renuncia-otilia-por-reunion-con-capo","status":"publish","type":"post","link":"https:\/\/www.acapulcopress.com\/index.php\/2023\/07\/06\/exigen-renuncia-otilia-por-reunion-con-capo\/","title":{"rendered":"Exigen renuncia Otilia por reuni\u00f3n con &#8216;capo&#8217;"},"content":{"rendered":"<p style=\"text-align: justify;\">CHILPANCINGO * 6 de julio de 2023.<br \/>\n<em>)<a href=\"https:\/\/a-nasa.com.mx\/2023\/07\/06\/paquete-de-noticias-mario-garcia-rodriguez-6-de-julio-del-2023\/\" target=\"_blank\" rel=\"noopener\"> ANASA<\/a><br \/>\n<\/em>Bryan LeBar\u00f3n , activista originario de Galeana, Chihuahua, pidi\u00f3 a la presidenta municipal de Chilpancingo, <a href=\"https:\/\/www.facebook.com\/NormaOtiliaHernandez\" target=\"_blank\" rel=\"noopener\">Norma Otilia Hern\u00e1ndez Mart\u00ednez<\/a>, que renuncie, luego de que fue captada en un video durante una reuni\u00f3n con un hombre armado, presunto jefe de un grupo de la delincuencia organizada Identificado como presunto l\u00edder de<em> Los Ardillos<\/em>.<\/p>\n<p style=\"text-align: justify;\">En un posicionamiento escrito, el activista, quien desde 2019 reclama justicia por el asesinato de nueve integrantes de su familia, se\u00f1al\u00f3 que los chilpancingue\u00f1os no pueden estar representados por quien se sienta a desayunar con quien mata, extorsiona, desaparece y abandona cuerpos desmembrados.<\/p>\n<p style=\"text-align: justify;\">Dijo que no basta con pedir que la investigue la Fiscal\u00eda, cuando se vive en un pa\u00eds donde prevalece la impunidad. \u201cConsideramos que es muy oportuno que pida a las autoridades que investiguen, pero d\u00e9 el siguiente paso, solicite licencia a su cargo hasta que todo esto se esclarezca, sin ninguna atadura institucional\u201d, sentenci\u00f3.<\/p>\n<p style=\"text-align: justify;\">Agreg\u00f3 que s\u00f3lo las autoridades y los criminales saben sus acuerdos o desacuerdos, y que en su caso ya ha sido v\u00edctima de esa complicidad que muchas personas han padecido. \u201cConvi\u00e9rtase en un caso ejemplar, no deje dudas sobre su ejercicio, de lo contrario, la omisi\u00f3n tambi\u00e9n es uno de los males de nuestro pa\u00eds\u201d, expres\u00f3.<\/p>\n<p style=\"text-align: justify;\">Como inform\u00f3 la agencia Quadrat\u00edn Guerrero, la alcaldesa dijo que fue invitada a un desayuno con varias personas, que no identific\u00f3, y s\u00f3lo dijo que entre ellas hab\u00eda algunos guardias civiles que le pidieron la instalaci\u00f3n de bases de vigilancia para sus comunidades.<\/p>\n<p style=\"text-align: justify;\"><strong>Aqu\u00ed el documento \u00edntegro:<\/strong><\/p>\n<p><em>Sobre el encuentro que se ha ventilado en medios, donde se reuni\u00f3 con l\u00edderes criminales, consideramos pertinente realizar algunas observaciones.<\/em><\/p>\n<p style=\"text-align: justify;\"><em><img loading=\"lazy\" decoding=\"async\" class=\"alignleft size-medium wp-image-1255176\" src=\"https:\/\/www.acapulcopress.com\/wp-content\/uploads\/2023\/07\/otilia-hernandez-2-375x295.jpg\" alt=\"\" width=\"375\" height=\"295\" \/>Entiendo que posiblemente haya tenido pocas opciones, no cualquiera le puede decir que no a reunirse con l\u00edderes de grupos criminales, y m\u00e1s en sitios donde la violencia y el crimen van de la mano. Este escenario, aunque igual de lamentable por lo que implica, ser\u00eda el menos negativo.<\/em><\/p>\n<p style=\"text-align: justify;\"><em>Debe ser dif\u00edcil tambi\u00e9n levantarse de ese tipo de mesas sin acuerdos, reitero que podr\u00edan haber sido obligados, porque llegan a ser situaciones en las que la vida tambi\u00e9n est\u00e1 sobre la mesa, lo m\u00e1s reproblable es que ese tipo de acuerdos, perjudican a mucha gente. Seguimos especulando, porque tristemente en este pa\u00eds, la mayor autoridad la ejerce el miedo, y m\u00e1s, el que viene del crimen organizado.<\/em><\/p>\n<p style=\"text-align: justify;\"><em>Alcaldesa, consideramos que es muy oportuno que pida a las autoridades que investiguen, pero d\u00e9 el siguiente paso, solicite licencia a su cargo hasta que todo esto se esclarezca, sin ninguna atadura institucional.<\/em><\/p>\n<p style=\"text-align: justify;\"><em>Ponga todo de su parte para no s\u00f3lo avanzar en este caso, si no para poner un ejemplo que recorra a todas las autoridades electas del pa\u00eds, la verdadera legitimaci\u00f3n se dar\u00e1 cuando no haya duda de a qui\u00e9n le responde y se recobrar\u00e1 la confianza cuando sea latente una apertura, y que no quede ninguna parte de la historia en las sombras.<\/em><\/p>\n<p style=\"text-align: justify;\"><em>S\u00f3lo las autoridades y los criminales saben sus acuerdos o desacuerdos, las que gu\u00edan sus relaciones; pero a diferencia de ellos, que viven entre el miedo y la impunidad, usted deber\u00eda renunciar hasta que se aclare el punto, porque los Chilpancingue\u00f1os no pueden estar representados por quien se sienta a desayunar con quien los mata, extorsiona, les arrebata sus hogares, los desaparece y abandona sus cuerpos desmembrados para mandar mensajes, que cabe se\u00f1alar, en alguna ocasi\u00f3n usted fue remitente.<\/em><\/p>\n<p style=\"text-align: justify;\"><em>No basta con pedir que la investigue la Fiscal\u00eda cuando se vive en el pa\u00eds del 98% de impunidad.<\/em><\/p>\n<p style=\"text-align: justify;\"><em>Por eso la mayor\u00eda de los que traicionan a la patria le apuestan al olvido.<\/em><\/p>\n<p style=\"text-align: justify;\"><em>Finalmente me atrevo a levantar la voz porque ya hemos sido v\u00edctimas de autoridades que son c\u00f3mplices de criminales, a nombre de muchas otras personas que han padecido lo mismo, por ellos que no pueden, es esta solicitud. Convi\u00e9rtase en un caso ejemplar, no deje dudas sobre su ejercicio, de lo contrario, la omisi\u00f3n tambi\u00e9n es uno de los males de nuestro pa\u00eds.<\/em><\/p>\n<p style=\"text-align: justify;\">Atentamente<br \/>\n<strong>Bryan LeBar\u00f3n<br \/>\n<\/strong>Chihuahua, a 6 de junio de 2023<strong><br \/>\n<\/strong><\/p>\n<p style=\"text-align: justify;\"><em>] S\u00edguenos en www.Facebook.com\/<a href=\"https:\/\/www.facebook.com\/acapulcopress\" target=\"_blank\" rel=\"noopener\">acapulcopress<\/a><\/em><\/p>\n","protected":false},"excerpt":{"rendered":"<p>CHILPANCINGO * 6 de julio de 2023. ) ANASA Bryan LeBar\u00f3n , activista originario de Galeana, Chihuahua, pidi\u00f3 a la presidenta municipal de Chilpancingo, Norma Otilia Hern\u00e1ndez Mart\u00ednez, que renuncie, luego de que fue captada en un video durante una reuni\u00f3n con un hombre armado, presunto jefe de un grupo de la delincuencia organizada Identificado&#8230;<\/p>\n","protected":false},"author":2,"featured_media":1255177,"comment_status":"closed","ping_status":"closed","sticky":false,"template":"","format":"standard","meta":{"footnotes":""},"categories":[1997],"tags":[4894,12069,13744],"class_list":["post-1255175","post","type-post","status-publish","format-standard","has-post-thumbnail","hentry","category-noticias-destacadas","tag-bryan-lebaron","tag-los-ardillos","tag-norma-otilia-hernandez-martinez"],"_links":{"self":[{"href":"https:\/\/www.acapulcopress.com\/index.php\/wp-json\/wp\/v2\/posts\/1255175","targetHints":{"allow":["GET"]}}],"collection":[{"href":"https:\/\/www.acapulcopress.com\/index.php\/wp-json\/wp\/v2\/posts"}],"about":[{"href":"https:\/\/www.acapulcopress.com\/index.php\/wp-json\/wp\/v2\/types\/post"}],"author":[{"embeddable":true,"href":"https:\/\/www.acapulcopress.com\/index.php\/wp-json\/wp\/v2\/users\/2"}],"replies":[{"embeddable":true,"href":"https:\/\/www.acapulcopress.com\/index.php\/wp-json\/wp\/v2\/comments?post=1255175"}],"version-history":[{"count":0,"href":"https:\/\/www.acapulcopress.com\/index.php\/wp-json\/wp\/v2\/posts\/1255175\/revisions"}],"wp:featuredmedia":[{"embeddable":true,"href":"https:\/\/www.acapulcopress.com\/index.php\/wp-json\/"}],"wp:attachment":[{"href":"https:\/\/www.acapulcopress.com\/index.php\/wp-json\/wp\/v2\/media?parent=1255175"}],"wp:term":[{"taxonomy":"category","embeddable":true,"href":"https:\/\/www.acapulcopress.com\/index.php\/wp-json\/wp\/v2\/categories?post=1255175"},{"taxonomy":"post_tag","embeddable":true,"href":"https:\/\/www.acapulcopress.com\/index.php\/wp-json\/wp\/v2\/tags?post=1255175"}],"curies":[{"name":"wp","href":"https:\/\/api.w.org\/{rel}","templated":true}]}}