{"id":1255204,"date":"2023-07-08T10:25:14","date_gmt":"2023-07-08T16:25:14","guid":{"rendered":"https:\/\/www.acapulcopress.com\/?p=1255204"},"modified":"2023-07-08T10:25:14","modified_gmt":"2023-07-08T16:25:14","slug":"xochitl-la-mujer-del-huipil-en-bicicleta-que-sigue-robando-reflectores-a-las-corchoclatas","status":"publish","type":"post","link":"https:\/\/www.acapulcopress.com\/index.php\/2023\/07\/08\/xochitl-la-mujer-del-huipil-en-bicicleta-que-sigue-robando-reflectores-a-las-corchoclatas\/","title":{"rendered":"X\u00f3chitl | La mujer del huipil en bicicleta que sigue robando reflectores a las &#8216;corchoclatas&#8217;"},"content":{"rendered":"<p style=\"text-align: justify;\">Un Rapid\u00edn<br \/>\n\u00bb <strong>\u00c1NGEL<\/strong> | <strong>IRRA CARCEDA<\/strong><br \/>\n\u00bb angelirracar@hotmail.com<br \/>\n<em>) Facebook @<a href=\"https:\/\/www.facebook.com\/angel.irracarceda.7\" target=\"_blank\" rel=\"noopener\">angel.irracarceda.7<\/a><\/em><\/p>\n<p>La muy peculiar mujer del huipil en bicicleta sigue robando los reflectores a las corcholatas.<\/p>\n<p style=\"text-align: justify;\">En ese peque\u00f1o veh\u00edculo, para sorpresa de todos, le imprime una velocidad b\u00e1rbara al <img loading=\"lazy\" decoding=\"async\" class=\"alignleft size-medium wp-image-1255207\" src=\"https:\/\/www.acapulcopress.com\/wp-content\/uploads\/2023\/07\/XOCHITL-VA-375x211.jpg\" alt=\"\" width=\"375\" height=\"211\" \/>proceso interno del <em>Frente Amplio por M\u00e9xico,<\/em> para definir a su candidato a la Presidencia de la Rep\u00fablica.<\/p>\n<p style=\"text-align: justify;\">Pero, adem\u00e1s, las r\u00e1fagas de viento que genera con su bicicleteo tienen nervioso al protagonista de \u00abLas Ma\u00f1aneras\u00bb. Tanto, que mantiene enfocadas sus bater\u00edas hacia ella.<\/p>\n<p style=\"text-align: justify;\">Se decidi\u00f3 a dejar de lado su aspiraci\u00f3n por la Jefatura del Gobierno de la Ciudad de M\u00e9xico, y hoy es la mejor posicionada entre la opini\u00f3n p\u00fablica para convertirse en la candidata del Frente Amplio por M\u00e9xico por la Presidencia de la Rep\u00fablica.<\/p>\n<p style=\"text-align: justify;\">Al paso que va, el <em>Frente Amplio por M\u00e9xico<\/em> ya deber\u00eda dejar en el olvido la suma de Movimiento Ciudadano (MC), cuyo l\u00edder, <a href=\"https:\/\/www.facebook.com\/DanteDelgadoR\" target=\"_blank\" rel=\"noopener\">Dante Delgado<\/a>, a todas luces no parece ser de la oposici\u00f3n a Morena y su Mes\u00edas, sino parte de un juego perverso para que Palacio Nacional no cambie de inquilino.<\/p>\n<p style=\"text-align: justify;\">Es un personaje singular que vino a mover todo el escenario pol\u00edtico preelectoral en M\u00e9xico.<\/p>\n<p style=\"text-align: justify;\">Y, creo, merece la atenci\u00f3n que acapara, porque adem\u00e1s es una mujer de origen humilde y preparada.<\/p>\n<p style=\"text-align: justify;\">Es entrona a carta cabal. Y ya lo dijo: \u00abno le tengo miedo al presidente\u00bb.<\/p>\n<p style=\"text-align: justify;\">Y, tambi\u00e9n, que le gustar\u00eda que le pusieran enfrente a <a href=\"https:\/\/www.facebook.com\/ClaudiaSheinbaumPardo\" target=\"_blank\" rel=\"noopener\">Claudia Sheinbaum<\/a>, a quien le expreso su respeto, y que se presume que es la corcholata del presidente para que lo releve en la Presidencia de la Rep\u00fablica.<\/p>\n<p style=\"text-align: justify;\">Ojo: esta mujer le pedalea fuerte en su bicicleta, que no es blindada como los veh\u00edculos que s\u00ed utilizan las <em>corcholatas<\/em>. Esas que repiten y repiten: \u00abno somos iguales\u00bb a los anteriores gobernantes.<\/p>\n<p style=\"text-align: justify;\">Ver para creer.<\/p>\n<div style=\"width: 960px;\" class=\"wp-video\"><video class=\"wp-video-shortcode\" id=\"video-1255204-1\" width=\"960\" height=\"540\" preload=\"metadata\" controls=\"controls\"><source type=\"video\/mp4\" src=\"https:\/\/www.acapulcopress.com\/wp-content\/uploads\/2023\/07\/EL-DESTAPADOR-Y-SUS-CORCHOLATAS.mp4?_=1\" \/><a href=\"https:\/\/www.acapulcopress.com\/wp-content\/uploads\/2023\/07\/EL-DESTAPADOR-Y-SUS-CORCHOLATAS.mp4\">https:\/\/www.acapulcopress.com\/wp-content\/uploads\/2023\/07\/EL-DESTAPADOR-Y-SUS-CORCHOLATAS.mp4<\/a><\/video><\/div>\n<p style=\"text-align: justify;\"><em>] S\u00edguenos en www.Facebook.com\/a<a href=\"https:\/\/www.facebook.com\/acapulcopress\" target=\"_blank\" rel=\"noopener\">acapulcopress<\/a><\/em><\/p>\n","protected":false},"excerpt":{"rendered":"<p>Un Rapid\u00edn \u00bb \u00c1NGEL | IRRA CARCEDA \u00bb angelirracar@hotmail.com ) Facebook @angel.irracarceda.7 La muy peculiar mujer del huipil en bicicleta sigue robando los reflectores a las corcholatas. En ese peque\u00f1o veh\u00edculo, para sorpresa de todos, le imprime una velocidad b\u00e1rbara al proceso interno del Frente Amplio por M\u00e9xico, para definir a su candidato a la&#8230;<\/p>\n","protected":false},"author":2,"featured_media":1255206,"comment_status":"closed","ping_status":"closed","sticky":false,"template":"","format":"standard","meta":{"footnotes":""},"categories":[1972,2071,1991],"tags":[3938,4718,8929,17511],"class_list":["post-1255204","post","type-post","status-publish","format-standard","has-post-thumbnail","hentry","category-special","category-opinion-analisis-columnas","category-libertad-de-expresion","tag-angel-irra-carceda","tag-bertha-xochitl-galvez-ruiz","tag-frente-amplio-por-mexico","tag-un-rapidin"],"_links":{"self":[{"href":"https:\/\/www.acapulcopress.com\/index.php\/wp-json\/wp\/v2\/posts\/1255204","targetHints":{"allow":["GET"]}}],"collection":[{"href":"https:\/\/www.acapulcopress.com\/index.php\/wp-json\/wp\/v2\/posts"}],"about":[{"href":"https:\/\/www.acapulcopress.com\/index.php\/wp-json\/wp\/v2\/types\/post"}],"author":[{"embeddable":true,"href":"https:\/\/www.acapulcopress.com\/index.php\/wp-json\/wp\/v2\/users\/2"}],"replies":[{"embeddable":true,"href":"https:\/\/www.acapulcopress.com\/index.php\/wp-json\/wp\/v2\/comments?post=1255204"}],"version-history":[{"count":0,"href":"https:\/\/www.acapulcopress.com\/index.php\/wp-json\/wp\/v2\/posts\/1255204\/revisions"}],"wp:featuredmedia":[{"embeddable":true,"href":"https:\/\/www.acapulcopress.com\/index.php\/wp-json\/"}],"wp:attachment":[{"href":"https:\/\/www.acapulcopress.com\/index.php\/wp-json\/wp\/v2\/media?parent=1255204"}],"wp:term":[{"taxonomy":"category","embeddable":true,"href":"https:\/\/www.acapulcopress.com\/index.php\/wp-json\/wp\/v2\/categories?post=1255204"},{"taxonomy":"post_tag","embeddable":true,"href":"https:\/\/www.acapulcopress.com\/index.php\/wp-json\/wp\/v2\/tags?post=1255204"}],"curies":[{"name":"wp","href":"https:\/\/api.w.org\/{rel}","templated":true}]}}