{"id":1255209,"date":"2023-07-08T11:07:54","date_gmt":"2023-07-08T17:07:54","guid":{"rendered":"https:\/\/www.acapulcopress.com\/?p=1255209"},"modified":"2023-07-08T11:07:54","modified_gmt":"2023-07-08T17:07:54","slug":"xochitl-la-mujer-que-en-huipil-y-bicicleta-causa-insomnios-al-presidente-y-sus-corcholatas","status":"publish","type":"post","link":"https:\/\/www.acapulcopress.com\/index.php\/2023\/07\/08\/xochitl-la-mujer-que-en-huipil-y-bicicleta-causa-insomnios-al-presidente-y-sus-corcholatas\/","title":{"rendered":"X\u00f3\u00e7hitl | La mujer que en huipil y bicicleta causa insomnios al Presidente y sus &#8216;corcholatas&#8217;"},"content":{"rendered":"<div class=\"xdj266r x11i5rnm xat24cr x1mh8g0r x1vvkbs x126k92a\">\n<div dir=\"auto\" style=\"text-align: justify;\">\n<p>E d i t o r i a l<\/p>\n<\/div>\n<\/div>\n<div class=\"x11i5rnm xat24cr x1mh8g0r x1vvkbs xtlvy1s x126k92a\" style=\"text-align: justify;\">\n<div dir=\"auto\">\n<p>\u00bfQui\u00e9n lo dir\u00eda? \u00a1Una mujer en huipil y bicicleta, que p\u00fablicamente ha dicho no tenerle miedo al presidente, est\u00e1 causando insomnios al &#8216;destapador&#8217; de corcholatas y a sus &#8216;corcholatas&#8217; que, a diferencia de <a class=\"x1i10hfl xjbqb8w x6umtig x1b1mbwd xaqea5y xav7gou x9f619 x1ypdohk xt0psk2 xe8uvvx xdj266r x11i5rnm xat24cr x1mh8g0r xexx8yu x4uap5 x18d9i69 xkhd6sd x16tdsg8 x1hl2dhg xggy1nq x1a2a7pz xt0b8zv x1qq9wsj xo1l8bm\" tabindex=\"0\" role=\"link\" href=\"https:\/\/www.facebook.com\/Xochitl.Galvez.R?__cft__[0]=AZWaKl18RxxaDmMtOI-c_Vc86k1PNV-JNpany-Y_oe89LhsKyo3elefOnAHhL5Z7sEG5Qfj3CODK0u8p06i_1rDVJhTvH8SccrriGFHxkxK2AeRkdM_dCPgG3bbpOjdhHJOC1MTtAc5_IdNXvcGTOgoz&amp;__tn__=-]K-R\" target=\"_blank\" rel=\"noopener\"><span class=\"xt0psk2\">X\u00f3chitl G\u00e1lvez Ruiz<\/span><\/a> y su transporte con pedales, andan <img loading=\"lazy\" decoding=\"async\" class=\"alignleft size-medium wp-image-1255210\" src=\"https:\/\/www.acapulcopress.com\/wp-content\/uploads\/2023\/07\/xochitl-va-1-375x504.jpg\" alt=\"\" width=\"375\" height=\"504\" \/>escoltadas y en camionetas blindadas de super lujo, derrochando el erario del pueblo para promoverse como sucesores de la cuarta transformaci\u00f3n tan fallida como su mes\u00edanico creador!<\/p>\n<\/div>\n<\/div>\n<div class=\"x11i5rnm xat24cr x1mh8g0r x1vvkbs xtlvy1s x126k92a\" style=\"text-align: justify;\">\n<div dir=\"auto\">\n<p>De origen otom\u00ed, por parte materna, y nativa de Tepatepec, Hidalgo, la senadora panista y ya registrada ante el<em> Frente Amplio por M\u00e9xico<\/em> para la candidatura por la Presidencia de M\u00e9xico, adem\u00e1s de pol\u00edtica es empresaria e ingeniera. Por esa raz\u00f3n ha dicho y reiterado que no ha necesitado de los recursos p\u00fablicos para sufragar sus aspiraciones pol\u00edticas, a diferencia de las &#8216;corcholatas&#8217; del presidente <a class=\"x1i10hfl xjbqb8w x6umtig x1b1mbwd xaqea5y xav7gou x9f619 x1ypdohk xt0psk2 xe8uvvx xdj266r x11i5rnm xat24cr x1mh8g0r xexx8yu x4uap5 x18d9i69 xkhd6sd x16tdsg8 x1hl2dhg xggy1nq x1a2a7pz xt0b8zv x1qq9wsj xo1l8bm\" tabindex=\"0\" role=\"link\" href=\"https:\/\/www.facebook.com\/lopezobrador.org.mx?__cft__[0]=AZWaKl18RxxaDmMtOI-c_Vc86k1PNV-JNpany-Y_oe89LhsKyo3elefOnAHhL5Z7sEG5Qfj3CODK0u8p06i_1rDVJhTvH8SccrriGFHxkxK2AeRkdM_dCPgG3bbpOjdhHJOC1MTtAc5_IdNXvcGTOgoz&amp;__tn__=-]K-R\" target=\"_blank\" rel=\"noopener\"><span class=\"xt0psk2\">Andr\u00e9s Manuel L\u00f3pez Obrador<\/span><\/a>, a quienes su &#8216;destapador&#8217; promovi\u00f3 les fueron entregados 5 millones de pesos p\u00fablicos para promoverse como candidatos de Morena a la presidencia del 2024.<\/p>\n<\/div>\n<\/div>\n<div class=\"x11i5rnm xat24cr x1mh8g0r x1vvkbs xtlvy1s x126k92a\" style=\"text-align: justify;\">\n<div dir=\"auto\">\n<p>Bertha X\u00f3chitl G\u00e1lvez Ruiz es egresada de la UNAM, donde estudi\u00f3 en tiempo normal &#8211;no como el &#8216;destapador&#8217; de &#8216;corcholatas&#8217; que tard\u00f3 14 a\u00f1os en obtener su licenciatura&#8211; Ingenier\u00eda Inform\u00e1tica; fue electa Senadora de la Rep\u00fablica en 2018, fue jefa delegacional en Miguel Hidalgo, Ciudad de M\u00e9xico, en 2015; en 1992 fund\u00f3 la empresa High Tech Services, dedicada al desarrollo de proyectos de alta tecnolog\u00eda dirigidos al dise\u00f1o de edificios y \u00e1reas inteligentes, ahorro de energ\u00eda, automatizaci\u00f3n de procesos, seguridad y telecomunicaciones. Tambi\u00e9n fue fundadora y directora general de Operaci\u00f3n y Mantenimiento a Edificios Inteligentes (OMEI), empresa dedicada a la operaci\u00f3n y mantenimiento de infraestructuras inteligentes.<\/p>\n<\/div>\n<\/div>\n<div class=\"x11i5rnm xat24cr x1mh8g0r x1vvkbs xtlvy1s x126k92a\" style=\"text-align: justify;\">\n<div dir=\"auto\">\n<p>Fue reconocida como \u00abEmpresaria del A\u00f1o\u00bb en 1994 y 1995. En el \u00e1rea social y humanitaria, logr\u00f3 el reconocimiento al \u201cCompromiso con los Dem\u00e1s\u00bb, otorgado por el Centro Mexicano para la Filantrop\u00eda, as\u00ed como la \u201cPresea Pericles\u201d, otorgada por el Museo Amparo de Puebla por el m\u00e9rito social. Tambi\u00e9n se desempe\u00f1\u00f3 como directora de Teleinform\u00e1tica en el World Trade Center.\u200b<\/p>\n<\/div>\n<\/div>\n<div class=\"x11i5rnm xat24cr x1mh8g0r x1vvkbs xtlvy1s x126k92a\" style=\"text-align: justify;\">\n<div dir=\"auto\">\n<p>En 1999, obtuvo el reconocimiento por el World Economic Forum de Davos Suiza, como una de las \u201c100 l\u00edderes globales del futuro del mundo.\u200b En el a\u00f1o 2000, la revista Business Week la nombr\u00f3 como una de los 25 \u00abLatin American&#8217;s New Business Elite\u00bb.\u200b<\/p>\n<\/div>\n<\/div>\n<div class=\"x11i5rnm xat24cr x1mh8g0r x1vvkbs xtlvy1s x126k92a\" style=\"text-align: justify;\">\n<div dir=\"auto\">\n<p>Con las utilidades de sus empresas cre\u00f3 la fundaci\u00f3n Porvenir que se dedica combatir problemas de desnutrici\u00f3n infantil y contribuir al desarrollo econ\u00f3mico entre mujeres de zonas ind\u00edgenas.\u200b Uno de sus programas lleva alimentos a ni\u00f1os ind\u00edgenas con desnutrici\u00f3n en los estados de Chiapas, Hidalgo, Oaxaca, Puebla y Veracruz.<\/p>\n<\/div>\n<\/div>\n<div class=\"x11i5rnm xat24cr x1mh8g0r x1vvkbs xtlvy1s x126k92a\" style=\"text-align: justify;\">\n<div dir=\"auto\">\n<p>\u00bfSer\u00e1 todo este historial y su singularidad de \u00abmujer disruptiva sin ning\u00fan miedo\u00bb lo que provoca insomnios al presiente?<\/p>\n<p>\u00bfSer\u00e1 la escalada de aceptaci\u00f3n que comienza a tener la panista y su peculiar don y estilo para las acrobacias pol\u00edticas y vocabulario muy mexicano que ofende a los persignados pero cautiva a las masas, a grado tal que medios internacionales como <a class=\"x1i10hfl xjbqb8w x6umtig x1b1mbwd xaqea5y xav7gou x9f619 x1ypdohk xt0psk2 xe8uvvx xdj266r x11i5rnm xat24cr x1mh8g0r xexx8yu x4uap5 x18d9i69 xkhd6sd x16tdsg8 x1hl2dhg xggy1nq x1a2a7pz xt0b8zv x1qq9wsj xo1l8bm\" tabindex=\"0\" role=\"link\" href=\"https:\/\/www.facebook.com\/financialtimes?__cft__[0]=AZWaKl18RxxaDmMtOI-c_Vc86k1PNV-JNpany-Y_oe89LhsKyo3elefOnAHhL5Z7sEG5Qfj3CODK0u8p06i_1rDVJhTvH8SccrriGFHxkxK2AeRkdM_dCPgG3bbpOjdhHJOC1MTtAc5_IdNXvcGTOgoz&amp;__tn__=-]K-R\" target=\"_blank\" rel=\"noopener\"><span class=\"xt0psk2\">Financial Times<\/span><\/a>, de Londres, les han dedicado editoriales a favor, como \u00ab<a href=\"https:\/\/www.ft.com\/content\/5dbbe48e-3fa6-440d-820d-94cf036d8f75#comments-anchor\" target=\"_blank\" rel=\"noopener\">Outsider threatens to shake up Mexico\u2019s presidential race<\/a>\u00ab, donde pr\u00e1cticamente califica a X\u00f3chitl como el &#8216;coco&#8217; de <a class=\"x1i10hfl xjbqb8w x6umtig x1b1mbwd xaqea5y xav7gou x9f619 x1ypdohk xt0psk2 xe8uvvx xdj266r x11i5rnm xat24cr x1mh8g0r xexx8yu x4uap5 x18d9i69 xkhd6sd x16tdsg8 x1hl2dhg xggy1nq x1a2a7pz xt0b8zv x1qq9wsj xo1l8bm\" tabindex=\"0\" role=\"link\" href=\"https:\/\/www.facebook.com\/lopezobrador.org.mx?__cft__[0]=AZWaKl18RxxaDmMtOI-c_Vc86k1PNV-JNpany-Y_oe89LhsKyo3elefOnAHhL5Z7sEG5Qfj3CODK0u8p06i_1rDVJhTvH8SccrriGFHxkxK2AeRkdM_dCPgG3bbpOjdhHJOC1MTtAc5_IdNXvcGTOgoz&amp;__tn__=-]K-R\" target=\"_blank\" rel=\"noopener\"><span class=\"xt0psk2\">Andr\u00e9s Manuel L\u00f3pez Obrador<\/span><\/a> en la sucesi\u00f3n presidencial?<\/p>\n<\/div>\n<\/div>\n<div class=\"x11i5rnm xat24cr x1mh8g0r x1vvkbs xtlvy1s x126k92a\" style=\"text-align: justify;\">\n<div dir=\"auto\">\n<p>Mofarse de una aspirante que circula en bicicleta y usa huipiles, llam\u00e1ndola &#8216;tamalera, es, evidentemente, prejuicio; un flagrante atentado contra los derechos humanos, una acci\u00f3n humillante que convierte al Presidente en un violentador de g\u00e9nero. As\u00ed lo dictamina la reci\u00e9n aprobada \u00ab<a href=\"https:\/\/www.canaldelcongreso.gob.mx\/noticias\/16607\/DOF_publica_ley_que_frena_a_violentadores_de_ejercer_un_cargo_publico\" target=\"_blank\" rel=\"noopener\">Ley 3 de 3 contra la violencia<\/a>\u00ab, nadie m\u00e1s.<\/p>\n<\/div>\n<\/div>\n<div class=\"x11i5rnm xat24cr x1mh8g0r x1vvkbs xtlvy1s x126k92a\" style=\"text-align: justify;\">\n<div dir=\"auto\">\n<p>\u00bfQui\u00e9n imaginar\u00eda que despu\u00e9s de menospreciarla desde sus conferencias ma\u00f1aneras, X\u00f3chitl G\u00e1lvez se convertir\u00eda en una &#8216;amenaza para AMLO en el juego de la sucesi\u00f3n presidencial donde todas sus &#8216;corcholatas&#8217; siguen sin convencer al electorado, especialmente su favorita, <a href=\"https:\/\/www.facebook.com\/ClaudiaSheinbaumPardo\" target=\"_blank\" rel=\"noopener\">Claudia Sheinbaum Pardo<\/a>.<\/p>\n<\/div>\n<\/div>\n<div class=\"x11i5rnm xat24cr x1mh8g0r x1vvkbs xtlvy1s x126k92a\" style=\"text-align: justify;\">\n<div dir=\"auto\">\n<p>\u00abNo le tengo miedo al presidente\u00bb&#8230; palabras que deben retumbar como campanas ma\u00f1aneras al otrora imponente mes\u00edas de la Cuarta Transformaci\u00f3n que sigue sin destellar la magia prometida desde el 1 de diciembre del 2018.<\/p>\n<\/div>\n<\/div>\n<div class=\"x11i5rnm xat24cr x1mh8g0r x1vvkbs xtlvy1s x126k92a\" style=\"text-align: justify;\">\n<div dir=\"auto\">\n<p>Que X\u00f3chitl sea tema obligatorio en las ma\u00f1aneras del Presidente es indicativo de que realmente la senadora representa ya una &#8216;amenaza&#8217; para las &#8216;corcholatas&#8217; de AMLO&#8230; aunque con sornas y descalificaciones lo niegue.<\/p>\n<\/div>\n<\/div>\n<div class=\"x11i5rnm xat24cr x1mh8g0r x1vvkbs xtlvy1s x126k92a\">\n<div dir=\"auto\" style=\"text-align: justify;\">\n<p>Sin da\u00f1os a terceros&#8230;<\/p>\n<div style=\"width: 960px;\" class=\"wp-video\"><video class=\"wp-video-shortcode\" id=\"video-1255209-1\" width=\"960\" height=\"540\" preload=\"metadata\" controls=\"controls\"><source type=\"video\/mp4\" src=\"https:\/\/www.acapulcopress.com\/wp-content\/uploads\/2023\/07\/EL-DESTAPADOR-Y-SUS-CORCHOLATAS.mp4?_=1\" \/><a href=\"https:\/\/www.acapulcopress.com\/wp-content\/uploads\/2023\/07\/EL-DESTAPADOR-Y-SUS-CORCHOLATAS.mp4\">https:\/\/www.acapulcopress.com\/wp-content\/uploads\/2023\/07\/EL-DESTAPADOR-Y-SUS-CORCHOLATAS.mp4<\/a><\/video><\/div>\n<\/div>\n<div dir=\"auto\" style=\"text-align: justify;\">) <a class=\"x1i10hfl xjbqb8w x6umtig x1b1mbwd xaqea5y xav7gou x9f619 x1ypdohk xt0psk2 xe8uvvx xdj266r x11i5rnm xat24cr x1mh8g0r xexx8yu x4uap5 x18d9i69 xkhd6sd x16tdsg8 x1hl2dhg xggy1nq x1a2a7pz xt0b8zv x1qq9wsj xo1l8bm\" tabindex=\"0\" role=\"link\" href=\"https:\/\/www.facebook.com\/acapulcopress.news?__cft__[0]=AZWaKl18RxxaDmMtOI-c_Vc86k1PNV-JNpany-Y_oe89LhsKyo3elefOnAHhL5Z7sEG5Qfj3CODK0u8p06i_1rDVJhTvH8SccrriGFHxkxK2AeRkdM_dCPgG3bbpOjdhHJOC1MTtAc5_IdNXvcGTOgoz&amp;__tn__=-]K-R\" target=\"_blank\" rel=\"noopener\"><span class=\"xt0psk2\">Acapulco Press<\/span><\/a><\/div>\n<\/div>\n","protected":false},"excerpt":{"rendered":"<p>E d i t o r i a l \u00bfQui\u00e9n lo dir\u00eda? \u00a1Una mujer en huipil y bicicleta, que p\u00fablicamente ha dicho no tenerle miedo al presidente, est\u00e1 causando insomnios al &#8216;destapador&#8217; de corcholatas y a sus &#8216;corcholatas&#8217; que, a diferencia de X\u00f3chitl G\u00e1lvez Ruiz y su transporte con pedales, andan escoltadas y en camionetas&#8230;<\/p>\n","protected":false},"author":2,"featured_media":1255207,"comment_status":"closed","ping_status":"closed","sticky":false,"template":"","format":"standard","meta":{"footnotes":""},"categories":[2048,1972,2008],"tags":[3896,5850,8929,11807,16638,18162],"class_list":["post-1255209","post","type-post","status-publish","format-standard","has-post-thumbnail","hentry","category-editorial-editorial","category-special","category-editorial","tag-andres-manuel-lopez-obrador","tag-claudia-sheimbaum-pardo","tag-frente-amplio-por-mexico","tag-ley-3-de-3-contra-la-violencia","tag-sin-danos-a-terceros","tag-xochitl-galvez-ruiz"],"_links":{"self":[{"href":"https:\/\/www.acapulcopress.com\/index.php\/wp-json\/wp\/v2\/posts\/1255209","targetHints":{"allow":["GET"]}}],"collection":[{"href":"https:\/\/www.acapulcopress.com\/index.php\/wp-json\/wp\/v2\/posts"}],"about":[{"href":"https:\/\/www.acapulcopress.com\/index.php\/wp-json\/wp\/v2\/types\/post"}],"author":[{"embeddable":true,"href":"https:\/\/www.acapulcopress.com\/index.php\/wp-json\/wp\/v2\/users\/2"}],"replies":[{"embeddable":true,"href":"https:\/\/www.acapulcopress.com\/index.php\/wp-json\/wp\/v2\/comments?post=1255209"}],"version-history":[{"count":0,"href":"https:\/\/www.acapulcopress.com\/index.php\/wp-json\/wp\/v2\/posts\/1255209\/revisions"}],"wp:featuredmedia":[{"embeddable":true,"href":"https:\/\/www.acapulcopress.com\/index.php\/wp-json\/"}],"wp:attachment":[{"href":"https:\/\/www.acapulcopress.com\/index.php\/wp-json\/wp\/v2\/media?parent=1255209"}],"wp:term":[{"taxonomy":"category","embeddable":true,"href":"https:\/\/www.acapulcopress.com\/index.php\/wp-json\/wp\/v2\/categories?post=1255209"},{"taxonomy":"post_tag","embeddable":true,"href":"https:\/\/www.acapulcopress.com\/index.php\/wp-json\/wp\/v2\/tags?post=1255209"}],"curies":[{"name":"wp","href":"https:\/\/api.w.org\/{rel}","templated":true}]}}