{"id":1255220,"date":"2023-07-10T19:58:07","date_gmt":"2023-07-11T01:58:07","guid":{"rendered":"https:\/\/www.acapulcopress.com\/?p=1255220"},"modified":"2023-07-10T19:58:07","modified_gmt":"2023-07-11T01:58:07","slug":"basta-de-pan-y-circo-exige-vox-populi-a-alcaldesa-de-chilpancingo","status":"publish","type":"post","link":"https:\/\/www.acapulcopress.com\/index.php\/2023\/07\/10\/basta-de-pan-y-circo-exige-vox-populi-a-alcaldesa-de-chilpancingo\/","title":{"rendered":"\u00ab\u00a1Basta de &#8216;pan y circo&#8217;!\u00bb, exige Vox Populi a alcaldesa de Chilpancingo"},"content":{"rendered":"<p style=\"text-align: justify;\">CHILPANCINGO * 10 de julio de 2023.<br \/>\n<em>) Acapulco Press<br \/>\n<\/em>Mientras el clamor es cada vez m\u00e1s extenso por la ingobernabilidad, la frivolidad oficial, la <img loading=\"lazy\" decoding=\"async\" class=\"alignleft size-medium wp-image-1255226\" src=\"https:\/\/www.acapulcopress.com\/wp-content\/uploads\/2023\/07\/NORMA-OTILIA-CONFERENCIA-375x225.png\" alt=\"\" width=\"375\" height=\"225\" \/>carencia de servicios b\u00e1sicos y las marejadas de la violencia que se recrudece en Chilpancingo, capital de Guerrero, la alcaldesa de este municipio, <a href=\"https:\/\/www.facebook.com\/NormaOtiliaHernandez\" target=\"_blank\" rel=\"noopener\">Norma Otilia Hern\u00e1ndez Mart\u00ednez<\/a>, manifiesta no tener preocupaci\u00f3n alguna por las investigaciones de la FGR, como tampoco intenciones de renunciar porque lo que hizo, reunirse con un capo, no fue \u00abtan malo\u00bb.<\/p>\n<p style=\"text-align: justify;\">Y sobre el video donde aparece congregada con el capo identificado como Celso Ortega Jim\u00e9nez, alias el &#8216;Ardillo Mayor&#8217;, asegur\u00f3 entre fatuidad y cinismo que \u00abdi\u00e1logo no es pacto\u00bb y que las im\u00e1genes y videos que circulan en redes sociales donde se le mira con el cabecilla del grupo criminal denominado \u00abLos Ardillos\u00bb fue un encuentro \u00abfortuito\u00bb, es decir, <img loading=\"lazy\" decoding=\"async\" class=\"alignleft size-medium wp-image-1255223\" src=\"https:\/\/www.acapulcopress.com\/wp-content\/uploads\/2023\/07\/NORMA-OTILIA-CONFERENCIA-3-375x208.jpg\" alt=\"\" width=\"375\" height=\"208\" \/>&#8216;inesperado&#8217;, casual, por lo que no dud\u00f3 en subrayar que \u00abfuerzas oscura y perversas\u00bb est\u00e1n detr\u00e1s de la inestabilidad de su gobierno.<\/p>\n<p style=\"text-align: justify;\">Lo curioso es que el video fuer &#8216;filtrado&#8217; luego de el 23 de junio pasado fueran dejado los cuerpos de siete personas con mensajes exclusivamente para la alcaldesa y el s\u00edndico procurador de su gobierno: \u201cSaludos Presidenta Norma Otilia, sigo esperando el segundo desayundo que me prometiste despu\u00e9s de venirme a buscar (sic)\u201d, dec\u00eda la cartulina desplegada para ella.<\/p>\n<p style=\"text-align: justify;\">El clima de violencia que se vive en Chilpancingo no es nuevo, pero desde el inicio del gobierno de Norma Otilia Hern\u00e1ndez este grupo ha mantenido su disputa por la plaza con el grupo rival de &#8216;Los Rojo&#8217;, quien seg\u00fan informe de <a href=\"https:\/\/www.facebook.com\/crisisgroup\" target=\"_blank\" rel=\"noopener\"><em>The International Crisis Group<\/em><\/a> en 2020 <img loading=\"lazy\" decoding=\"async\" class=\"alignleft size-medium wp-image-1255227\" src=\"https:\/\/www.acapulcopress.com\/wp-content\/uploads\/2023\/07\/ardillos-375x354.jpg\" alt=\"\" width=\"375\" height=\"354\" \/>sobre la violencia en Guerrero, en uno de los 40 grupos criminales que se disputan el territorio en la entidad. En la capital del Estado &#8216;Los Ardillos&#8217; son las m\u00e1s predominantes.<\/p>\n<p style=\"text-align: justify;\">u centro de operaciones se ubica en los municipios de Chilapa y de Joaqu\u00edn Herrera. Desde su or\u00edgenes se han dedicado al secuestro y la extorsi\u00f3n. Con el paso del tiempo incursionaron en actividades del narcotr\u00e1fico en la regi\u00f3n de La Monta\u00f1a en Guerrero.<\/p>\n<p style=\"text-align: justify;\">Entre sus fundadores se encuentra Celso Ortega Rosas, alias &#8216;La Ardilla&#8217;, un expolic\u00eda rural que se dedic\u00f3 a la siembra de amapola en Quechultenango. Dicho individuo fue detenido en el 2008 por el asesinato de un par de agentes de la extinta Subprocuradur\u00eda de Investigaci\u00f3n Especializada en Delincuencia Organizada (SEIDO). Tras su liberaci\u00f3n en el 2011, &#8216;La Ardilla&#8217; fue liberado y con ello logr\u00f3 regresar a Quechultenango, donde juntos a sus siete hijos, entre los que se encuentran Celso e Iv\u00e1n Ortega Jim\u00e9nez, quienes encabezaron el grupo criminal tras la muerte de su padre ese mismo a\u00f1o.<\/p>\n<p style=\"text-align: justify;\">A ra\u00edz de entonces, se fueron apropiando del terreno a grado que se volvieron casi intocables, lo que oblig\u00f3 a que el Gobierno de la capital del Estado decidiera no confrontarlo. Seg\u00fan el exfiscal general Jorge Zuriel de los Santos, &#8216;Los Ardillos&#8217; est\u00e1n identificados como como probables responsables de los hechos de violencia que azoran Chilpancingo.<\/p>\n<p style=\"text-align: justify;\">La debilidad y apat\u00eda que ha mostrado Norma Otilia Hern\u00e1ndez como alcaldesa de <img loading=\"lazy\" decoding=\"async\" class=\"alignleft size-medium wp-image-1255222\" src=\"https:\/\/www.acapulcopress.com\/wp-content\/uploads\/2023\/07\/NORMA-OTILIA-CONFERENCIA-2-375x213.jpg\" alt=\"\" width=\"375\" height=\"213\" \/>Chilpancingo han sido bien capitalizadas por los grupos criminales que escenifican sus batallas a todas horas del d\u00eda sin que ninguna autoridad policial municipal o federal se inmute e intervenga para frenar las oleada de delitos y homicidios cometidos en la \u00abCiudad de Las Pachangas\u00bb, como se conoce al Chilpancingo de Norma Otilia, quien desde que jur\u00f3 defender y velar por el bienestar de los chilpancinguenses ha hecho todo lo contrario.<\/p>\n<p style=\"text-align: justify;\">La falta de servicios tan vitales como el agua potable y la recolecci\u00f3n de basura, entre otras cosas, han servido para que el crimen organizado azuce a la poblaci\u00f3n a manifestarse, acciones que aprovechan para demandar di\u00e1logos y pactos que Norma Otilia llama encuentros &#8216;fortuitos&#8217; y solo di\u00e1logos.<\/p>\n<p style=\"text-align: justify;\">Los comentarios en las redes sociales de parte de enardecidos ciudadanos no dejan lugar a sospechas ni mentiras. Las &#8216;fuerzas oscuras y perversas&#8217; que inestabilizan el gobierno de <img loading=\"lazy\" decoding=\"async\" class=\"alignleft size-medium wp-image-1255221\" src=\"https:\/\/www.acapulcopress.com\/wp-content\/uploads\/2023\/07\/ALEJANDRO-BRAVO-375x255.png\" alt=\"\" width=\"375\" height=\"255\" \/>Norma Otilia no son m\u00e1s que incapacidad, su apat\u00eda, su irresponsabilidad y su habitual h\u00e1bito por las &#8216;pachangas&#8217;, por eventos sociales con los que da &#8216;pan y circo&#8217; a sus gobernados, como bien dice el l\u00edder estatal del PRI, <a href=\"https:\/\/www.facebook.com\/alejandrobravoabarca\" target=\"_blank\" rel=\"noopener\">Alejandro Bravo Abarca<\/a>, que se sum\u00f3 recientemente al llamado ciudadano a la alcaldesa para que se deje de frivolidades, de &#8216;pan y circo&#8217; y se ponga a trabajar para que cesen las revueltas sociales que capitaliza el crimen organizado para fortalecer su presencia en Chilpancingo.<\/p>\n<p style=\"text-align: justify;\">Bravo Abarca record\u00f3 que en 2021 los chilpancinguenses votaron por un gobierno que prometi\u00f3 mejoras y cambios positivos, pero \u201ca la fecha no hay resultados palpables, y s\u00f3lo hemos atestiguado que destacan la frivolidad y\u00a0el\u00a0desinter\u00e9s\u201d.<\/p>\n<p style=\"text-align: justify;\"><em>] S\u00edguenos en Facebook.com\/<a href=\"https:\/\/www.facebook.com\/acapulcopress.news\/\" target=\"_blank\" rel=\"noopener\">acapulcopress<\/a><\/em><\/p>\n","protected":false},"excerpt":{"rendered":"<p>CHILPANCINGO * 10 de julio de 2023. ) Acapulco Press Mientras el clamor es cada vez m\u00e1s extenso por la ingobernabilidad, la frivolidad oficial, la carencia de servicios b\u00e1sicos y las marejadas de la violencia que se recrudece en Chilpancingo, capital de Guerrero, la alcaldesa de este municipio, Norma Otilia Hern\u00e1ndez Mart\u00ednez, manifiesta no tener&#8230;<\/p>\n","protected":false},"author":2,"featured_media":1255224,"comment_status":"closed","ping_status":"closed","sticky":false,"template":"","format":"standard","meta":{"footnotes":""},"categories":[1972,1982,18561],"tags":[2107,2126,5440,8689,12069,13744,16899],"class_list":["post-1255220","post","type-post","status-publish","format-standard","has-post-thumbnail","hentry","category-special","category-gobierno-de-chilpancingo","category-society-politics","tag-ardillo-mayor","tag-los-rojo","tag-celso-ortega-jimenez","tag-fiscalia-general-de-la-repubica-fgr","tag-los-ardillos","tag-norma-otilia-hernandez-martinez","tag-subprocuraduria-de-investigacion-especializada-en-delincuencia-organizada-seido"],"_links":{"self":[{"href":"https:\/\/www.acapulcopress.com\/index.php\/wp-json\/wp\/v2\/posts\/1255220","targetHints":{"allow":["GET"]}}],"collection":[{"href":"https:\/\/www.acapulcopress.com\/index.php\/wp-json\/wp\/v2\/posts"}],"about":[{"href":"https:\/\/www.acapulcopress.com\/index.php\/wp-json\/wp\/v2\/types\/post"}],"author":[{"embeddable":true,"href":"https:\/\/www.acapulcopress.com\/index.php\/wp-json\/wp\/v2\/users\/2"}],"replies":[{"embeddable":true,"href":"https:\/\/www.acapulcopress.com\/index.php\/wp-json\/wp\/v2\/comments?post=1255220"}],"version-history":[{"count":0,"href":"https:\/\/www.acapulcopress.com\/index.php\/wp-json\/wp\/v2\/posts\/1255220\/revisions"}],"wp:featuredmedia":[{"embeddable":true,"href":"https:\/\/www.acapulcopress.com\/index.php\/wp-json\/"}],"wp:attachment":[{"href":"https:\/\/www.acapulcopress.com\/index.php\/wp-json\/wp\/v2\/media?parent=1255220"}],"wp:term":[{"taxonomy":"category","embeddable":true,"href":"https:\/\/www.acapulcopress.com\/index.php\/wp-json\/wp\/v2\/categories?post=1255220"},{"taxonomy":"post_tag","embeddable":true,"href":"https:\/\/www.acapulcopress.com\/index.php\/wp-json\/wp\/v2\/tags?post=1255220"}],"curies":[{"name":"wp","href":"https:\/\/api.w.org\/{rel}","templated":true}]}}