{"id":1255229,"date":"2023-07-10T20:49:25","date_gmt":"2023-07-11T02:49:25","guid":{"rendered":"https:\/\/www.acapulcopress.com\/?p=1255229"},"modified":"2023-07-10T20:49:25","modified_gmt":"2023-07-11T02:49:25","slug":"seguiremos-trabajando-con-justicia-social-con-el-pueblo-como-aliado-evelyn-salgado","status":"publish","type":"post","link":"https:\/\/www.acapulcopress.com\/index.php\/2023\/07\/10\/seguiremos-trabajando-con-justicia-social-con-el-pueblo-como-aliado-evelyn-salgado\/","title":{"rendered":"Seguiremos trabajando con justicia social con el pueblo como aliado | Evelyn Salgado"},"content":{"rendered":"<p style=\"text-align: justify;\">CHILPANCINGO * 10 de julio de 2023.<br \/>\n<em>) Gobierno de Guerrero<\/em><br \/>\nComo un acto de justicia social, la gobernadora <a href=\"https:\/\/www.facebook.com\/EvelynSalgadoP\" target=\"_blank\" rel=\"noopener\">Evelyn Salgado Pineda<\/a> encabez\u00f3 en la casa <img loading=\"lazy\" decoding=\"async\" class=\"alignleft size-medium wp-image-1255235\" src=\"https:\/\/www.acapulcopress.com\/wp-content\/uploads\/2023\/07\/EVELYN.GRO6_-375x250.jpg\" alt=\"\" width=\"375\" height=\"250\" \/>del pueblo, la entrega de apoyos del programa de \u00abPensi\u00f3n Guerrero\u00bb para adultos mayores que tiene un padr\u00f3n de 3 mil 100 beneficiarios en todo el estado y que representa una inversi\u00f3n estatal directa anual superior a los 28 millones de pesos.<\/p>\n<p style=\"text-align: justify;\">\u00abEs un acto de justicia social, no es un regalo, no es una d\u00e1diva, es algo que por derecho les corresponde a todas y todos ustedes y as\u00ed lo deben de tomar, sobre todo este sector de adultos mayores que es muy importante para nosotros y para este gobierno, porque ustedes representan nuestras ra\u00edces, nuestro origen, los valores y todo lo que somos\u00bb, expres\u00f3 Evelyn Salgado.<\/p>\n<p style=\"text-align: justify;\">En un nutrido evento con m\u00e1s de 500 adultos mayores en la explanada del recinto del Poder Ejecutivo, Evelyn Salgado destac\u00f3 que en el estado son m\u00e1s de 3 mil adultos <img loading=\"lazy\" decoding=\"async\" class=\"alignleft size-medium wp-image-1255231\" src=\"https:\/\/www.acapulcopress.com\/wp-content\/uploads\/2023\/07\/EVELYN.GRO2_-375x250.jpg\" alt=\"\" width=\"375\" height=\"250\" \/>mayores los que tienen su pensi\u00f3n y que durante este evento, reciben sus recursos correspondientes a los primeros tres bimestres del a\u00f1o, as\u00ed como la entrega simb\u00f3lica del aula de medios del IGATIPAM y 200 uniformes para los adultos mayores que participan en las diferentes actividades con una inversi\u00f3n de 16 millones de pesos.<\/p>\n<p style=\"text-align: justify;\">En su mensaje, la gobernadora refrend\u00f3 su compromiso de seguir trabajando por m\u00e1s apoyos, fortaleciendo los programas sociales en el estado para que los adultos mayores encuentren en este gobierno transformador una mano amiga y aliada.<\/p>\n<p style=\"text-align: justify;\">Por su parte, la directora del Instituto Guerrerense para la Atenci\u00f3n Integral de las Personas Adultas Mayores, Hilda Ruth Lorenzo Hern\u00e1ndez, destac\u00f3 que al inicio de su <img loading=\"lazy\" decoding=\"async\" class=\"alignleft size-medium wp-image-1255234\" src=\"https:\/\/www.acapulcopress.com\/wp-content\/uploads\/2023\/07\/EVELYN.GRO5_-375x250.jpg\" alt=\"\" width=\"375\" height=\"250\" \/>administraci\u00f3n la gobernadora Evelyn Salgado instruy\u00f3 no solo en continuar con el programa de Pensi\u00f3n Guerrero, sino en incrementar el padr\u00f3n de solo 714 en el pasado a un padr\u00f3n de 3 mil 100 beneficiarios en un acto de amor, atenci\u00f3n integral y de Justicia social.<\/p>\n<p style=\"text-align: justify;\">\u00abVamos a seguir caminando de la mano de nuestros adultos mayores, la gobernadora no tiene otro equipo m\u00e1s que el pueblo de Guerrero, ustedes son nuestros aliados y vamos a seguir trabajando como lo hemos hecho, cuenten con todo el apoyo de la gobernadora para nuestros adultos mayores, les debemos mucho, todo lo que somos es gracias a ustedes\u00bb, expres\u00f3 la gobernadora en un emotivo mensaje.<\/p>\n<p style=\"text-align: justify;\">Al evento asistieron la presidenta del Sistema DIF Guerrero, Liz Salgado Pineda; el secretario de Finanzas y Administraci\u00f3n, Raymundo Segura Estrada; la secretaria del Bienestar, Maricarmen Cabrera Lagunas; el delegado federal de Programas Sociales, Iv\u00e1n Hern\u00e1ndez D\u00edaz, y la diputada Jessica Alejo Rayo, entre otros.<br \/>\n<em>] S\u00edguenos en Facebook.com\/<a href=\"https:\/\/www.facebook.com\/acapulcopress.news\/\" target=\"_blank\" rel=\"noopener\">acapulcopress<\/a><\/em><\/p>\n","protected":false},"excerpt":{"rendered":"<p>CHILPANCINGO * 10 de julio de 2023. ) Gobierno de Guerrero Como un acto de justicia social, la gobernadora Evelyn Salgado Pineda encabez\u00f3 en la casa del pueblo, la entrega de apoyos del programa de \u00abPensi\u00f3n Guerrero\u00bb para adultos mayores que tiene un padr\u00f3n de 3 mil 100 beneficiarios en todo el estado y que&#8230;<\/p>\n","protected":false},"author":2,"featured_media":1255233,"comment_status":"closed","ping_status":"closed","sticky":false,"template":"","format":"standard","meta":{"footnotes":""},"categories":[1972,1983,18561],"tags":[2270,8251],"class_list":["post-1255229","post","type-post","status-publish","format-standard","has-post-thumbnail","hentry","category-special","category-guerrerogob","category-society-politics","tag-pension-guerrero","tag-evelyn-salgado-pineda"],"_links":{"self":[{"href":"https:\/\/www.acapulcopress.com\/index.php\/wp-json\/wp\/v2\/posts\/1255229","targetHints":{"allow":["GET"]}}],"collection":[{"href":"https:\/\/www.acapulcopress.com\/index.php\/wp-json\/wp\/v2\/posts"}],"about":[{"href":"https:\/\/www.acapulcopress.com\/index.php\/wp-json\/wp\/v2\/types\/post"}],"author":[{"embeddable":true,"href":"https:\/\/www.acapulcopress.com\/index.php\/wp-json\/wp\/v2\/users\/2"}],"replies":[{"embeddable":true,"href":"https:\/\/www.acapulcopress.com\/index.php\/wp-json\/wp\/v2\/comments?post=1255229"}],"version-history":[{"count":0,"href":"https:\/\/www.acapulcopress.com\/index.php\/wp-json\/wp\/v2\/posts\/1255229\/revisions"}],"wp:featuredmedia":[{"embeddable":true,"href":"https:\/\/www.acapulcopress.com\/index.php\/wp-json\/"}],"wp:attachment":[{"href":"https:\/\/www.acapulcopress.com\/index.php\/wp-json\/wp\/v2\/media?parent=1255229"}],"wp:term":[{"taxonomy":"category","embeddable":true,"href":"https:\/\/www.acapulcopress.com\/index.php\/wp-json\/wp\/v2\/categories?post=1255229"},{"taxonomy":"post_tag","embeddable":true,"href":"https:\/\/www.acapulcopress.com\/index.php\/wp-json\/wp\/v2\/tags?post=1255229"}],"curies":[{"name":"wp","href":"https:\/\/api.w.org\/{rel}","templated":true}]}}