{"id":1255240,"date":"2023-07-10T21:39:04","date_gmt":"2023-07-11T03:39:04","guid":{"rendered":"https:\/\/www.acapulcopress.com\/?p=1255240"},"modified":"2023-07-10T21:39:04","modified_gmt":"2023-07-11T03:39:04","slug":"evelyn-salgado-educacion-el-camino-para-la-paz-duradera","status":"publish","type":"post","link":"https:\/\/www.acapulcopress.com\/index.php\/2023\/07\/10\/evelyn-salgado-educacion-el-camino-para-la-paz-duradera\/","title":{"rendered":"Evelyn Salgado | \u00abEducaci\u00f3n, el camino para la paz duradera\u00bb"},"content":{"rendered":"<p style=\"text-align: justify;\">CHILPANCINGO * 10 de julio de 2023.<br \/>\n<em>) Gobierno de Guerrero<\/em><br \/>\n\u00abLa transformaci\u00f3n verdadera inicia con la gran revoluci\u00f3n educativa desde las aulas y es la <img loading=\"lazy\" decoding=\"async\" class=\"alignleft size-medium wp-image-1255250\" src=\"https:\/\/www.acapulcopress.com\/wp-content\/uploads\/2023\/07\/ESP5.EDUCACION-375x250.jpg\" alt=\"\" width=\"375\" height=\"250\" \/>educaci\u00f3n el camino para la paz duradera y el bienestar de las familias\u00bb, sostuvo la gobernadora <a href=\"https:\/\/www.facebook.com\/EvelynSalgadoP\" target=\"_blank\" rel=\"noopener\">Evelyn Salgado Pineda<\/a> al se\u00f1alar que se cierra de manera exitosa el ciclo escolar en todos los planteles educativos y Guerrero est\u00e1 listo para implementar el modelo de la Nueva Escuela Mexicana para el pr\u00f3ximo ciclo de estudios que inicia el 28 de agosto.<\/p>\n<p style=\"text-align: justify;\">La mandataria estatal celebr\u00f3 los honores a la Bandera con alumnos de la Escuela Primaria \u00abVicente Guerrero\u00bb de Chilpancingo, donde puntualiz\u00f3 que seguir\u00e1 trabajando para elevar la calidad educativa de las ni\u00f1as, ni\u00f1os y j\u00f3venes guerrerenses garantizando las condiciones dignas de las escuelas.<\/p>\n<p style=\"text-align: justify;\">\u00abNi un paso atr\u00e1s en la construcci\u00f3n de oportunidades para todos y para generar las <img loading=\"lazy\" decoding=\"async\" class=\"alignleft size-medium wp-image-1255248\" src=\"https:\/\/www.acapulcopress.com\/wp-content\/uploads\/2023\/07\/ESP.EDUCACION10-375x250.jpg\" alt=\"\" width=\"375\" height=\"250\" \/>condiciones de paz, bienestar y justicia, estamos de pie y m\u00e1s fuertes que nunca\u00bb, reiter\u00f3 la gobernadora Evelyn Salgado Pineda ante la comunidad estudiantil y personal docente durante este acto c\u00edvico.<\/p>\n<p style=\"text-align: justify;\">En su mensaje, se\u00f1al\u00f3 que Guerrero est\u00e1 listo para implementar el plan de estudios de la Nueva Escuela Mexicana e inform\u00f3 que se han orientado 10 millones de pesos para el fortalecimiento y desarrollo del nuevo proyecto de aprendizaje con capacitaciones, talleres del nuevo plan de estudios, caravanas estatales, conferencias y todos los esfuerzos para mejorar las capacidades docentes en el estado.<\/p>\n<p style=\"text-align: justify;\">Resalt\u00f3 la importancia de fomentar los valores a trav\u00e9s de los s\u00edmbolos patrios para formar buenos ciudadanos y mexicanos exitosos que abonen al desarrollo del estado y del pa\u00eds. <img loading=\"lazy\" decoding=\"async\" class=\"alignleft size-medium wp-image-1255244\" src=\"https:\/\/www.acapulcopress.com\/wp-content\/uploads\/2023\/07\/ESP.EDUCACION4-375x250.jpg\" alt=\"\" width=\"375\" height=\"250\" \/>\u00abEs muy importante fomentar los valores, el respeto para ser buenas personas. Estamos en esa ruta de la transformaci\u00f3n y del trabajo, no hay reto imposible cuando se trabaja con el coraz\u00f3n\u00bb, expres\u00f3 Evelyn Salgado.<\/p>\n<p style=\"text-align: justify;\">La gobernadora Evelyn Salgado indic\u00f3 que seguir\u00e1 celebrando las ceremonias c\u00edvicas mensuales de forma alternada en las escuelas de la capital lo cual permitir\u00e1 conocer las necesidades reales de los alumnos, como se realiza esta ocasi\u00f3n en una de las instituciones educativas m\u00e1s emblem\u00e1ticas de Chilpancingo con m\u00e1s de 100 a\u00f1os de historia como es la Primaria \u00abVicente Guerrero\u00bb.<\/p>\n<p style=\"text-align: justify;\">Acompa\u00f1ada por los representantes del Poder Legislativo, la diputada Yanelly Hern\u00e1ndez Mart\u00ednez y del Poder Judicial, el magistrado Raymundo Casarrubias V\u00e1zquez, as\u00ed como el secretario de Educaci\u00f3n Guerrero, Marcial Rodr\u00edguez Salda\u00f1a; el director del plantel Javier P\u00e9rez V\u00e1zquez y el alumno de sexto grado, Gadiel Eduardo Castro Guerrero.<br \/>\n] S\u00edguenos en Facebook.com\/<a href=\"https:\/\/www.facebook.com\/acapulcopress.news\/\" target=\"_blank\" rel=\"noopener\">acapulcopress<\/a><\/p>\n","protected":false},"excerpt":{"rendered":"<p>CHILPANCINGO * 10 de julio de 2023. ) Gobierno de Guerrero \u00abLa transformaci\u00f3n verdadera inicia con la gran revoluci\u00f3n educativa desde las aulas y es la educaci\u00f3n el camino para la paz duradera y el bienestar de las familias\u00bb, sostuvo la gobernadora Evelyn Salgado Pineda al se\u00f1alar que se cierra de manera exitosa el ciclo&#8230;<\/p>\n","protected":false},"author":2,"featured_media":1255247,"comment_status":"closed","ping_status":"closed","sticky":false,"template":"","format":"standard","meta":{"footnotes":""},"categories":[1983,18561],"tags":[8251],"class_list":["post-1255240","post","type-post","status-publish","format-standard","has-post-thumbnail","hentry","category-guerrerogob","category-society-politics","tag-evelyn-salgado-pineda"],"_links":{"self":[{"href":"https:\/\/www.acapulcopress.com\/index.php\/wp-json\/wp\/v2\/posts\/1255240","targetHints":{"allow":["GET"]}}],"collection":[{"href":"https:\/\/www.acapulcopress.com\/index.php\/wp-json\/wp\/v2\/posts"}],"about":[{"href":"https:\/\/www.acapulcopress.com\/index.php\/wp-json\/wp\/v2\/types\/post"}],"author":[{"embeddable":true,"href":"https:\/\/www.acapulcopress.com\/index.php\/wp-json\/wp\/v2\/users\/2"}],"replies":[{"embeddable":true,"href":"https:\/\/www.acapulcopress.com\/index.php\/wp-json\/wp\/v2\/comments?post=1255240"}],"version-history":[{"count":0,"href":"https:\/\/www.acapulcopress.com\/index.php\/wp-json\/wp\/v2\/posts\/1255240\/revisions"}],"wp:featuredmedia":[{"embeddable":true,"href":"https:\/\/www.acapulcopress.com\/index.php\/wp-json\/"}],"wp:attachment":[{"href":"https:\/\/www.acapulcopress.com\/index.php\/wp-json\/wp\/v2\/media?parent=1255240"}],"wp:term":[{"taxonomy":"category","embeddable":true,"href":"https:\/\/www.acapulcopress.com\/index.php\/wp-json\/wp\/v2\/categories?post=1255240"},{"taxonomy":"post_tag","embeddable":true,"href":"https:\/\/www.acapulcopress.com\/index.php\/wp-json\/wp\/v2\/tags?post=1255240"}],"curies":[{"name":"wp","href":"https:\/\/api.w.org\/{rel}","templated":true}]}}