{"id":1255252,"date":"2023-07-10T22:01:31","date_gmt":"2023-07-11T04:01:31","guid":{"rendered":"https:\/\/www.acapulcopress.com\/?p=1255252"},"modified":"2023-07-10T22:01:31","modified_gmt":"2023-07-11T04:01:31","slug":"convoca-gobierno-del-estado-a-mesa-de-dialogo-con-manifestantes","status":"publish","type":"post","link":"https:\/\/www.acapulcopress.com\/index.php\/2023\/07\/10\/convoca-gobierno-del-estado-a-mesa-de-dialogo-con-manifestantes\/","title":{"rendered":"Convoca Gobierno del Estado a mesa de di\u00e1logo con manifestantes"},"content":{"rendered":"<p style=\"text-align: justify;\">CHILPANCINGO * 10 de julio de 2023.<br \/>\n<em>) Gobierno de Guerrero<\/em><br \/>\nEl secretario general de Gobierno, Ludwig Marcial Reynoso N\u00fa\u00f1ez puntualiz\u00f3 que el gobierno de Evelyn Salgado Pineda ha privilegiado en todo momento y en todo tipo de manifestaciones el di\u00e1logo y sin represi\u00f3n, buscando los mejores acuerdos, por lo que reiter\u00f3 su llamado al grupo de manifestantes provenientes de comunidades de municipios de la Monta\u00f1a baja y zona Centro del estado, establecer una mesa de trabajo.<\/p>\n<p style=\"text-align: justify;\">En conferencia de prensa, el responsable de la pol\u00edtica interna del estado, indic\u00f3 que el grupo de personas se presentaron sobre la carretera a la altura del poblado de Petaquillas de manera agresiva y sin previa solicitud de sus demandas, por lo que los elementos actuaron conforme a los protocolos de actuaci\u00f3n a fin de evitar alguna confrontaci\u00f3n y bloqueo de mayores consecuencias.<\/p>\n<p style=\"text-align: justify;\">Dijo que en ning\u00fan momento los pobladores favorecieron el di\u00e1logo con las autoridades para atender los planteamientos que presuntamente solicitaban, sin embargo, recalc\u00f3 que el Gobierno del Estado aplica una inversi\u00f3n para los municipios de Quechultenango, Mochitl\u00e1n y Atlixtac durante este ejercicio 2023 del orden de 145 millones de pesos en obra p\u00fablica, luego entonces no hay un abandono ni insensibilidad por parte de este gobierno para atender las demandas ciudadanas.<\/p>\n<p style=\"text-align: justify;\">Se\u00f1al\u00f3 que es \u00abdi\u00e1logo, di\u00e1logo y m\u00e1s di\u00e1logo\u00bb la instrucci\u00f3n de la gobernadora Evelyn Salgado Pineda como v\u00eda para construir acuerdos sin caer en chantajes ni provocaciones, se\u00f1al\u00f3 el secretario General de Gobierno, tras se\u00f1alar que, \u00ablo que vemos de fondo es un intento de desestabilizar este gobierno, de manchar la administraci\u00f3n de la maestra Evelyn Salgado Pineda\u00bb.<\/p>\n<p style=\"text-align: justify;\">Reynoso N\u00fa\u00f1ez, dijo que el gobierno del estado seguir\u00e1 en la ruta de di\u00e1logo y pacificaci\u00f3n del estado con el llamado a la ciudadan\u00eda de Chilpancingo a mantener la calma, ya que se est\u00e1 trabajando para evitar eventos violentos en un esfuerzo con las fuerzas federales.<\/p>\n<p style=\"text-align: justify;\">Ludwig Reynoso N\u00fa\u00f1ez, dijo que los elementos privados de la libertad no est\u00e1n solos y se busca el di\u00e1logo para su liberaci\u00f3n, por lo que enfatiz\u00f3 el llamado a los manifestantes a participar en una mesa de trabajo para llegar a los acuerdos de manera pac\u00edfica.<\/p>\n<p style=\"text-align: justify;\">Por su parte, el secretario de Seguridad P\u00fablica, Evelio M\u00e9ndez G\u00f3mez, puntualiz\u00f3 que con este operativo en todo momento se privilegi\u00f3 el estado de derecho y el respeto a los derechos humanos a pesar de tener indicios de disparos que se realizaron lo cual se pondr\u00e1 a disposici\u00f3n de la Fiscal\u00eda General del Estado para su investigaci\u00f3n correspondiente.<\/p>\n<p style=\"text-align: justify;\">M\u00e9ndez G\u00f3mez, mencion\u00f3 que la Polic\u00eda Estatal en coordinaci\u00f3n con la Guardia Nacional actuaron conforme a los protocolos de actuaci\u00f3n con una fuerza de 300 elementos entre ambas corporaciones para contener al grupo de personas de diversas comunidades de municipios de la Monta\u00f1a baja y zona Centro del estado que se dirig\u00edan a la Chilpancingo, priorizando el di\u00e1logo.<\/p>\n<p style=\"text-align: justify;\">Se\u00f1al\u00f3 que es \u00abdi\u00e1logo, di\u00e1logo y m\u00e1s di\u00e1logo\u00bb la instrucci\u00f3n de la gobernadora Evelyn Salgado Pineda como v\u00eda para construir acuerdos sin caer en chantajes ni provocaciones, se\u00f1al\u00f3 el secretario General de Gobierno, tras se\u00f1alar que, \u00ablo que vemos de fondo es un intento de desestabilizar este gobierno, de manchar la administraci\u00f3n de la maestra Evelyn <img loading=\"lazy\" decoding=\"async\" class=\"alignleft size-medium wp-image-1255253\" src=\"https:\/\/www.acapulcopress.com\/wp-content\/uploads\/2023\/07\/reynoso-mendez-375x250.jpg\" alt=\"\" width=\"375\" height=\"250\" \/>Salgado Pineda\u00bb.<\/p>\n<p style=\"text-align: justify;\">Reynoso N\u00fa\u00f1ez, dijo que el gobierno del estado seguir\u00e1 en la ruta de di\u00e1logo y pacificaci\u00f3n del estado con el llamado a la ciudadan\u00eda de Chilpancingo a mantener la calma, ya que se est\u00e1 trabajando para evitar eventos violentos en un esfuerzo con las fuerzas federales.<\/p>\n<p style=\"text-align: justify;\">Ludwig Reynoso N\u00fa\u00f1ez, dijo que los elementos privados de la libertad no est\u00e1n solos y se busca el di\u00e1logo para su liberaci\u00f3n, por lo que enfatiz\u00f3 el llamado a los manifestantes a participar en una mesa de trabajo para llegar a los acuerdos de manera pac\u00edfica.<\/p>\n<p style=\"text-align: justify;\">Por su parte, el secretario de Seguridad P\u00fablica, Evelio M\u00e9ndez G\u00f3mez, puntualiz\u00f3 que con este operativo en todo momento se privilegi\u00f3 el estado de derecho y el respeto a los derechos humanos a pesar de tener indicios de disparos que se realizaron lo cual se pondr\u00e1 a disposici\u00f3n de la Fiscal\u00eda General del Estado para su investigaci\u00f3n correspondiente.<\/p>\n<p style=\"text-align: justify;\">M\u00e9ndez G\u00f3mez, mencion\u00f3 que la Polic\u00eda Estatal en coordinaci\u00f3n con la Guardia Nacional actuaron conforme a los protocolos de actuaci\u00f3n con una fuerza de 300 elementos entre ambas corporaciones para contener al grupo de personas de diversas comunidades de municipios de la Monta\u00f1a baja y zona Centro del estado que se dirig\u00edan a la Chilpancingo, priorizando el di\u00e1logo.<br \/>\n<em>] S\u00edguenos en Facebook.com\/<a href=\"https:\/\/www.facebook.com\/acapulcopress\" target=\"_blank\" rel=\"noopener\">acapulcopress<\/a><\/em><\/p>\n","protected":false},"excerpt":{"rendered":"<p>CHILPANCINGO * 10 de julio de 2023. ) Gobierno de Guerrero El secretario general de Gobierno, Ludwig Marcial Reynoso N\u00fa\u00f1ez puntualiz\u00f3 que el gobierno de Evelyn Salgado Pineda ha privilegiado en todo momento y en todo tipo de manifestaciones el di\u00e1logo y sin represi\u00f3n, buscando los mejores acuerdos, por lo que reiter\u00f3 su llamado al&#8230;<\/p>\n","protected":false},"author":2,"featured_media":1255255,"comment_status":"closed","ping_status":"closed","sticky":false,"template":"","format":"standard","meta":{"footnotes":""},"categories":[1969,1972,2005],"tags":[9302],"class_list":["post-1255252","post","type-post","status-publish","format-standard","has-post-thumbnail","hentry","category-trending","category-special","category-seguridad-y-justicia","tag-gobierno-de-guerrero"],"_links":{"self":[{"href":"https:\/\/www.acapulcopress.com\/index.php\/wp-json\/wp\/v2\/posts\/1255252","targetHints":{"allow":["GET"]}}],"collection":[{"href":"https:\/\/www.acapulcopress.com\/index.php\/wp-json\/wp\/v2\/posts"}],"about":[{"href":"https:\/\/www.acapulcopress.com\/index.php\/wp-json\/wp\/v2\/types\/post"}],"author":[{"embeddable":true,"href":"https:\/\/www.acapulcopress.com\/index.php\/wp-json\/wp\/v2\/users\/2"}],"replies":[{"embeddable":true,"href":"https:\/\/www.acapulcopress.com\/index.php\/wp-json\/wp\/v2\/comments?post=1255252"}],"version-history":[{"count":0,"href":"https:\/\/www.acapulcopress.com\/index.php\/wp-json\/wp\/v2\/posts\/1255252\/revisions"}],"wp:featuredmedia":[{"embeddable":true,"href":"https:\/\/www.acapulcopress.com\/index.php\/wp-json\/"}],"wp:attachment":[{"href":"https:\/\/www.acapulcopress.com\/index.php\/wp-json\/wp\/v2\/media?parent=1255252"}],"wp:term":[{"taxonomy":"category","embeddable":true,"href":"https:\/\/www.acapulcopress.com\/index.php\/wp-json\/wp\/v2\/categories?post=1255252"},{"taxonomy":"post_tag","embeddable":true,"href":"https:\/\/www.acapulcopress.com\/index.php\/wp-json\/wp\/v2\/tags?post=1255252"}],"curies":[{"name":"wp","href":"https:\/\/api.w.org\/{rel}","templated":true}]}}