{"id":1255257,"date":"2023-07-11T00:09:13","date_gmt":"2023-07-11T06:09:13","guid":{"rendered":"https:\/\/www.acapulcopress.com\/?p=1255257"},"modified":"2023-07-11T00:09:13","modified_gmt":"2023-07-11T06:09:13","slug":"dante-delgado-pinta-raya-con-el-frente-amplio","status":"publish","type":"post","link":"https:\/\/www.acapulcopress.com\/index.php\/2023\/07\/11\/dante-delgado-pinta-raya-con-el-frente-amplio\/","title":{"rendered":"Dante Delgado &#8216;pinta raya&#8217; con el Frente Amplio"},"content":{"rendered":"<p style=\"text-align: justify;\">CIUDAD DE M\u00c9XICO * 10 de julio de 2023.<br \/>\n<em>) Latinus<\/em><br \/>\nMientras destacados militantes de <a href=\"https:\/\/www.facebook.com\/MovCiudadanoMX\" target=\"_blank\" rel=\"noopener\">Movimiento Ciudadano<\/a>, como el coordinador de los senadores, Clemente Casta\u00f1eda; y el gobernador de Jalisco, Enrique Alfaro, piden analizar el apoyo del partido a X\u00f3chitl G\u00e1lvez en su b\u00fasqueda de la presidencia, el coordinador nacional de esa organizaci\u00f3n, <a href=\"https:\/\/www.facebook.com\/DanteDelgadoR\" target=\"_blank\" rel=\"noopener\">Dante Delgado<\/a>, pidi\u00f3 a sus seguidores paciencia y serenidad para decidir qui\u00e9n ser\u00e1 su aspirante a ese cargo.<\/p>\n<p style=\"text-align: justify;\">\u201cDe coraz\u00f3n, entiendo la ansiedad de c\u00fapulas y bienpensantes que, en su af\u00e1n por detener al r\u00e9gimen actual, se ven seducidos por el espejismo de las promesas de la vieja pol\u00edtica\u201d, dijo el exgobernador de Veracruz al cerrar el encuentro de la organizaci\u00f3n <em>Mexicolectivo<\/em>, que present\u00f3 una plataforma de gobierno para sean adoptados por los candidatos a la presidencia.<\/p>\n<p style=\"text-align: justify;\">Tras el acto, ante la pregunta de si apoyar\u00eda a G\u00e1lvez, Delgado dijo que s\u00f3lo lo har\u00edan si procediera de un procedimiento democr\u00e1tico, pero acus\u00f3 que el frente opositor s\u00f3lo ha incurrido en \u201csimulaci\u00f3n y viejas pr\u00e1cticas\u201d.<\/p>\n<p style=\"text-align: justify;\">Aunque los anfitriones del acto fueron militantes de Movimiento Ciudadano, los integrantes de la organizaci\u00f3n son investigadores, como la especialista en transparencia Lourdes Morales; juristas como Diego Valad\u00e9s, exfuncionarios como Jos\u00e9 Narro Robles; y empresarios como Bosco de la Vega.<\/p>\n<p style=\"text-align: justify;\">Entre quienes aportaron propuestas est\u00e1 la misma X\u00f3chitl G\u00e1lvez, quien grab\u00f3 un video que se transmiti\u00f3 en la ceremonia, en el que habla del necesario respeto a los grupos ind\u00edgenas,<\/p>\n<p style=\"text-align: justify;\">Pese a los llamados para que Movimiento Ciudadano se una al Frente Amplio opositor, Dante Delgado sigui\u00f3 criticando a esos partidos, a quienes en numerosas ocasiones ha llamado \u201cla vieja pol\u00edtica\u201d.<\/p>\n<p style=\"text-align: justify;\">Durante su discurso, dijo: \u201cEn M\u00e9xico hacen falta opciones pol\u00edticas nuevas, modernas, alejadas de las viejas formas que ya fracasaron, de las formas que solo ven el poder como un medio para tener m\u00e1s poder o para satisfacer una necesidad de revancha\u201c.<\/p>\n<p style=\"text-align: justify;\">Delgado pidi\u00f3 a sus militantes que conf\u00eden en \u00e9l porque desde hace 30 a\u00f1os, cuando rompi\u00f3 con el PRI, ha peleado contra el viejo r\u00e9gimen y sabe que es necesario recorrer un camino largo \u201cpara lograr un cambio real en M\u00e9xico\u201d.<\/p>\n<p style=\"text-align: justify;\"><em>] S\u00edguenos en Facebook.com\/<a href=\"https:\/\/www.facebook.com\/acapulcopress\" target=\"_blank\" rel=\"noopener\">acapulcopress<\/a><\/em><\/p>\n","protected":false},"excerpt":{"rendered":"<p>CIUDAD DE M\u00c9XICO * 10 de julio de 2023. ) Latinus Mientras destacados militantes de Movimiento Ciudadano, como el coordinador de los senadores, Clemente Casta\u00f1eda; y el gobernador de Jalisco, Enrique Alfaro, piden analizar el apoyo del partido a X\u00f3chitl G\u00e1lvez en su b\u00fasqueda de la presidencia, el coordinador nacional de esa organizaci\u00f3n, Dante Delgado,&#8230;<\/p>\n","protected":false},"author":2,"featured_media":1255259,"comment_status":"closed","ping_status":"closed","sticky":false,"template":"","format":"standard","meta":{"footnotes":""},"categories":[1997],"tags":[6943,8929,13026,13333],"class_list":["post-1255257","post","type-post","status-publish","format-standard","has-post-thumbnail","hentry","category-noticias-destacadas","tag-dante-delgado","tag-frente-amplio-por-mexico","tag-mexicolectivo","tag-movimiento-ciudadano"],"_links":{"self":[{"href":"https:\/\/www.acapulcopress.com\/index.php\/wp-json\/wp\/v2\/posts\/1255257","targetHints":{"allow":["GET"]}}],"collection":[{"href":"https:\/\/www.acapulcopress.com\/index.php\/wp-json\/wp\/v2\/posts"}],"about":[{"href":"https:\/\/www.acapulcopress.com\/index.php\/wp-json\/wp\/v2\/types\/post"}],"author":[{"embeddable":true,"href":"https:\/\/www.acapulcopress.com\/index.php\/wp-json\/wp\/v2\/users\/2"}],"replies":[{"embeddable":true,"href":"https:\/\/www.acapulcopress.com\/index.php\/wp-json\/wp\/v2\/comments?post=1255257"}],"version-history":[{"count":0,"href":"https:\/\/www.acapulcopress.com\/index.php\/wp-json\/wp\/v2\/posts\/1255257\/revisions"}],"wp:featuredmedia":[{"embeddable":true,"href":"https:\/\/www.acapulcopress.com\/index.php\/wp-json\/"}],"wp:attachment":[{"href":"https:\/\/www.acapulcopress.com\/index.php\/wp-json\/wp\/v2\/media?parent=1255257"}],"wp:term":[{"taxonomy":"category","embeddable":true,"href":"https:\/\/www.acapulcopress.com\/index.php\/wp-json\/wp\/v2\/categories?post=1255257"},{"taxonomy":"post_tag","embeddable":true,"href":"https:\/\/www.acapulcopress.com\/index.php\/wp-json\/wp\/v2\/tags?post=1255257"}],"curies":[{"name":"wp","href":"https:\/\/api.w.org\/{rel}","templated":true}]}}