{"id":1255263,"date":"2023-07-11T11:44:40","date_gmt":"2023-07-11T17:44:40","guid":{"rendered":"https:\/\/www.acapulcopress.com\/?p=1255263"},"modified":"2023-07-11T11:44:40","modified_gmt":"2023-07-11T17:44:40","slug":"no-habra-liberacion-de-ardillos-advierte-amlo","status":"publish","type":"post","link":"https:\/\/www.acapulcopress.com\/index.php\/2023\/07\/11\/no-habra-liberacion-de-ardillos-advierte-amlo\/","title":{"rendered":"No habr\u00e1 liberaci\u00f3n de &#8216;ardillos&#8217;, advierte AMLO"},"content":{"rendered":"<p style=\"text-align: justify;\"><strong><em>* Expresa Gobierno federal todo su respaldo al &#8216;di\u00e1logo sin represi\u00f3n&#8217; del Gobierno estatal\u00a0<\/em><\/strong><br \/>\n<em>* *No se caer\u00e1 en provocaciones, se\u00f1al\u00f3 la titular de Seguridad P\u00fablica y Protecci\u00f3n Ciudadana, Rosa Icela Rodr\u00edguez<br \/>\n<strong>* Las manifestaciones de Chilpancingo se dieron para exigir la liberaci\u00f3n de dos presuntos criminales del grupo de \u201cLos Ardillos\u201d, c\u00e9lula criminal tiene \u201cmuchos a\u00f1os operando en la regi\u00f3n\u201d, revela la SSPyPC federal<\/strong><br \/>\n<\/em><\/p>\n<p style=\"text-align: justify;\">CHILPANCINGO * 11 de julio de 2023.<br \/>\n<em>) <a href=\"https:\/\/www.publimetro.com.mx\/nacional\/2023\/07\/11\/rechaza-amlo-liberacion-de-lideres-de-los-ardillos-en-chilpancingo-guerrero\/\" target=\"_blank\" rel=\"noopener\">Publimetro<\/a> | Gobierno de Guerrero<br \/>\n<\/em>El presidente <a href=\"https:\/\/www.facebook.com\/lopezobrador.org.mx\" target=\"_blank\" rel=\"noopener\">Andr\u00e9s Manuel L\u00f3pez Obrador<\/a> rechaz\u00f3 que se vaya a liberar a los l\u00edderes de \u201cLos Ardillos\u201d, motivo de las protestas y enfrentamientos en Chilpancingo, Guerrero. Adem\u00e1s, pidi\u00f3 el apoyo de la ciudadan\u00eda para resistir las afectaciones de los bloqueos, pues no se va a utilizar la fuerza p\u00fablica para enfrentar las manifestaciones.<\/p>\n<p style=\"text-align: justify;\">Durante la conferencia de prensa matutina de este martes, el presidente hizo un llamado a la poblaci\u00f3n de Chilpancingo y de Chilapa: \u201cQue no se dejen man<img loading=\"lazy\" decoding=\"async\" class=\"alignleft size-medium wp-image-1255270\" src=\"https:\/\/www.acapulcopress.com\/wp-content\/uploads\/2023\/07\/REBELION-EN-CHILPANCINGO-375x211.jpg\" alt=\"\" width=\"375\" height=\"211\" \/>ipular por quienes dirigen estas bandas que est\u00e1n vinculadas a la delincuencia. Que no se expongan\u201d, coment\u00f3 el mandatario.<\/p>\n<p style=\"text-align: justify;\">\u201cSi los obligan, y los amenazan, pues que act\u00faen con prudencia, con cuidado. Que no se confronten con los dirigentes de estos grupos, que se queden callados, pero que no se dejen manipular, porque es una pr\u00e1ctica de algunos grupos de la delincuencia\u201d, explic\u00f3.<\/p>\n<p style=\"text-align: justify;\">El presidente record\u00f3 que los grupos de la delincuencia \u201cvan creando una base social\u201d con aspectos como la entrega de despensas.<\/p>\n<p style=\"text-align: justify;\">Adem\u00e1s, L\u00f3pez Obrador pidi\u00f3 a la poblaci\u00f3n \u201ccomprensi\u00f3n\u201d y \u201cresistir\u201d ante las afectaciones que provocan las manifestaciones, como la toma de la autopista del Sol, principal v\u00eda de conexi\u00f3n con Acapulco.<\/p>\n<p style=\"text-align: justify;\">\u201cEs lo que pasaba con el huachicol, cuando estaba en su apogeo, que los jefes llenaban pipas de gasolina robada y le permit\u00edan a la gente pobre recoger gasolina en bidones. Y as\u00ed se hac\u00edan de una base, al grado de que llegaba la Marina, el Ej\u00e9rcito -y ahora la Guardia Nacional- y la gente los agred\u00eda. Esto pasa tambi\u00e9n en algunos lugares de la [Selva] Lacandona [Chiapas], donde los grupos tienen una base social. Si llega un avi\u00f3n con coca\u00edna, hay que ir pronto al decomiso porque llega la gente y protege al avi\u00f3n, para que no haya decomiso\u201d, a\u00f1adi\u00f3.<\/p>\n<p style=\"text-align: justify;\">Esta p\u00e1gina web almacena cookies en su ordenador. Las cookies se usan para recopilar informaci\u00f3n sobre su forma de interactuar con esta web y nos permite acordarnos de usted. Usamos esta informaci\u00f3n para mejorar y personalizar su experiencia de navegaci\u00f3n y para los an\u00e1lisis y mediciones de los visitantes tanto en la web como en otros medios de comunicaci\u00f3n. Para saber m\u00e1s sobre las cookies que usamos, consulte nuestra Pol\u00edtica de Privacidad.<\/p>\n<p style=\"text-align: justify;\">LA GENTE NO QUIERE SER UTILIZADA POR LA DELINCUENCIA: AMLO<\/p>\n<p style=\"text-align: justify;\">L\u00f3pez Obrador afirm\u00f3 que la ciudadan\u00eda no quiere participar con los l\u00edderes de las organizaciones criminales, debido a que ahora reciben apoyos sociales. \u201cSe est\u00e1 atendiendo, como nunca, a los pobres y los de Guerrero lo saben. Yo no digo mentiras. Ah\u00ed, en Guerrero, es donde m\u00e1s apoyos sociales est\u00e1n llegando a las zonas m\u00e1s pobres\u201d. El mandatario destac\u00f3 apoyos a campesinos, adultos mayores y estudiantes.<\/p>\n<p style=\"text-align: justify;\">NO VAMOS A SER REHENES DE NADIE<\/p>\n<p style=\"text-align: justify;\">El presidente tambi\u00e9n afirm\u00f3 que no ceder\u00e1 a las demandas de liberar a los dirigentes de \u201cLos Ardillos\u201d, en primera porque es una decisi\u00f3n del Poder Judicial -no del Ejecutivo- y en segunda porque no van a ser \u201crehenes de nadie\u201d.<\/p>\n<p style=\"text-align: justify;\">\u201cQue no est\u00e9n pensando -tambi\u00e9n- que somos represores, como eran los de antes. No, no hay tortura en este gobierno, no hay masacres, no hay desapariciones. La instrucci\u00f3n que dio Rosa Icela -y que fue apoyada por el Gabinete de Seguridad- es no caer en ninguna provocaci\u00f3n, porque puede ser que los jefes anden buscando eso, nada m\u00e1s que no se va a enfrentar la violencia con la violencia. El mal no se puede enfrentar haciendo el mal. El mal se enfrenta haciendo el bien\u201d, se\u00f1al\u00f3.<\/p>\n<p style=\"text-align: justify;\">Por lo tanto, le pidi\u00f3 a los habitantes que \u201clos deje solos, porque eso no es bueno\u201d<\/p>\n<p style=\"text-align: justify;\">PIDE A TURISTAS RESISTIS AFECTACIONES DE LOS BLOQUEOS<\/p>\n<p style=\"text-align: justify;\">El presidente tambi\u00e9n pidi\u00f3 \u201ca la gente de Guerrero y a los que van a viajar hacia Acapulco\u201d que tomen v\u00edas alternas por los bloqueos en la Autopista del Sol.<\/p>\n<p style=\"text-align: justify;\">\u201cQue si toman la carretera, nos comprendan, que nos ayuden si tenemos que padecer un poco. Ofrecemos disculpas, pero es lo mejor. Lo mejor es como se est\u00e1 actuando. No hay impunidad para nadie y no hay violencia\u201d, expres\u00f3.<\/p>\n<p style=\"text-align: justify;\">\u00a1Imag\u00ednense que ayer se les enfrenta! \u00a1Tra\u00edan armas de fuego! \u00a1Imag\u00ednense que se les enfrenta y hay muertos! \u00a1La desgracia m\u00e1s grande! \u00a1No! Gobernar es dialogar. Si traen una demanda justa, claro que se les atiende. Pero no, se trata de que se detuvo a dos personas, hay un proceso iniciado por un juez. Tiene que ver con el Poder Judicial, no con el Ejecutivo, y piden \u201cs\u00e1quenlos\u201d. \u00bfC\u00f3mo?<\/p>\n<p style=\"text-align: justify;\">L\u00f3pez Obrador dijo que enga\u00f1aron con el motivo de la protesta. \u201cHablaban de \u2018caminos\u2019 y de \u2018programas sociales\u2019 porque ese es el discurso aparente, pero ando buscando al tonto que se los crea. No, el asunto es que est\u00e1n dos detenidos y quieren que los liberen\u201d.<\/p>\n<p style=\"text-align: justify;\">\u201cNi modo, hay que buscar alternativas para rodear donde est\u00e1 el bloqueo, pero no ceder. Yo estoy seguro que la gente de Guerrero nos va a ayudar\u201d, concluy\u00f3.<\/p>\n<p style=\"text-align: justify;\">TODO EL RESPALDO DEL GOBIERNO FEDERAL AL \u00abDI\u00c1LOGO SIN REPRESI\u00d3N\u00bb DEL GOBIERNO DE GUERRERO<\/p>\n<p style=\"text-align: justify;\">La secretaria de Seguridad P\u00fablica y Protecci\u00f3n Ciudad<img loading=\"lazy\" decoding=\"async\" class=\"alignleft size-medium wp-image-1255265\" src=\"https:\/\/www.acapulcopress.com\/wp-content\/uploads\/2023\/07\/MANANERA-CASO-CHILPANCINGO-375x236.jpg\" alt=\"\" width=\"375\" height=\"236\" \/>ana Rosa Icela Rodr\u00edguez respald\u00f3 las acciones realizadas de no enfrentar la violencia con m\u00e1s violencia que prioriz\u00f3 el gobierno de Guerrero y exhibi\u00f3 los v\u00ednculos de los dos l\u00edderes que encabezaron la protesta y bloqueo este lunes en la Autopista del Sol en Chilpancingo con el grupo delictivo de Los Ardillos.<\/p>\n<p style=\"text-align: justify;\">Desde la conferencia matutina del presidente Andr\u00e9s Manuel L\u00f3pez Obrador en Palacio Nacional, Rosa Isela Rodr\u00edguez, hizo menci\u00f3n que la manifestaci\u00f3n en Chilpancingo est\u00e1 vinculada con la detenci\u00f3n de dos personas con drogas y cartuchos, relacionados en la comisi\u00f3n de delitos en esta regi\u00f3n.<\/p>\n<p style=\"text-align: justify;\">Confirm\u00f3 que los manifestantes se movilizaron para exigir la liberaci\u00f3n de estos dos detenidos relacionados con Los Ardillos. Por lo que se identific\u00f3 al vocero principal Guillermo Mat\u00edas Marr\u00f3n quien se autonombr\u00f3 en la conferencia de prensa como el Presidente de la Organizaci\u00f3n de Comisarios de Guerrero, sin embargo, es due\u00f1o de una empresa constructora y cuenta con diversas causas penales y es af\u00edn al grupo Los Ardillos.<\/p>\n<p style=\"text-align: justify;\">Tambi\u00e9n se identific\u00f3 Gilmar Ja\u00edr Sereno Ch\u00e1vez, quien tambi\u00e9n es af\u00edn a grupo delictivo Los Ardillos y el 16 de febrero de 2022, organiz\u00f3 manifestaciones similares en Quechultenango, donde hubo la retenci\u00f3n de personal militar y exig\u00edan la liberaci\u00f3n de una persona detenida y la salida de las fuerzas de seguridad en ese municipio.<\/p>\n<p style=\"text-align: justify;\">Sobre los hechos el d\u00eda de ayer, la funcionaria federal acord\u00f3 con la Mesa de Coordinaci\u00f3n para la Construcci\u00f3n de la Paz en dar la instrucci\u00f3n de no caer en provocaciones porque se tiene conocimiento que hay mucha gente obligada a manifestarse.<\/p>\n<p style=\"text-align: justify;\">Puntualiz\u00f3 que la directriz es clara de no enfrentar la violencia con m\u00e1s violencia y en la mesa de la paz y seguridad en Guerrero, acord\u00f3 con la gobernadora Evelyn Salgado que se sostenga reuniones con las autoridades municipales y ejidales para buscar la liberaci\u00f3n de los servidores p\u00fablicos retenidos durante la manifestaci\u00f3n del d\u00eda de ayer.<\/p>\n<p style=\"text-align: justify;\">Resalt\u00f3 que durante todas las horas que se mantuvo la manifestaci\u00f3n, tanto las autoridades federales como estatales privilegiaron el di\u00e1logo y en todo momento en todo momento se evit\u00f3 la confrontaci\u00f3n esto para evitar cualquier tipo de mayor violencia.<\/p>\n<div style=\"width: 368px;\" class=\"wp-video\"><video class=\"wp-video-shortcode\" id=\"video-1255263-1\" width=\"368\" height=\"672\" preload=\"metadata\" controls=\"controls\"><source type=\"video\/mp4\" src=\"https:\/\/www.acapulcopress.com\/wp-content\/uploads\/2023\/07\/rebelion-de-los-ardillos4.mp4?_=1\" \/><a href=\"https:\/\/www.acapulcopress.com\/wp-content\/uploads\/2023\/07\/rebelion-de-los-ardillos4.mp4\">https:\/\/www.acapulcopress.com\/wp-content\/uploads\/2023\/07\/rebelion-de-los-ardillos4.mp4<\/a><\/video><\/div>\n<div style=\"width: 576px;\" class=\"wp-video\"><video class=\"wp-video-shortcode\" id=\"video-1255263-2\" width=\"576\" height=\"480\" preload=\"metadata\" controls=\"controls\"><source type=\"video\/mp4\" src=\"https:\/\/www.acapulcopress.com\/wp-content\/uploads\/2023\/07\/rebelion-de-los-ardillos.mp4?_=2\" \/><a href=\"https:\/\/www.acapulcopress.com\/wp-content\/uploads\/2023\/07\/rebelion-de-los-ardillos.mp4\">https:\/\/www.acapulcopress.com\/wp-content\/uploads\/2023\/07\/rebelion-de-los-ardillos.mp4<\/a><\/video><\/div>\n<div style=\"width: 368px;\" class=\"wp-video\"><video class=\"wp-video-shortcode\" id=\"video-1255263-3\" width=\"368\" height=\"656\" preload=\"metadata\" controls=\"controls\"><source type=\"video\/mp4\" src=\"https:\/\/www.acapulcopress.com\/wp-content\/uploads\/2023\/07\/rebelion-de-los-ardillos3.mp4?_=3\" \/><a href=\"https:\/\/www.acapulcopress.com\/wp-content\/uploads\/2023\/07\/rebelion-de-los-ardillos3.mp4\">https:\/\/www.acapulcopress.com\/wp-content\/uploads\/2023\/07\/rebelion-de-los-ardillos3.mp4<\/a><\/video><\/div>\n<div style=\"width: 464px;\" class=\"wp-video\"><video class=\"wp-video-shortcode\" id=\"video-1255263-4\" width=\"464\" height=\"848\" preload=\"metadata\" controls=\"controls\"><source type=\"video\/mp4\" src=\"https:\/\/www.acapulcopress.com\/wp-content\/uploads\/2023\/07\/rebelion-de-los-ardillos2.mp4?_=4\" \/><a href=\"https:\/\/www.acapulcopress.com\/wp-content\/uploads\/2023\/07\/rebelion-de-los-ardillos2.mp4\">https:\/\/www.acapulcopress.com\/wp-content\/uploads\/2023\/07\/rebelion-de-los-ardillos2.mp4<\/a><\/video><\/div>\n<p style=\"text-align: justify;\">] S\u00edguenos en F<em>acebook.com\/<a href=\"https:\/\/www.facebook.com\/acapulcopress\" target=\"_blank\" rel=\"noopener\">acapulcopress<\/a><\/em><\/p>\n","protected":false},"excerpt":{"rendered":"<p>* Expresa Gobierno federal todo su respaldo al &#8216;di\u00e1logo sin represi\u00f3n&#8217; del Gobierno estatal\u00a0 * *No se caer\u00e1 en provocaciones, se\u00f1al\u00f3 la titular de Seguridad P\u00fablica y Protecci\u00f3n Ciudadana, Rosa Icela Rodr\u00edguez * Las manifestaciones de Chilpancingo se dieron para exigir la liberaci\u00f3n de dos presuntos criminales del grupo de \u201cLos Ardillos\u201d, c\u00e9lula criminal tiene&#8230;<\/p>\n","protected":false},"author":2,"featured_media":1255264,"comment_status":"closed","ping_status":"closed","sticky":false,"template":"","format":"standard","meta":{"footnotes":""},"categories":[1997],"tags":[5440,12069,13744,15801,16399],"class_list":["post-1255263","post","type-post","status-publish","format-standard","has-post-thumbnail","hentry","category-noticias-destacadas","tag-celso-ortega-jimenez","tag-los-ardillos","tag-norma-otilia-hernandez-martinez","tag-rosa-icela-rodriguez","tag-seguridad-publica-y-proteccion-ciudadana-ssppc"],"_links":{"self":[{"href":"https:\/\/www.acapulcopress.com\/index.php\/wp-json\/wp\/v2\/posts\/1255263","targetHints":{"allow":["GET"]}}],"collection":[{"href":"https:\/\/www.acapulcopress.com\/index.php\/wp-json\/wp\/v2\/posts"}],"about":[{"href":"https:\/\/www.acapulcopress.com\/index.php\/wp-json\/wp\/v2\/types\/post"}],"author":[{"embeddable":true,"href":"https:\/\/www.acapulcopress.com\/index.php\/wp-json\/wp\/v2\/users\/2"}],"replies":[{"embeddable":true,"href":"https:\/\/www.acapulcopress.com\/index.php\/wp-json\/wp\/v2\/comments?post=1255263"}],"version-history":[{"count":0,"href":"https:\/\/www.acapulcopress.com\/index.php\/wp-json\/wp\/v2\/posts\/1255263\/revisions"}],"wp:featuredmedia":[{"embeddable":true,"href":"https:\/\/www.acapulcopress.com\/index.php\/wp-json\/"}],"wp:attachment":[{"href":"https:\/\/www.acapulcopress.com\/index.php\/wp-json\/wp\/v2\/media?parent=1255263"}],"wp:term":[{"taxonomy":"category","embeddable":true,"href":"https:\/\/www.acapulcopress.com\/index.php\/wp-json\/wp\/v2\/categories?post=1255263"},{"taxonomy":"post_tag","embeddable":true,"href":"https:\/\/www.acapulcopress.com\/index.php\/wp-json\/wp\/v2\/tags?post=1255263"}],"curies":[{"name":"wp","href":"https:\/\/api.w.org\/{rel}","templated":true}]}}