{"id":1255274,"date":"2023-07-11T15:00:16","date_gmt":"2023-07-11T21:00:16","guid":{"rendered":"https:\/\/www.acapulcopress.com\/?p=1255274"},"modified":"2023-07-11T15:00:16","modified_gmt":"2023-07-11T21:00:16","slug":"prevalecio-el-dialogo-logra-gobierno-del-estado-liberacion-de-autopista-del-sol","status":"publish","type":"post","link":"https:\/\/www.acapulcopress.com\/index.php\/2023\/07\/11\/prevalecio-el-dialogo-logra-gobierno-del-estado-liberacion-de-autopista-del-sol\/","title":{"rendered":"Prevaleci\u00f3 el di\u00e1logo: Logra Gobierno del Estado liberaci\u00f3n de Autopista del Sol"},"content":{"rendered":"<div class=\"xdj266r x11i5rnm xat24cr x1mh8g0r x1vvkbs x126k92a\">\n<div dir=\"auto\" style=\"text-align: justify;\">* Tambi\u00e9n se logr\u00f3 rescatar a funcionarios retenidos y el cami\u00f3n policial t\u00e1ctico de la SSP<\/p>\n<\/div>\n<\/div>\n<div class=\"x11i5rnm xat24cr x1mh8g0r x1vvkbs xtlvy1s x126k92a\" style=\"text-align: justify;\">\n<div dir=\"auto\">CHILPACINGO* 11 de julio, 2023.<\/div>\n<div dir=\"auto\"><em>) Aps<\/em><\/div>\n<div dir=\"auto\">Mediante di\u00e1logo p\u00fablico y transparente, sin negociaciones &#8216;en lo oscurito&#8217;, en clara <img loading=\"lazy\" decoding=\"async\" class=\"alignleft size-medium wp-image-1255278\" src=\"https:\/\/www.acapulcopress.com\/wp-content\/uploads\/2023\/07\/DIALOGO-AUTOPISTA3-375x210.jpg\" alt=\"\" width=\"375\" height=\"210\" \/>evidencia de oficio pol\u00edtico, el <a class=\"x1i10hfl xjbqb8w x6umtig x1b1mbwd xaqea5y xav7gou x9f619 x1ypdohk xt0psk2 xe8uvvx xdj266r x11i5rnm xat24cr x1mh8g0r xexx8yu x4uap5 x18d9i69 xkhd6sd x16tdsg8 x1hl2dhg xggy1nq x1a2a7pz xt0b8zv x1qq9wsj xo1l8bm\" tabindex=\"0\" role=\"link\" href=\"https:\/\/www.facebook.com\/GobiernoGuerrero?__cft__[0]=AZVamoTfcNYM3Q5Qg0glMHQiykeGHfnt3XC76GBsFlMP32hoYMCw2m3yaoc18jFrCthuNJ9hsBpNnZ60R3PL4UrD9XMTHo2MTMDlAuIkzL_5a0vWq4Zg1FMi4K0_7D7ssjUDbizvbGldoNNG1VscZ_6S&amp;__tn__=-]K-R\" target=\"_blank\" rel=\"noopener\"><span class=\"xt0psk2\">Gobierno del Estado de Guerrero<\/span><\/a> logr\u00f3 apaciguar los \u00e1nimos y la liberaci\u00f3n de la Autopista del Sol.<\/p>\n<\/div>\n<\/div>\n<div class=\"x11i5rnm xat24cr x1mh8g0r x1vvkbs xtlvy1s x126k92a\" style=\"text-align: justify;\">\n<div dir=\"auto\">Correspondi\u00f3 a la Gobernadora <a class=\"x1i10hfl xjbqb8w x6umtig x1b1mbwd xaqea5y xav7gou x9f619 x1ypdohk xt0psk2 xe8uvvx xdj266r x11i5rnm xat24cr x1mh8g0r xexx8yu x4uap5 x18d9i69 xkhd6sd x16tdsg8 x1hl2dhg xggy1nq x1a2a7pz xt0b8zv x1qq9wsj xo1l8bm\" tabindex=\"0\" role=\"link\" href=\"https:\/\/www.facebook.com\/EvelynSalgadoP?__cft__[0]=AZVamoTfcNYM3Q5Qg0glMHQiykeGHfnt3XC76GBsFlMP32hoYMCw2m3yaoc18jFrCthuNJ9hsBpNnZ60R3PL4UrD9XMTHo2MTMDlAuIkzL_5a0vWq4Zg1FMi4K0_7D7ssjUDbizvbGldoNNG1VscZ_6S&amp;__tn__=-]K-R\" target=\"_blank\" rel=\"noopener\"><span class=\"xt0psk2\">Evelyn Salgado Pineda<\/span><\/a> informar que \u00aba trav\u00e9s de la pol\u00edtica de di\u00e1logo que distingue a este Gobierno, sin represi\u00f3n ni confrontaci\u00f3n, logramos la liberaci\u00f3n de 13 servidores p\u00fablicos retenidos\u00bb, a la vez, se consigui\u00f3 el \u00ablibre tr\u00e1nsito por la Autopista del Sol\u00bb. As\u00ed mismo, revel\u00f3 que tambi\u00e9n \u00abfue devuelto el veh\u00edculo t\u00e1ctico, propiedad de la <a class=\"x1i10hfl xjbqb8w x6umtig x1b1mbwd xaqea5y xav7gou x9f619 x1ypdohk xt0psk2 xe8uvvx xdj266r x11i5rnm xat24cr x1mh8g0r xexx8yu x4uap5 x18d9i69 xkhd6sd x16tdsg8 x1hl2dhg xggy1nq x1a2a7pz xt0b8zv x1qq9wsj xo1l8bm\" tabindex=\"0\" role=\"link\" href=\"https:\/\/www.facebook.com\/sspguerrero?__cft__[0]=AZVamoTfcNYM3Q5Qg0glMHQiykeGHfnt3XC76GBsFlMP32hoYMCw2m3yaoc18jFrCthuNJ9hsBpNnZ60R3PL4UrD9XMTHo2MTMDlAuIkzL_5a0vWq4Zg1FMi4K0_7D7ssjUDbizvbGldoNNG1VscZ_6S&amp;__tn__=-]K-R\" target=\"_blank\" rel=\"noopener\"><span class=\"xt0psk2\">Secretar\u00eda de Seguridad P\u00fablica de Guerrero<\/span><\/a> (SSPG).<\/p>\n<\/div>\n<\/div>\n<div class=\"x11i5rnm xat24cr x1mh8g0r x1vvkbs xtlvy1s x126k92a\">\n<div dir=\"auto\" style=\"text-align: justify;\">Menester destacar que todos los acuerdos \u00abse dieron dentro del marco de la ley, del di\u00e1logo y la legalidad, priorizando el bienestar del pueblo de Guerrero\u00bb, porque por \u00abencima de la ley nada ( y ) fuera de la ley nadie\u00bb, subray\u00f3 la Gobernadora.<\/p>\n<p><img loading=\"lazy\" decoding=\"async\" class=\"alignnone wp-image-1255279 size-large\" src=\"https:\/\/www.acapulcopress.com\/wp-content\/uploads\/2023\/07\/DIALOGO-AUTOPISTA4-840x464.jpg\" alt=\"\" width=\"696\" height=\"384\" \/><\/div>\n<div dir=\"auto\" style=\"text-align: justify;\">] S\u00edguenos en <a class=\"x1i10hfl xjbqb8w x6umtig x1b1mbwd xaqea5y xav7gou x9f619 x1ypdohk xt0psk2 xe8uvvx xdj266r x11i5rnm xat24cr x1mh8g0r xexx8yu x4uap5 x18d9i69 xkhd6sd x16tdsg8 x1hl2dhg xggy1nq x1a2a7pz xt0b8zv x1qq9wsj xo1l8bm\" tabindex=\"0\" role=\"link\" href=\"https:\/\/www.facebook.com\/acapulcopress?__cft__[0]=AZVamoTfcNYM3Q5Qg0glMHQiykeGHfnt3XC76GBsFlMP32hoYMCw2m3yaoc18jFrCthuNJ9hsBpNnZ60R3PL4UrD9XMTHo2MTMDlAuIkzL_5a0vWq4Zg1FMi4K0_7D7ssjUDbizvbGldoNNG1VscZ_6S&amp;__tn__=-]K-R\"><span class=\"xt0psk2\">AcapulcoPress<\/span><\/a><\/div>\n<\/div>\n","protected":false},"excerpt":{"rendered":"<p>* Tambi\u00e9n se logr\u00f3 rescatar a funcionarios retenidos y el cami\u00f3n policial t\u00e1ctico de la SSP CHILPACINGO* 11 de julio, 2023. ) Aps Mediante di\u00e1logo p\u00fablico y transparente, sin negociaciones &#8216;en lo oscurito&#8217;, en clara evidencia de oficio pol\u00edtico, el Gobierno del Estado de Guerrero logr\u00f3 apaciguar los \u00e1nimos y la liberaci\u00f3n de la Autopista&#8230;<\/p>\n","protected":false},"author":2,"featured_media":1255275,"comment_status":"closed","ping_status":"closed","sticky":false,"template":"","format":"standard","meta":{"footnotes":""},"categories":[1969,1972,2005],"tags":[8251,16268],"class_list":["post-1255274","post","type-post","status-publish","format-standard","has-post-thumbnail","hentry","category-trending","category-special","category-seguridad-y-justicia","tag-evelyn-salgado-pineda","tag-secretaria-de-seguridad-publica-de-guerrero-sspg"],"_links":{"self":[{"href":"https:\/\/www.acapulcopress.com\/index.php\/wp-json\/wp\/v2\/posts\/1255274","targetHints":{"allow":["GET"]}}],"collection":[{"href":"https:\/\/www.acapulcopress.com\/index.php\/wp-json\/wp\/v2\/posts"}],"about":[{"href":"https:\/\/www.acapulcopress.com\/index.php\/wp-json\/wp\/v2\/types\/post"}],"author":[{"embeddable":true,"href":"https:\/\/www.acapulcopress.com\/index.php\/wp-json\/wp\/v2\/users\/2"}],"replies":[{"embeddable":true,"href":"https:\/\/www.acapulcopress.com\/index.php\/wp-json\/wp\/v2\/comments?post=1255274"}],"version-history":[{"count":0,"href":"https:\/\/www.acapulcopress.com\/index.php\/wp-json\/wp\/v2\/posts\/1255274\/revisions"}],"wp:featuredmedia":[{"embeddable":true,"href":"https:\/\/www.acapulcopress.com\/index.php\/wp-json\/"}],"wp:attachment":[{"href":"https:\/\/www.acapulcopress.com\/index.php\/wp-json\/wp\/v2\/media?parent=1255274"}],"wp:term":[{"taxonomy":"category","embeddable":true,"href":"https:\/\/www.acapulcopress.com\/index.php\/wp-json\/wp\/v2\/categories?post=1255274"},{"taxonomy":"post_tag","embeddable":true,"href":"https:\/\/www.acapulcopress.com\/index.php\/wp-json\/wp\/v2\/tags?post=1255274"}],"curies":[{"name":"wp","href":"https:\/\/api.w.org\/{rel}","templated":true}]}}