{"id":1255282,"date":"2023-07-11T16:08:05","date_gmt":"2023-07-11T22:08:05","guid":{"rendered":"https:\/\/www.acapulcopress.com\/?p=1255282"},"modified":"2023-07-11T16:08:05","modified_gmt":"2023-07-11T22:08:05","slug":"chilpancingo-entre-el-terror-y-la-zozobra","status":"publish","type":"post","link":"https:\/\/www.acapulcopress.com\/index.php\/2023\/07\/11\/chilpancingo-entre-el-terror-y-la-zozobra\/","title":{"rendered":"Chilpancingo, entre el terror y la zozobra"},"content":{"rendered":"<p style=\"text-align: justify;\">Marem\u00e1gnum<br \/>\n\u00bb <strong>RICARDO<\/strong> | <strong>CASTILLO BARRIENTOS<\/strong><br \/>\n<em>) Facebook \/ <a href=\"https:\/\/www.facebook.com\/ricardocastill01\" target=\"_blank\" rel=\"noopener\">Ricardo Castillo Barrientos<\/a><\/em><\/p>\n<p style=\"text-align: justify;\">El ambiente de violencia que prevalece en algunos municipios de la entidad estall\u00f3 en la capital del estado, con varias muertes violentas, incendios de veh\u00edculos y enfrentamientos entre polic\u00edas estatales y de la Guardia Nacional y una turba de pobladores del circuito R\u00edo Azul.<\/p>\n<p style=\"text-align: justify;\">La ciudad de Chilpancingo ha vivido tres d\u00edas de terror que tiene atemorizada a la poblaci\u00f3n y hasta este lunes, hab\u00edan suspendido el servicio de transporte urbano, cierre de negocios, calles desoladas y todo mundo resguard\u00e1ndose en sus hogares.<\/p>\n<p style=\"text-align: justify;\">Esta crisis tiene su origen en la detenci\u00f3n del dirigente transportista del circuito R\u00edo Azul y del Valle de El Ocotito-Tierra Colorada, Jes\u00fas Echeverr\u00eda Pe\u00f1afiel, alias \u201cEl Topo\u201d y otra persona, presuntamente por posesi\u00f3n de drogas, quienes se encuentran a disposici\u00f3n de la Fiscal\u00eda General de la Rep\u00fablica.<\/p>\n<p style=\"text-align: justify;\">En esos d\u00edas se difundi\u00f3 un v\u00eddeo y fotograf\u00edas de una reuni\u00f3n de la alcaldesa capitalina, <a href=\"https:\/\/www.facebook.com\/NormaOtiliaHernandez\" target=\"_blank\" rel=\"noopener\">Norma Otilia Hern\u00e1ndez Mart\u00ednez<\/a>, con el l\u00edder del grupo criminal \u201cLos Ardillos\u201d, Celso Ortega Jim\u00e9nez, en un restaurante ubicado a las orillas de la cabecera municipal de Quechultenango, de la cual solo se conoci\u00f3 un intercambio de saludos cordiales.<\/p>\n<p>Es del dominio p\u00fablico que varios alcaldes de la Tierra Caliente, Costa Grande y de las regiones Norte y Centro, han sostenido reuniones privadas con dirigentes criminales, sin que se filtren videos o informaci\u00f3n al respecto, como s\u00ed ocurri\u00f3 a la alcaldesa chilpancingue\u00f1a.<\/p>\n<p style=\"text-align: justify;\">La edil capitalina pec\u00f3 de ingenuidad al asistir a esa reuni\u00f3n al margen del estado de derecho, ocasion\u00e1ndole un da\u00f1o irreversible a su carrera pol\u00edtica y le resultar\u00e1 dif\u00edcil sostenerse como presidenta municipal, debido al concierto de voces que exigen que dimita del cargo de elecci\u00f3n popular que ostenta, aunque clama su inocencia.<\/p>\n<p>A fin de solucionar la crisis, la gobernadora Evelyn Salgado Pineda, encomend\u00f3 al secretario general de Gobierno, Marcial Ludwig Reynoso, reunirse y atender a los inconformes, mediante una ruta de entendimiento y acuerdos dentro del marco de la legalidad y as\u00ed el libre tr\u00e1nsito en la v\u00eda principal de la capital del estado.<\/p>\n<p style=\"text-align: justify;\">La mandataria guerrerense reafirm\u00f3 su pol\u00edtica de di\u00e1logo y no represi\u00f3n, frente al vandalismo que ocasion\u00f3 desmanes en instituciones p\u00fablicas y agresiones f\u00edsicas a elementos de los cuerpos de seguridad p\u00fablica federales y estatales.<\/p>\n<p style=\"text-align: justify;\">Con todos sus bemoles, la situaci\u00f3n imperante es bastante complicada por la injerencia de grupos criminales enfrentados entre s\u00ed, como son \u201cLos Ardillos\u201d contra \u201cLos Tlacos\u201d, o \u201cC\u00e1rtel de la Sierra\u201d, que se disputan las plazas o territorios, pretendiendo el dominio absoluto para el narcomenudeo y trasiego de drogas. Ese es el mar de fondo.<\/p>\n<p><strong>Marea Baja.-<\/strong> Este jueves 13 del actual tendr\u00e1 efecto una marcha nacional de los Criadores de Pelea de Gallos, en la Ciudad de M\u00e9xico, para protestar contra la prohibici\u00f3n de este tradicional espect\u00e1culo que se desarrolla en infinidad de palenques, a lo largo y ancho del pa\u00eds, con una numerosa afici\u00f3n.<\/p>\n<p style=\"text-align: justify;\">Grupos animalistas se oponen a las peleas de gallos y a las corridas de toros y han conseguido que en la CDMX se proh\u00edba este tipo de eventos.<\/p>\n<p>Por Guerrero asistir\u00e1 un grueso contingente, encabezados por el m\u00e9dico veterinario Ra\u00fal S\u00e1nchez de los Santos, presidente de la Asociaci\u00f3n de Galleros del Estado de Guerrero y Salvador A\u00f1orve Perea, coordinador en el municipio de Ometepec.<\/p>\n<p style=\"text-align: justify;\"><strong>Marea Alta.-<\/strong> De frustrada a exitosa se transform\u00f3 la fiesta de XV a\u00f1os, de Gaby Villanueva, programada para el s\u00e1bado anterior, que se luci\u00f3 desierta de invitados, no por el clima meteorol\u00f3gico, sino por el clima de violencia que sacudi\u00f3 a la capital del estado, e impidi\u00f3 que los asistentes no acudieran, dej\u00e1ndola con toda la comida, bebidas, pastel y sumamente triste.<\/p>\n<p style=\"text-align: justify;\">La gerente del sal\u00f3n de fiestas Real Campestre, Abril Cruz Tenorio, al observar la tristeza de la agasajada y familiares, hizo extensiva la invitaci\u00f3n por redes sociales para que asistieran el domingo a la celebraci\u00f3n de Gaby y los tumultos no se hicieron esperar, llen\u00e1ndole de regalos y felicitaciones para despu\u00e9s disfrutar la comida, bebidas y un delicioso pastel. Y as\u00ed Gaby, disfrut\u00f3 inmensamente sus XV floridos a\u00f1os, m\u00e1s de lo que ella imaginaba, quedando feliz de la vida junto con su querida familia.<\/p>\n<p><strong>Maremoto.-<\/strong> La competencia entre corcholatas cada vez m\u00e1s encarnizada por los cuestionamientos que se lanzan rec\u00edprocamente, ocasionando una guerra medi\u00e1tica que no <img loading=\"lazy\" decoding=\"async\" class=\"alignleft size-medium wp-image-1255284\" src=\"https:\/\/www.acapulcopress.com\/wp-content\/uploads\/2023\/07\/yoshio-avila-gonzalez-375x339.jpg\" alt=\"\" width=\"375\" height=\"339\" \/>los deja bien parados.<\/p>\n<p style=\"text-align: justify;\">En medio de este ambiente frontal, el amigo consentido del presidente L\u00f3pez Obrador, Ad\u00e1n Augusto L\u00f3pez Hern\u00e1ndez, tuvo magnos recibimientos en la colonia Zapata del puerto de Acapulco y en Cruz Grande, regi\u00f3n de la Costa Chica, mientras el evento programado en Chilpancingo, se cancel\u00f3 por la inestabilidad que se vive en ese municipio.<\/p>\n<p>El coordinador estatal <a href=\"https:\/\/www.facebook.com\/YoshioAvilaG\" target=\"_blank\" rel=\"noopener\">Yoshio \u00c1vila Gonz\u00e1lez,<\/a> operador pol\u00edtico de Ad\u00e1n Augusto, logr\u00f3 amplias movilizaciones en ambas actividades, que le mereci\u00f3 el reconocimiento del aspirante presidencial, fortaleciendo sus aspiraciones hacia la alcald\u00eda de Acapulco.<\/p>\n<p style=\"text-align: justify;\"><em>] S\u00edguenos en Facebook.com\/<a href=\"https:\/\/www.facebook.com\/acapulcopress\" target=\"_blank\" rel=\"noopener\">acapulcopress<\/a><\/em><\/p>\n","protected":false},"excerpt":{"rendered":"<p>Marem\u00e1gnum \u00bb RICARDO | CASTILLO BARRIENTOS ) Facebook \/ Ricardo Castillo Barrientos El ambiente de violencia que prevalece en algunos municipios de la entidad estall\u00f3 en la capital del estado, con varias muertes violentas, incendios de veh\u00edculos y enfrentamientos entre polic\u00edas estatales y de la Guardia Nacional y una turba de pobladores del circuito R\u00edo&#8230;<\/p>\n","protected":false},"author":2,"featured_media":1255278,"comment_status":"closed","ping_status":"closed","sticky":false,"template":"","format":"standard","meta":{"footnotes":""},"categories":[2071,1991],"tags":[5440,10717,12069,12503,13744,15575],"class_list":["post-1255282","post","type-post","status-publish","format-standard","has-post-thumbnail","hentry","category-opinion-analisis-columnas","category-libertad-de-expresion","tag-celso-ortega-jimenez","tag-jesus-echeverria-penafiel","tag-los-ardillos","tag-maremagnum","tag-norma-otilia-hernandez-martinez","tag-ricardo-castillo-barrientos"],"_links":{"self":[{"href":"https:\/\/www.acapulcopress.com\/index.php\/wp-json\/wp\/v2\/posts\/1255282","targetHints":{"allow":["GET"]}}],"collection":[{"href":"https:\/\/www.acapulcopress.com\/index.php\/wp-json\/wp\/v2\/posts"}],"about":[{"href":"https:\/\/www.acapulcopress.com\/index.php\/wp-json\/wp\/v2\/types\/post"}],"author":[{"embeddable":true,"href":"https:\/\/www.acapulcopress.com\/index.php\/wp-json\/wp\/v2\/users\/2"}],"replies":[{"embeddable":true,"href":"https:\/\/www.acapulcopress.com\/index.php\/wp-json\/wp\/v2\/comments?post=1255282"}],"version-history":[{"count":0,"href":"https:\/\/www.acapulcopress.com\/index.php\/wp-json\/wp\/v2\/posts\/1255282\/revisions"}],"wp:featuredmedia":[{"embeddable":true,"href":"https:\/\/www.acapulcopress.com\/index.php\/wp-json\/"}],"wp:attachment":[{"href":"https:\/\/www.acapulcopress.com\/index.php\/wp-json\/wp\/v2\/media?parent=1255282"}],"wp:term":[{"taxonomy":"category","embeddable":true,"href":"https:\/\/www.acapulcopress.com\/index.php\/wp-json\/wp\/v2\/categories?post=1255282"},{"taxonomy":"post_tag","embeddable":true,"href":"https:\/\/www.acapulcopress.com\/index.php\/wp-json\/wp\/v2\/tags?post=1255282"}],"curies":[{"name":"wp","href":"https:\/\/api.w.org\/{rel}","templated":true}]}}