{"id":1255286,"date":"2023-07-11T17:18:22","date_gmt":"2023-07-11T23:18:22","guid":{"rendered":"https:\/\/www.acapulcopress.com\/?p=1255286"},"modified":"2023-07-11T17:18:22","modified_gmt":"2023-07-11T23:18:22","slug":"continuan-acuerdos-para-rescatar-al-burro-manolin-de-la-isla-la-roqueta","status":"publish","type":"post","link":"https:\/\/www.acapulcopress.com\/index.php\/2023\/07\/11\/continuan-acuerdos-para-rescatar-al-burro-manolin-de-la-isla-la-roqueta\/","title":{"rendered":"Contin\u00faan acuerdos para rescatar al burro &#8216;Manol\u00edn&#8217; de la Isla La Roqueta"},"content":{"rendered":"<div class=\"xdj266r x11i5rnm xat24cr x1mh8g0r x1vvkbs x126k92a\">\n<div dir=\"auto\" style=\"text-align: justify;\">ACAPULCO * 11 de julio de 2023.<\/div>\n<\/div>\n<div class=\"x11i5rnm xat24cr x1mh8g0r x1vvkbs xtlvy1s x126k92a\" style=\"text-align: justify;\">\n<div dir=\"auto\"><em>) Gobierno de Guerrero<\/em><\/div>\n<div dir=\"auto\">\n<p>En seguimiento a los acuerdos tomados durante la Tercera Sesi\u00f3n del Consejo Consultivo Ciudadano para la Atenci\u00f3n y Bienestar de los Animales 2023, el secretario de Medio Ambiente y Recursos Naturales del estado, \u00c1ngel Almaz\u00e1n Ju\u00e1rez, se reuni\u00f3 con el comandante de la D\u00e9cima Segunda Regi\u00f3n Naval, el almirante Alfredo Hern\u00e1ndez Su\u00e1rez, para tratar el tema del retiro del burro <a class=\"x1i10hfl xjbqb8w x6umtig x1b1mbwd xaqea5y xav7gou x9f619 x1ypdohk xt0psk2 xe8uvvx xdj266r x11i5rnm xat24cr x1mh8g0r xexx8yu x4uap5 x18d9i69 xkhd6sd x16tdsg8 x1hl2dhg xggy1nq x1a2a7pz xt0b8zv x1qq9wsj xo1l8bm\" tabindex=\"0\" role=\"link\" href=\"https:\/\/www.facebook.com\/hashtag\/manol%C3%ADn?__eep__=6&amp;__cft__[0]=AZX3KFZEBIj4bnlvlBEfcguuu0ThMBvaXE5EcdAerO401Nwi_U9d1vtTk0YFeQZDRSmdCLxVFzfOsLFMp36IBXb5V3mP3iuEqv7MEzcwXbpXBnUZ5lZshp45qEMtOpF63URo4rAhHnc4R5brTgkCZ5jKrpHNIjoa-UwTEi-0xaLhrTxSfvoNy6EemTuTgpuxRMk&amp;__tn__=*NK-R\">#Manol\u00edn<\/a>, nombrado &#8216;Embajador de Turismo&#8217; del <img loading=\"lazy\" decoding=\"async\" class=\"alignleft size-medium wp-image-1255289\" src=\"https:\/\/www.acapulcopress.com\/wp-content\/uploads\/2023\/07\/BURRO-MANOLIN-375x281.jpg\" alt=\"\" width=\"375\" height=\"281\" \/>gobierno de <a class=\"x1i10hfl xjbqb8w x6umtig x1b1mbwd xaqea5y xav7gou x9f619 x1ypdohk xt0psk2 xe8uvvx xdj266r x11i5rnm xat24cr x1mh8g0r xexx8yu x4uap5 x18d9i69 xkhd6sd x16tdsg8 x1hl2dhg xggy1nq x1a2a7pz xt0b8zv x1qq9wsj xo1l8bm\" tabindex=\"0\" role=\"link\" href=\"https:\/\/www.facebook.com\/AbelinaLopezR?__cft__[0]=AZX3KFZEBIj4bnlvlBEfcguuu0ThMBvaXE5EcdAerO401Nwi_U9d1vtTk0YFeQZDRSmdCLxVFzfOsLFMp36IBXb5V3mP3iuEqv7MEzcwXbpXBnUZ5lZshp45qEMtOpF63URo4rAhHnc4R5brTgkCZ5jKrpHNIjoa-UwTEi-0xaLhrTxSfvoNy6EemTuTgpuxRMk&amp;__tn__=-]K-R\"><span class=\"xt0psk2\">Abelina L\u00f3pez Rodr\u00edguez<\/span><\/a> en la isla La Roqueta, el pasado 8 de mayo, \u00abD\u00eda Internacional del Burro\u00bb.<\/p>\n<\/div>\n<\/div>\n<div class=\"x11i5rnm xat24cr x1mh8g0r x1vvkbs xtlvy1s x126k92a\" style=\"text-align: justify;\">\n<div dir=\"auto\">\n<p>En las instalaciones de la Regi\u00f3n Naval, en el puerto de Acapulco, el funcionario estatal reiter\u00f3 su disposici\u00f3n para trabajar de manera coordinada en el retiro del ejemplar, priorizando la salud y bienestar del \u00e9quido.<\/p>\n<\/div>\n<\/div>\n<div class=\"x11i5rnm xat24cr x1mh8g0r x1vvkbs xtlvy1s x126k92a\" style=\"text-align: justify;\">\n<div dir=\"auto\">\n<p>Junto con la capitana Vanessa Robledo Hurtado, jefa del Departamento de Coordinaci\u00f3n de Programas Contra la Contaminaci\u00f3n del Mar de la Secretar\u00eda de Marina (Semar), ambas instituciones acordaron coadyuvar para dar soluci\u00f3n lo antes posible a la problem\u00e1tica del burrito Manol\u00edn.<\/p>\n<\/div>\n<\/div>\n<div class=\"x11i5rnm xat24cr x1mh8g0r x1vvkbs xtlvy1s x126k92a\" style=\"text-align: justify;\">\n<div dir=\"auto\">\n<p>Adem\u00e1s, se acord\u00f3 reinstalar el Consejo Insular de la Isla La Roqueta, con el fin de <img loading=\"lazy\" decoding=\"async\" class=\"alignleft size-medium wp-image-1255290\" src=\"https:\/\/www.acapulcopress.com\/wp-content\/uploads\/2023\/07\/maolin-375x281.jpg\" alt=\"\" width=\"375\" height=\"281\" \/>establecer los lineamientos entre los tres \u00f3rdenes de gobierno que sirvan para fomentar el cuidado y preservaci\u00f3n de esta reserva natural de Acapulco.<\/p>\n<\/div>\n<\/div>\n<div class=\"x11i5rnm xat24cr x1mh8g0r x1vvkbs xtlvy1s x126k92a\" style=\"text-align: justify;\">\n<div dir=\"auto\">\n<p>Cabe mencionar que el pasado 7 de julio, la Secretar\u00eda de Medio Ambiente y Recursos Naturales del estado (Semaren) acord\u00f3, ante asociaciones protectoras de animales, trabajar coordinadamente con la Propaeg y la Marina en el protocolo para retirar al burro de la citada.<\/p>\n<div style=\"width: 426px;\" class=\"wp-video\"><video class=\"wp-video-shortcode\" id=\"video-1255286-1\" width=\"426\" height=\"240\" preload=\"metadata\" controls=\"controls\"><source type=\"video\/mp4\" src=\"https:\/\/www.acapulcopress.com\/wp-content\/uploads\/2023\/07\/TRASLADO-DEL-BURRO-MANOLIN-A-LA-ROQUETA.mp4?_=1\" \/><a href=\"https:\/\/www.acapulcopress.com\/wp-content\/uploads\/2023\/07\/TRASLADO-DEL-BURRO-MANOLIN-A-LA-ROQUETA.mp4\">https:\/\/www.acapulcopress.com\/wp-content\/uploads\/2023\/07\/TRASLADO-DEL-BURRO-MANOLIN-A-LA-ROQUETA.mp4<\/a><\/video><\/div>\n<\/div>\n<\/div>\n<div class=\"x11i5rnm xat24cr x1mh8g0r x1vvkbs xtlvy1s x126k92a\">\n<div dir=\"auto\" style=\"text-align: justify;\">] S\u00edguenos en <a class=\"x1i10hfl xjbqb8w x6umtig x1b1mbwd xaqea5y xav7gou x9f619 x1ypdohk xt0psk2 xe8uvvx xdj266r x11i5rnm xat24cr x1mh8g0r xexx8yu x4uap5 x18d9i69 xkhd6sd x16tdsg8 x1hl2dhg xggy1nq x1a2a7pz xt0b8zv x1qq9wsj xo1l8bm\" tabindex=\"0\" role=\"link\" href=\"https:\/\/www.facebook.com\/acapulcopress?__cft__[0]=AZX3KFZEBIj4bnlvlBEfcguuu0ThMBvaXE5EcdAerO401Nwi_U9d1vtTk0YFeQZDRSmdCLxVFzfOsLFMp36IBXb5V3mP3iuEqv7MEzcwXbpXBnUZ5lZshp45qEMtOpF63URo4rAhHnc4R5brTgkCZ5jKrpHNIjoa-UwTEi-0xaLhrTxSfvoNy6EemTuTgpuxRMk&amp;__tn__=-]K-R\" target=\"_blank\" rel=\"noopener\"><span class=\"xt0psk2\">Facebook.com\/acapulcopress<\/span><\/a><\/div>\n<div dir=\"auto\"><\/div>\n<\/div>\n","protected":false},"excerpt":{"rendered":"<p>ACAPULCO * 11 de julio de 2023. ) Gobierno de Guerrero En seguimiento a los acuerdos tomados durante la Tercera Sesi\u00f3n del Consejo Consultivo Ciudadano para la Atenci\u00f3n y Bienestar de los Animales 2023, el secretario de Medio Ambiente y Recursos Naturales del estado, \u00c1ngel Almaz\u00e1n Ju\u00e1rez, se reuni\u00f3 con el comandante de la D\u00e9cima&#8230;<\/p>\n","protected":false},"author":2,"featured_media":1255288,"comment_status":"closed","ping_status":"closed","sticky":false,"template":"","format":"standard","meta":{"footnotes":""},"categories":[1972,2066,1988],"tags":[2185,3077,4929,11613],"class_list":["post-1255286","post","type-post","status-publish","format-standard","has-post-thumbnail","hentry","category-special","category-habitat-salvaje","category-lifestyles","tag-dia-internacional-del-burro","tag-abelina-lopez-rodriguez","tag-burro-manolin","tag-la-roqueta-acapulco"],"_links":{"self":[{"href":"https:\/\/www.acapulcopress.com\/index.php\/wp-json\/wp\/v2\/posts\/1255286","targetHints":{"allow":["GET"]}}],"collection":[{"href":"https:\/\/www.acapulcopress.com\/index.php\/wp-json\/wp\/v2\/posts"}],"about":[{"href":"https:\/\/www.acapulcopress.com\/index.php\/wp-json\/wp\/v2\/types\/post"}],"author":[{"embeddable":true,"href":"https:\/\/www.acapulcopress.com\/index.php\/wp-json\/wp\/v2\/users\/2"}],"replies":[{"embeddable":true,"href":"https:\/\/www.acapulcopress.com\/index.php\/wp-json\/wp\/v2\/comments?post=1255286"}],"version-history":[{"count":0,"href":"https:\/\/www.acapulcopress.com\/index.php\/wp-json\/wp\/v2\/posts\/1255286\/revisions"}],"wp:featuredmedia":[{"embeddable":true,"href":"https:\/\/www.acapulcopress.com\/index.php\/wp-json\/"}],"wp:attachment":[{"href":"https:\/\/www.acapulcopress.com\/index.php\/wp-json\/wp\/v2\/media?parent=1255286"}],"wp:term":[{"taxonomy":"category","embeddable":true,"href":"https:\/\/www.acapulcopress.com\/index.php\/wp-json\/wp\/v2\/categories?post=1255286"},{"taxonomy":"post_tag","embeddable":true,"href":"https:\/\/www.acapulcopress.com\/index.php\/wp-json\/wp\/v2\/tags?post=1255286"}],"curies":[{"name":"wp","href":"https:\/\/api.w.org\/{rel}","templated":true}]}}