{"id":1255294,"date":"2023-07-11T19:12:36","date_gmt":"2023-07-12T01:12:36","guid":{"rendered":"https:\/\/www.acapulcopress.com\/?p=1255294"},"modified":"2023-07-11T19:12:36","modified_gmt":"2023-07-12T01:12:36","slug":"adan-augusto-una-visita-bajo-el-sol","status":"publish","type":"post","link":"https:\/\/www.acapulcopress.com\/index.php\/2023\/07\/11\/adan-augusto-una-visita-bajo-el-sol\/","title":{"rendered":"Ad\u00e1n Augusto, una visita bajo el sol"},"content":{"rendered":"<p style=\"text-align: justify;\">Tercera V\u00eda<br \/>\n\u00bb <strong>ERNESTO<\/strong> | <strong>RIVERA RODR\u00cdGUEZ<\/strong><\/p>\n<p style=\"text-align: justify;\">Bajo un intenso sol en la populosa Colonia Zapata, al norte de Acapulco, <a href=\"https:\/\/www.facebook.com\/AdanAugustoLopezHdz\" target=\"_blank\" rel=\"noopener\">Ad\u00e1n Augusto L\u00f3pez Hern\u00e1ndez,<\/a> camin\u00f3 y salud\u00f3 entre los miles de acapulque\u00f1os qu\u00e9\u00a0 se dieron cita en el campo de f\u00fatbol, para escuchar m\u00e1s qu\u00e9 su mensaje, su compromiso de continuar con el esencial prop\u00f3sito pol\u00edtico y social que el presidente Andr\u00e9s Manuel L\u00f3pez Obrador, est\u00e1 llevando a cabo a lo largo y ancho de la rep\u00fablica y en particular con gran afecto e inversiones en el estado de Guerrero.<\/p>\n<p style=\"text-align: justify;\">Con una sensaci\u00f3n t\u00e9rmica qu\u00e9 No pudo con el calor humano mostrado al hombre que busca alcanzar ser el piloto de la continuidad con causa de la 4Transformaci\u00f3n, se conjug\u00f3 con la capacidad de convocatoria y arraigo mostrado en su permanente periplo por los cuatro costados del municipio de Acapulco, <a href=\"https:\/\/www.facebook.com\/YoshioAvilaG\" target=\"_blank\" rel=\"noopener\">Yoshio Avila Gonz\u00e1lez<\/a>, quien lo volvi\u00f3 hacer. Dos cero se\u00f1ala el marcador.<\/p>\n<p style=\"text-align: justify;\">Sin m\u00e1s tr\u00e1mites Ad\u00e1n Augusto desde el estrado y bajo el sol del mediod\u00eda, deline\u00f3 el porque la 4Transformaci\u00f3n es la bandera qu\u00e9 No s\u00f3lo a levantado la esperanza y dado el brazo firme a los m\u00e1s humildes no s\u00f3lo de est\u00e1 tierra, sino de todo M\u00e9xico, y modificar el paradigma nacional, y ah\u00ed bajo los cientos de paraguas y la poca sombra, los vivas no dejaron de escucharse, el pueblo abarrotando las expectativas de este hombre de origen tabasque\u00f1o que ya muestra la firmeza y la determinaci\u00f3n de no ser el heredero, sino ser qui\u00e9n desde hace a\u00f1os ejerce su confianza para continuar con un proyecto que ha cambiado la forma de ver y hacer el futuro de todos.<\/p>\n<p style=\"text-align: justify;\">De Guerrero como pilar del desempe\u00f1o hist\u00f3rico nacional enumer\u00f3 las figuras sobre las que descansa el Guerrero moderno, desde Cuauhtemoc, Allende, Guerrero, Altamirano, y los actos y eventos que nos dieron patria como el Plan de Ayutla. S\u00edmbolo de la unidad independentista.<\/p>\n<p style=\"text-align: justify;\">Enmarc\u00f3 brevemente como una princela las peripecias de un largo proceso para lograr arrebatar gracias al apoyo multimillonario en las urnas de un pueblo hartos de perder la esperanza por una vida digna y plena de confianza en el futuro, lo que de ninguna manera a sido f\u00e1cil pues han sido muchos los diques levantados por los poderes establecidos y los f\u00e1cticos que medran desde la oscuridad para evitar el desarrollo y progreso del pueblo. Y para despedirse entre la algarab\u00eda del pueblo porte\u00f1o prometi\u00f3 regresar como candidato de la defensa de la Cuarta Transformaci\u00f3n.<\/p>\n<p style=\"text-align: justify;\"><em>] S\u00edguenos en Facebook.com\/<a href=\"https:\/\/www.facebook.com\/acapulcopress\" target=\"_blank\" rel=\"noopener\">acapulcopress<\/a><\/em><\/p>\n","protected":false},"excerpt":{"rendered":"<p>Tercera V\u00eda \u00bb ERNESTO | RIVERA RODR\u00cdGUEZ Bajo un intenso sol en la populosa Colonia Zapata, al norte de Acapulco, Ad\u00e1n Augusto L\u00f3pez Hern\u00e1ndez, camin\u00f3 y salud\u00f3 entre los miles de acapulque\u00f1os qu\u00e9\u00a0 se dieron cita en el campo de f\u00fatbol, para escuchar m\u00e1s qu\u00e9 su mensaje, su compromiso de continuar con el esencial prop\u00f3sito&#8230;<\/p>\n","protected":false},"author":2,"featured_media":1255295,"comment_status":"closed","ping_status":"closed","sticky":false,"template":"","format":"standard","meta":{"footnotes":""},"categories":[2071,1991],"tags":[3247,3896,8063,17071,18272],"class_list":["post-1255294","post","type-post","status-publish","format-standard","has-post-thumbnail","hentry","category-opinion-analisis-columnas","category-libertad-de-expresion","tag-adan-augusto-lopez-hernandez","tag-andres-manuel-lopez-obrador","tag-ernesto-rivera-rodriguez","tag-tercera-via","tag-yoshio-avila-gonzalez"],"_links":{"self":[{"href":"https:\/\/www.acapulcopress.com\/index.php\/wp-json\/wp\/v2\/posts\/1255294","targetHints":{"allow":["GET"]}}],"collection":[{"href":"https:\/\/www.acapulcopress.com\/index.php\/wp-json\/wp\/v2\/posts"}],"about":[{"href":"https:\/\/www.acapulcopress.com\/index.php\/wp-json\/wp\/v2\/types\/post"}],"author":[{"embeddable":true,"href":"https:\/\/www.acapulcopress.com\/index.php\/wp-json\/wp\/v2\/users\/2"}],"replies":[{"embeddable":true,"href":"https:\/\/www.acapulcopress.com\/index.php\/wp-json\/wp\/v2\/comments?post=1255294"}],"version-history":[{"count":0,"href":"https:\/\/www.acapulcopress.com\/index.php\/wp-json\/wp\/v2\/posts\/1255294\/revisions"}],"wp:featuredmedia":[{"embeddable":true,"href":"https:\/\/www.acapulcopress.com\/index.php\/wp-json\/"}],"wp:attachment":[{"href":"https:\/\/www.acapulcopress.com\/index.php\/wp-json\/wp\/v2\/media?parent=1255294"}],"wp:term":[{"taxonomy":"category","embeddable":true,"href":"https:\/\/www.acapulcopress.com\/index.php\/wp-json\/wp\/v2\/categories?post=1255294"},{"taxonomy":"post_tag","embeddable":true,"href":"https:\/\/www.acapulcopress.com\/index.php\/wp-json\/wp\/v2\/tags?post=1255294"}],"curies":[{"name":"wp","href":"https:\/\/api.w.org\/{rel}","templated":true}]}}