{"id":1255307,"date":"2023-07-12T15:19:30","date_gmt":"2023-07-12T21:19:30","guid":{"rendered":"https:\/\/www.acapulcopress.com\/?p=1255307"},"modified":"2023-07-12T15:19:30","modified_gmt":"2023-07-12T21:19:30","slug":"decepcion-entre-juristas-en-el-merito-juridico-2023-faltaron-quienes-han-enaltecido-con-honor-la-abogacia","status":"publish","type":"post","link":"https:\/\/www.acapulcopress.com\/index.php\/2023\/07\/12\/decepcion-entre-juristas-en-el-merito-juridico-2023-faltaron-quienes-han-enaltecido-con-honor-la-abogacia\/","title":{"rendered":"Decepci\u00f3n entre juristas: \u00abEn el M\u00e9rito Jur\u00eddico 2023 faltaron quienes han enaltecido con honor la abogac\u00eda\u00bb"},"content":{"rendered":"<p style=\"text-align: justify;\">CHILPANCINGO * Julio 12, 2023.<br \/>\n<em>) Acapulco Press\u00a0<\/em><br \/>\nDesilusi\u00f3n, impotencia, decepci\u00f3n y desencanto en el gremio de juristas guerrerense por la entrega de premios al M\u00e9rito Jur\u00eddico 2023 &#8216;Alberto V\u00e1zquez del Mercado&#8217; y T\u00e9ofilo Olea y Leyva&#8217; a abogados de una sola agrupaci\u00f3n que, sin demeritar su oficio, no gozan del prestigios de muchos otros juristas que se han destaco por su entrega a la abogac\u00eda.<\/p>\n<p>Abogados de Acapulco, que optaron reservar sus identidades para no confrontarse con nadie, cuestionaron las condecoraciones de \u00abAm\u00e9rica Bautista Salgado y Jos\u00e9 Luis Gallegos Peralta\u00bb.<\/p>\n<p>\u00ab\u00bfQu\u00e9 m\u00e9ritos se les reconoce a estos abogados? \u00bfSer alfiles del Rector electo, Javier Salda\u00f1a Almaz\u00e1n, por ejemplo, o de F\u00e9lix Salgado?\u00bb.<\/p>\n<p>En Guerrero tenemos abogados mucho m\u00e1s destacados que Mar\u00eda de la Luz Reyes R\u00edos, Rosa In\u00e9s de la O Garc\u00eda, Jos\u00e9 Luis Gallegos Peralta y Am\u00e9rica Bautista Salgado, directora de la Faculta de Derecho en Acapulco de la UAGro, todo del Colegio de Abogados, habiendo mejores postores que merecen ser reconocidos por su loable trabajo y trayectoria al servicio del Derecho, como Ramon Almonte Borja, Gregorio Apreza Herrera, Uriel Fern\u00e1ndez Pel\u00e1ez, Carlos Murueta Reyes o los Altamirano\u00bb, por ejemplo.<\/p>\n<p>Los galardonados al M\u00e9rito 2021, 2022 y 2023 \u00ab\u00a1no saben ni sacar a un borracho de la c\u00e1rcel; \u00bfqu\u00e9 talentos les valieron ser galardonados con el \u00abM\u00e9rito Jur\u00eddico 2023\u00bb? \u00bfAndar de alfiles de Javier Salda\u00f1a, tener antecedentes penales por falsificadores de documentos y amenazas de muerte o ser miembros del Colegio de Abogados, solamente?<br \/>\n<em><br \/>\n<\/em>\u00abSe supone que los reconocimientos son para lo m\u00e1s destacado del ramo, tan en talento como trayectoria decorosa y honorable\u00bb, signaron con evidente mutis o enfado los declarantes.<em><br \/>\n] S\u00edguenos en Facebook.com\/<a href=\"https:\/\/www.facebook.com\/acapulcopress\" target=\"_blank\" rel=\"noopener\">acapulcopress<\/a><\/em><\/p>\n","protected":false},"excerpt":{"rendered":"<p>CHILPANCINGO * Julio 12, 2023. ) Acapulco Press\u00a0 Desilusi\u00f3n, impotencia, decepci\u00f3n y desencanto en el gremio de juristas guerrerense por la entrega de premios al M\u00e9rito Jur\u00eddico 2023 &#8216;Alberto V\u00e1zquez del Mercado&#8217; y T\u00e9ofilo Olea y Leyva&#8217; a abogados de una sola agrupaci\u00f3n que, sin demeritar su oficio, no gozan del prestigios de muchos otros&#8230;<\/p>\n","protected":false},"author":2,"featured_media":1255308,"comment_status":"closed","ping_status":"closed","sticky":false,"template":"","format":"standard","meta":{"footnotes":""},"categories":[1972,1987,18561],"tags":[12954],"class_list":["post-1255307","post","type-post","status-publish","format-standard","has-post-thumbnail","hentry","category-special","category-jurisprudencia","category-society-politics","tag-merito-juridico-2023"],"_links":{"self":[{"href":"https:\/\/www.acapulcopress.com\/index.php\/wp-json\/wp\/v2\/posts\/1255307","targetHints":{"allow":["GET"]}}],"collection":[{"href":"https:\/\/www.acapulcopress.com\/index.php\/wp-json\/wp\/v2\/posts"}],"about":[{"href":"https:\/\/www.acapulcopress.com\/index.php\/wp-json\/wp\/v2\/types\/post"}],"author":[{"embeddable":true,"href":"https:\/\/www.acapulcopress.com\/index.php\/wp-json\/wp\/v2\/users\/2"}],"replies":[{"embeddable":true,"href":"https:\/\/www.acapulcopress.com\/index.php\/wp-json\/wp\/v2\/comments?post=1255307"}],"version-history":[{"count":0,"href":"https:\/\/www.acapulcopress.com\/index.php\/wp-json\/wp\/v2\/posts\/1255307\/revisions"}],"wp:featuredmedia":[{"embeddable":true,"href":"https:\/\/www.acapulcopress.com\/index.php\/wp-json\/"}],"wp:attachment":[{"href":"https:\/\/www.acapulcopress.com\/index.php\/wp-json\/wp\/v2\/media?parent=1255307"}],"wp:term":[{"taxonomy":"category","embeddable":true,"href":"https:\/\/www.acapulcopress.com\/index.php\/wp-json\/wp\/v2\/categories?post=1255307"},{"taxonomy":"post_tag","embeddable":true,"href":"https:\/\/www.acapulcopress.com\/index.php\/wp-json\/wp\/v2\/tags?post=1255307"}],"curies":[{"name":"wp","href":"https:\/\/api.w.org\/{rel}","templated":true}]}}