{"id":1255312,"date":"2023-07-12T17:00:51","date_gmt":"2023-07-12T23:00:51","guid":{"rendered":"https:\/\/www.acapulcopress.com\/?p=1255312"},"modified":"2023-07-12T17:00:51","modified_gmt":"2023-07-12T23:00:51","slug":"con-que-calidad-moral-critica-y-demanda-seguridad-y-justicia-el-prd","status":"publish","type":"post","link":"https:\/\/www.acapulcopress.com\/index.php\/2023\/07\/12\/con-que-calidad-moral-critica-y-demanda-seguridad-y-justicia-el-prd\/","title":{"rendered":"\u00bfCon qu\u00e9 calidad moral critica y demanda seguridad y justicia el PRD?"},"content":{"rendered":"<div class=\"xdj266r x11i5rnm xat24cr x1mh8g0r x1vvkbs x126k92a\">\n<div dir=\"auto\" style=\"text-align: justify;\"><strong>E d i t o r i a l<\/strong><\/p>\n<p>Tres\u00a0 disyuntivas simples, sin jiribillas ni sarcasmos, para Alberto Catal\u00e1n Bastida, dirigente estatal del Partido de la Revoluci\u00f3n Democr\u00e1tica (PRD), que en conferencia de prensa critic\u00f3 hoy severamente el actuar del gobierno en turno, exhibi\u00e9ndolo como el causante de todas las desgracias ocurridas durante los \u00faltimos d\u00edas en Guerrero, y demand\u00f3 en\u00e9rgicamente el cese de la alcaldesa capitalina, Norma Otilia Hern\u00e1ndez Mart\u00ednez, y de la fiscal general Sandra Luz Valdovinos Salmer\u00f3n.<\/p><\/div>\n<\/div>\n<div class=\"x11i5rnm xat24cr x1mh8g0r x1vvkbs xtlvy1s x126k92a\" style=\"text-align: justify;\">\n<div dir=\"auto\"><\/div>\n<\/div>\n<div class=\"x11i5rnm xat24cr x1mh8g0r x1vvkbs xtlvy1s x126k92a\" style=\"text-align: justify;\">\n<div dir=\"auto\">1.- \u00bfQu\u00e9 fuerza impulsa o con qui\u00e9n quiere congratularse el l\u00edder estatal el PRD cuando arremete contra los gobiernos estatal y municipal de la 4T? \u00bfCon la justicia, con su partido, con el pueblo guerrerense o con \u00c1ngel Aguirre, su sempiterno maestro y casi padre pol\u00edtico que lo ha cobijado desde siempre? \u00bfPor qu\u00e9 levantar la voz solo cuando se afecta al PRD y no cuando el clamor de justicia y seguridad es nacional, no solo estatal o municipal?<\/p>\n<\/div>\n<\/div>\n<div class=\"x11i5rnm xat24cr x1mh8g0r x1vvkbs xtlvy1s x126k92a\" style=\"text-align: justify;\">\n<div dir=\"auto\">2.- \u00bfOlvida Alberto que gobernaba el PRD cuando, por la apat\u00eda y tibieza de \u00c1ngel Aguirre para gobernar con mano firme, Guerrero tambi\u00e9n fue noticia cuando asesinaron a los normalistas de Ayotzinapa en Iguala y desaparecieron a 43 de ellos?<\/p>\n<\/div>\n<\/div>\n<div class=\"x11i5rnm xat24cr x1mh8g0r x1vvkbs xtlvy1s x126k92a\" style=\"text-align: justify;\">\n<div dir=\"auto\">3.- \u00bfOlvida que la falta de autoridad de \u00c1ngel Aguirre, en vista que dej\u00f3 en su sobrino inc\u00f3modo pero favorito, Ernesto Aguirre Guti\u00e9rrez, el control total del Estado, el gobierno perredista de Aguirre fue un caos, una anarqu\u00eda, una desastre que conllev\u00f3 a homicidios y eventos pol\u00edticos y sociales desastrosos que hasta el d\u00eda de hoy siguen siendo noticia nacional e internacional?<\/p>\n<\/div>\n<\/div>\n<div class=\"x11i5rnm xat24cr x1mh8g0r x1vvkbs xtlvy1s x126k92a\" style=\"text-align: justify;\">\n<div dir=\"auto\">Antes de que el dirigente estatal del PRD puede sospechar que se defiende al gobierno actual de los incidentes ocurridos en d\u00edas recientes, aclaramos que para poder criticar se debe tener calidad moral y un poquito de cautela antes de abalanzarse a hacer se\u00f1alamiento flam\u00edgeros contra alguien.<\/p>\n<\/div>\n<\/div>\n<div class=\"x11i5rnm xat24cr x1mh8g0r x1vvkbs xtlvy1s x126k92a\" style=\"text-align: justify;\">\n<div dir=\"auto\">Mientras no haya una investigaci\u00f3n exhaustiva, nadie puede emitir veredicto alguno sobre la tr\u00e1gica y lamentable muerte del exregidor perredista \u00d3scar Garibay y su sobrino Iv\u00e1n Zaith Dominguez, quienes fueron abatidos a la medianoche no en la revuelta de ayer y antier, sino en la taquer\u00eda propiedad de Omar.<\/p>\n<\/div>\n<\/div>\n<div class=\"x11i5rnm xat24cr x1mh8g0r x1vvkbs xtlvy1s x126k92a\" style=\"text-align: justify;\">\n<div dir=\"auto\">A veces, los culpables no son quienes sospechamos que son.<\/p>\n<\/div>\n<\/div>\n<div class=\"x11i5rnm xat24cr x1mh8g0r x1vvkbs xtlvy1s x126k92a\" style=\"text-align: justify;\">\n<div dir=\"auto\">\u00bfQu\u00e9 tal si se trat\u00f3 de &#8216;alg\u00fan asunto&#8217; ajeno a la inseguridad que azora Chilpancingo?<\/p>\n<\/div>\n<\/div>\n<div class=\"x11i5rnm xat24cr x1mh8g0r x1vvkbs xtlvy1s x126k92a\" style=\"text-align: justify;\">\n<div dir=\"auto\">Que ha faltado confianza en las instituciones policiales por su desempe\u00f1o en asignaturas como seguridad y justicia es cierto, pero no se puede culpar a una instituci\u00f3n o persona por un homicidio que hasta ahora no forma parte del saldo de violencia ocasionada por una horda presuntamente comandada por un grupo criminal que, como los dem\u00e1s que mantienen de reh\u00e9n al pa\u00eds, gozan del blindaje que decret\u00f3 el presidente de la Rep\u00fablica hacia ellos, a saber los &#8216;abrazos&#8217; y el &#8216;respeto&#8217; a sus derechos humanos&#8230; accionar nada diferente del sistema de seguridad implementado por \u00c1ngel Aguirre en su gobierno (2011-2014), donde todos mandaban, \u00a1menos el gobernador!<\/div>\n<\/div>\n<div class=\"x11i5rnm xat24cr x1mh8g0r x1vvkbs xtlvy1s x126k92a\" style=\"text-align: justify;\">\n<div dir=\"auto\">Ser\u00eda bueno usar mejores t\u00e1cticas de protagonismo.<\/p>\n<\/div>\n<\/div>\n<div class=\"x11i5rnm xat24cr x1mh8g0r x1vvkbs xtlvy1s x126k92a\" style=\"text-align: justify;\">\n<div dir=\"auto\">Como partido pol\u00edtico nacional, el PRD deber\u00eda enarbolar el clamor del pueblo, en genera, no solo elevar la voz y demandar justicia cuando le pisan los &#8216;cayos&#8217;.<\/div>\n<\/div>\n<div class=\"x11i5rnm xat24cr x1mh8g0r x1vvkbs xtlvy1s x126k92a\">\n<div dir=\"auto\" style=\"text-align: justify;\"><a class=\"x1i10hfl xjbqb8w x6umtig x1b1mbwd xaqea5y xav7gou x9f619 x1ypdohk xt0psk2 xe8uvvx xdj266r x11i5rnm xat24cr x1mh8g0r xexx8yu x4uap5 x18d9i69 xkhd6sd x16tdsg8 x1hl2dhg xggy1nq x1a2a7pz xt0b8zv x1qq9wsj xo1l8bm\" tabindex=\"0\" role=\"link\" href=\"https:\/\/www.facebook.com\/hashtag\/sinda%C3%B1osaterceros?__eep__=6&amp;__cft__[0]=AZW4TFic46DPjwaOO6ii23N2bNDrjIoV9YVBWWr2SKq4ROrZW1apXDGH-CKdxicdvsQhib9m4IDyRoeirP7z1ssFUywLjxyFs8JckbWYflt-FWRMbsAOsoWdrTBW2c-O5PgfkxOCbiZpKM4RMKiPiUkqxC9N6_4S1TIAcPIub8NPy7T0DZ7Ya2Y0yuuiRnRzirU&amp;__tn__=*NK-R\">#SinDa\u00f1osATerceros<\/a><\/div>\n<\/div>\n","protected":false},"excerpt":{"rendered":"<p>E d i t o r i a l Tres\u00a0 disyuntivas simples, sin jiribillas ni sarcasmos, para Alberto Catal\u00e1n Bastida, dirigente estatal del Partido de la Revoluci\u00f3n Democr\u00e1tica (PRD), que en conferencia de prensa critic\u00f3 hoy severamente el actuar del gobierno en turno, exhibi\u00e9ndolo como el causante de todas las desgracias ocurridas durante los \u00faltimos&#8230;<\/p>\n","protected":false},"author":2,"featured_media":1255313,"comment_status":"closed","ping_status":"closed","sticky":false,"template":"","format":"standard","meta":{"footnotes":""},"categories":[2048,1972,2008],"tags":[3461,3926,5368,8694,13744,14277,16014],"class_list":["post-1255312","post","type-post","status-publish","format-standard","has-post-thumbnail","hentry","category-editorial-editorial","category-special","category-editorial","tag-alberto-catalan-bastida","tag-angel-aguirre-rivero","tag-caso-ayotzinapa","tag-fiscalia-general-del-estado","tag-norma-otilia-hernandez-martinez","tag-partido-de-la-revolucion-democratica-prd","tag-sandra-luz-valdovinos-salmeron"],"_links":{"self":[{"href":"https:\/\/www.acapulcopress.com\/index.php\/wp-json\/wp\/v2\/posts\/1255312","targetHints":{"allow":["GET"]}}],"collection":[{"href":"https:\/\/www.acapulcopress.com\/index.php\/wp-json\/wp\/v2\/posts"}],"about":[{"href":"https:\/\/www.acapulcopress.com\/index.php\/wp-json\/wp\/v2\/types\/post"}],"author":[{"embeddable":true,"href":"https:\/\/www.acapulcopress.com\/index.php\/wp-json\/wp\/v2\/users\/2"}],"replies":[{"embeddable":true,"href":"https:\/\/www.acapulcopress.com\/index.php\/wp-json\/wp\/v2\/comments?post=1255312"}],"version-history":[{"count":0,"href":"https:\/\/www.acapulcopress.com\/index.php\/wp-json\/wp\/v2\/posts\/1255312\/revisions"}],"wp:featuredmedia":[{"embeddable":true,"href":"https:\/\/www.acapulcopress.com\/index.php\/wp-json\/"}],"wp:attachment":[{"href":"https:\/\/www.acapulcopress.com\/index.php\/wp-json\/wp\/v2\/media?parent=1255312"}],"wp:term":[{"taxonomy":"category","embeddable":true,"href":"https:\/\/www.acapulcopress.com\/index.php\/wp-json\/wp\/v2\/categories?post=1255312"},{"taxonomy":"post_tag","embeddable":true,"href":"https:\/\/www.acapulcopress.com\/index.php\/wp-json\/wp\/v2\/tags?post=1255312"}],"curies":[{"name":"wp","href":"https:\/\/api.w.org\/{rel}","templated":true}]}}