{"id":1255323,"date":"2023-07-12T19:32:22","date_gmt":"2023-07-13T01:32:22","guid":{"rendered":"https:\/\/www.acapulcopress.com\/?p=1255323"},"modified":"2023-07-12T19:32:22","modified_gmt":"2023-07-13T01:32:22","slug":"jamas-seremos-complices-ni-tapadera-de-actos-contrarios-a-la-ley-evelyn-salgado","status":"publish","type":"post","link":"https:\/\/www.acapulcopress.com\/index.php\/2023\/07\/12\/jamas-seremos-complices-ni-tapadera-de-actos-contrarios-a-la-ley-evelyn-salgado\/","title":{"rendered":"Jam\u00e1s seremos c\u00f3mplices ni tapadera de actos contrarios a la Ley | Evelyn Salgado"},"content":{"rendered":"<p style=\"text-align: justify;\"><strong>* Entreg\u00f3 la Gobernadora los premios al \u00abM\u00e9rito Jur\u00eddico 2023\u00bb<\/strong><\/p>\n<p>CHILPANCINGO * Julio 12, 2023.<br \/>\n<em>) Gobierno de Guerrero<\/em><br \/>\n<img loading=\"lazy\" decoding=\"async\" class=\"alignleft size-medium wp-image-1255332\" src=\"https:\/\/www.acapulcopress.com\/wp-content\/uploads\/2023\/07\/MERITO-JURICICO-202389-375x290.jpg\" alt=\"\" width=\"375\" height=\"290\" \/>\u00abSomos un gobierno que promueve y protege los derechos y las libertades de los ciudadanos. Con pasos firmes y determinantes, estamos dando soluciones a los problemas viejos y a los conflictos nuevos\u00bb, afirm\u00f3 la gobernadora <a href=\"https:\/\/www.facebook.com\/EvelynSalgadoP\" target=\"_blank\" rel=\"noopener\">Evelyn Salgado Pineda<\/a> al celebrar el \u00abD\u00eda del Abogado\u00bb con la entrega de premios al M\u00e9rito Jur\u00eddico 2023 \u00abAlberto V\u00e1zquez del Mercado\u00bb y \u00abTe\u00f3filo Olea y Leyva\u00bb a juristas destacados de Guerrero.<\/p>\n<p style=\"text-align: justify;\">\u00abNo permitimos la represi\u00f3n, no permitimos la violencia, pero tampoco permitimos nunca el chantaje ni las presiones. Jam\u00e1s rehuiremos de nuestra obligaci\u00f3n y nuestro trabajo y del absoluto honor que tenemos de estar al frente de este gobierno\u00bb, afirm\u00f3 la gobernadora en su mensaje en la capital del estado.<\/p>\n<p style=\"text-align: justify;\">En el marco del D\u00eda del Abogado, la mandataria estatal destac\u00f3 el papel de los <img loading=\"lazy\" decoding=\"async\" class=\"alignleft size-medium wp-image-1255329\" src=\"https:\/\/www.acapulcopress.com\/wp-content\/uploads\/2023\/07\/MERITO-JURICICO-20237-375x250.jpg\" alt=\"\" width=\"375\" height=\"250\" \/>profesionales del derecho y de la Ley en Guerrero, a la luz del inter\u00e9s por fortalecer el estado de Derecho y por garantizar en todo momento que se cumpla la ley, sin embargo, dijo, el equilibrio constitucional se condensa en la frase juarista: \u00abAl margen de la ley nada, por encima de la ley nadie\u201d.<\/p>\n<p style=\"text-align: justify;\">En este sentido, Evelyn Salgado refrend\u00f3 que su gobierno va con todo contra la corrupci\u00f3n que es la ra\u00edz y la madre de todos los males a trav\u00e9s de la ruta de la legalidad, coordinaci\u00f3n y transparencia, promoviendo el di\u00e1logo, de la reconciliaci\u00f3n, con mecanismos de resoluci\u00f3n de conflictos m\u00e1s efectivos que la fuerza.<\/p>\n<p style=\"text-align: justify;\">\u00abSomos un gobierno que no tolera la corrupci\u00f3n, jam\u00e1s seremos c\u00f3mplices ni tapadera de actos contrarios a la Ley. Este cambio, que ya estamos viendo y viviendo en Guerrero, nos <img loading=\"lazy\" decoding=\"async\" class=\"alignleft size-medium wp-image-1255330\" src=\"https:\/\/www.acapulcopress.com\/wp-content\/uploads\/2023\/07\/MERITO-JURICICO-20238-375x250.jpg\" alt=\"\" width=\"375\" height=\"250\" \/>va a ayudar a construir el estado que merecen nuestras familias guerrerenses\u00bb, dijo en su mensaje.<\/p>\n<p style=\"text-align: justify;\">Durante la ceremonia, la gobernadora acompa\u00f1ada por el senador F\u00e9lix Salgado Macedonio y el secretario General de Gobierno, Ludwig Marcial Reynoso N\u00fa\u00f1ez, realiz\u00f3 la entrega de premios al M\u00e9rito Jur\u00eddico 2023.<\/p>\n<p style=\"text-align: justify;\">Entreg\u00f3 medallas y diplomas a las y los galardonados de los premios jur\u00eddicos \u00abAlberto V\u00e1zquez del Mercado\u00bb a la abogada Azucena Pineda Guillermo y V\u00edctor Manuel Nava Casarrubias. Mientras que la presea \u00abTe\u00f3filo Olea y Leyva\u00bb fue otorgada a los juristas Am\u00e9rica Guadalupe Bautista Salgado y Caritino Maldonado Guzm\u00e1n.<\/p>\n<p style=\"text-align: justify;\">\u00abHoy reconocemos con este legado hist\u00f3rico a cuatro profesionales destacados. Dos <img loading=\"lazy\" decoding=\"async\" class=\"alignleft size-medium wp-image-1255325\" src=\"https:\/\/www.acapulcopress.com\/wp-content\/uploads\/2023\/07\/MERITO-JURICICO-20233-375x598.jpg\" alt=\"\" width=\"375\" height=\"598\" \/>mujeres abogadas y dos abogados que se han hecho merecedores de esta distinci\u00f3n por sus contribuciones al M\u00e9rito Jur\u00eddico desde la administraci\u00f3n p\u00fablica, desde el ejercicio privado y la academia. Mi reconocimiento para ustedes\u00bb, expres\u00f3 la gobernadora.<\/p>\n<p style=\"text-align: justify;\">Por su parte, en su mensaje, la abogada Azucena Pineda Guillermo llam\u00f3 a superar los desequilibrios sociales y combatir desigualdades hist\u00f3ricas, estar comprometidos con el cambio, la equidad, por la inclusi\u00f3n, pues afirm\u00f3 que ya no hay espacio para el machismo o el patriarcado.<\/p>\n<p style=\"text-align: justify;\">En tanto, en su mensaje el galardonado Caritino Maldonado Guzm\u00e1n resalt\u00f3 el temple de la gobernadora Evelyn Salgado Pineda para gobernar Guerrero y que a pesar de su juventud ha sabido conducir los destinos del estado y que no es f\u00e1cil gobernar, sin embargo, la entidad avanza con bienestar y gobernabilidad.<\/p>\n<p style=\"text-align: justify;\">En este evento con el gremio de juristas y profesionales del derecho en el estado de Guerrero, as\u00ed como magistrados, notarios, legisladores y funcionarios p\u00fablicos, estuvieron presentes el titular del Poder Judicial Raymundo Casarrubias V\u00e1zquez y la diputada presidenta de la Mesa Directiva del Congreso del Estado, Yanelly Hern\u00e1ndez Mart\u00ednez y la diputada presidenta de la Junta de Coordinaci\u00f3n Pol\u00edtica, Yoloczin Dom\u00ednguez Serna,\u00a0entre\u00a0otros.<\/p>\n<p style=\"text-align: justify;\"><em>] S\u00edguenos en Facebook.com\/<a href=\"https:\/\/www.facebook.com\/acapulcopress\" target=\"_blank\" rel=\"noopener\">acapulcopress<\/a><\/em><\/p>\n","protected":false},"excerpt":{"rendered":"<p>* Entreg\u00f3 la Gobernadora los premios al \u00abM\u00e9rito Jur\u00eddico 2023\u00bb CHILPANCINGO * Julio 12, 2023. ) Gobierno de Guerrero \u00abSomos un gobierno que promueve y protege los derechos y las libertades de los ciudadanos. Con pasos firmes y determinantes, estamos dando soluciones a los problemas viejos y a los conflictos nuevos\u00bb, afirm\u00f3 la gobernadora Evelyn&#8230;<\/p>\n","protected":false},"author":2,"featured_media":1255328,"comment_status":"closed","ping_status":"closed","sticky":false,"template":"","format":"standard","meta":{"footnotes":""},"categories":[1972,61,18561],"tags":[8251,12954],"class_list":["post-1255323","post","type-post","status-publish","format-standard","has-post-thumbnail","hentry","category-special","category-legislacion","category-society-politics","tag-evelyn-salgado-pineda","tag-merito-juridico-2023"],"_links":{"self":[{"href":"https:\/\/www.acapulcopress.com\/index.php\/wp-json\/wp\/v2\/posts\/1255323","targetHints":{"allow":["GET"]}}],"collection":[{"href":"https:\/\/www.acapulcopress.com\/index.php\/wp-json\/wp\/v2\/posts"}],"about":[{"href":"https:\/\/www.acapulcopress.com\/index.php\/wp-json\/wp\/v2\/types\/post"}],"author":[{"embeddable":true,"href":"https:\/\/www.acapulcopress.com\/index.php\/wp-json\/wp\/v2\/users\/2"}],"replies":[{"embeddable":true,"href":"https:\/\/www.acapulcopress.com\/index.php\/wp-json\/wp\/v2\/comments?post=1255323"}],"version-history":[{"count":0,"href":"https:\/\/www.acapulcopress.com\/index.php\/wp-json\/wp\/v2\/posts\/1255323\/revisions"}],"wp:featuredmedia":[{"embeddable":true,"href":"https:\/\/www.acapulcopress.com\/index.php\/wp-json\/"}],"wp:attachment":[{"href":"https:\/\/www.acapulcopress.com\/index.php\/wp-json\/wp\/v2\/media?parent=1255323"}],"wp:term":[{"taxonomy":"category","embeddable":true,"href":"https:\/\/www.acapulcopress.com\/index.php\/wp-json\/wp\/v2\/categories?post=1255323"},{"taxonomy":"post_tag","embeddable":true,"href":"https:\/\/www.acapulcopress.com\/index.php\/wp-json\/wp\/v2\/tags?post=1255323"}],"curies":[{"name":"wp","href":"https:\/\/api.w.org\/{rel}","templated":true}]}}