{"id":1255335,"date":"2023-07-12T20:21:34","date_gmt":"2023-07-13T02:21:34","guid":{"rendered":"https:\/\/www.acapulcopress.com\/?p=1255335"},"modified":"2023-07-12T20:21:34","modified_gmt":"2023-07-13T02:21:34","slug":"detienen-excomandante-militar-ligado-a-ayotzinapa","status":"publish","type":"post","link":"https:\/\/www.acapulcopress.com\/index.php\/2023\/07\/12\/detienen-excomandante-militar-ligado-a-ayotzinapa\/","title":{"rendered":"Detienen excomandante militar ligado a Ayotzinapa"},"content":{"rendered":"<p style=\"text-align: justify;\">PUEBLA * Julio 12, 2023.<br \/>\n<em>) <a href=\"https:\/\/www.proceso.com.mx\/nacional\/estados\/2023\/7\/12\/detienen-en-puebla-al-excomandante-rafael-hernandez-nieto-involucrado-en-el-caso-ayotzinapa-310583.html\" target=\"_blank\" rel=\"noopener\">Apro<\/a><\/em><br \/>\nRafael Hern\u00e1ndez Nieto, excomandante del 41 Batall\u00f3n de Infanter\u00eda en Iguala, Guerrero, acusado de haber participado en la desaparici\u00f3n de 43 normalistas en 2014, fue capturado en Puebla.<\/p>\n<p><img loading=\"lazy\" decoding=\"async\" class=\"alignleft wp-image-1255336 size-medium\" src=\"https:\/\/www.acapulcopress.com\/wp-content\/uploads\/2023\/07\/43-normalistas-2-375x250.jpeg\" alt=\"\" width=\"375\" height=\"250\" \/><\/p>\n<p style=\"text-align: justify;\">De acuerdo con el Registro Nacional de Detenciones (RND), la aprehensi\u00f3n del militar, a cargo de agentes de la Fiscal\u00eda General de la Rep\u00fablica (FGR), ocurri\u00f3 el 6 de julio a las 12:50 horas en la calle Topacio n\u00famero 4112 de la colonia Villa Posadas, de esta ciudad.<\/p>\n<p style=\"text-align: justify;\">El detenido fue puesto a disposici\u00f3n del Juzgado Segundo de Procesos Penales Federales, ubicado en Toluca, donde se le fincaron cargos por los delitos de desaparici\u00f3n forzada de personas y delincuencia organizada.<\/p>\n<p style=\"text-align: justify;\">Hern\u00e1ndez Nieto estaba activo como comandante del 41 Batall\u00f3n de Infanter\u00eda en Iguala, Guerrero, cuando ocurri\u00f3 la desaparici\u00f3n de 43 estudiantes de la Normal de Ayotzinapa el 26 de septiembre de 2014.<\/p>\n<p style=\"text-align: justify;\"><em>] S\u00edguenos en Facebook.com\/<a href=\"https:\/\/www.facebook.com\/acapulcopress\" target=\"_blank\" rel=\"noopener\">acapulcopress<\/a><\/em><\/p>\n","protected":false},"excerpt":{"rendered":"<p>PUEBLA * Julio 12, 2023. ) Apro Rafael Hern\u00e1ndez Nieto, excomandante del 41 Batall\u00f3n de Infanter\u00eda en Iguala, Guerrero, acusado de haber participado en la desaparici\u00f3n de 43 normalistas en 2014, fue capturado en Puebla. De acuerdo con el Registro Nacional de Detenciones (RND), la aprehensi\u00f3n del militar, a cargo de agentes de la Fiscal\u00eda&#8230;<\/p>\n","protected":false},"author":2,"featured_media":1255338,"comment_status":"closed","ping_status":"closed","sticky":false,"template":"","format":"standard","meta":{"footnotes":""},"categories":[1997],"tags":[8691,15220,15424],"class_list":["post-1255335","post","type-post","status-publish","format-standard","has-post-thumbnail","hentry","category-noticias-destacadas","tag-fiscalia-general-de-la-republica-fgr","tag-rafael-hernandez-nieto","tag-registro-nacional-de-detenciones-rnd"],"_links":{"self":[{"href":"https:\/\/www.acapulcopress.com\/index.php\/wp-json\/wp\/v2\/posts\/1255335","targetHints":{"allow":["GET"]}}],"collection":[{"href":"https:\/\/www.acapulcopress.com\/index.php\/wp-json\/wp\/v2\/posts"}],"about":[{"href":"https:\/\/www.acapulcopress.com\/index.php\/wp-json\/wp\/v2\/types\/post"}],"author":[{"embeddable":true,"href":"https:\/\/www.acapulcopress.com\/index.php\/wp-json\/wp\/v2\/users\/2"}],"replies":[{"embeddable":true,"href":"https:\/\/www.acapulcopress.com\/index.php\/wp-json\/wp\/v2\/comments?post=1255335"}],"version-history":[{"count":0,"href":"https:\/\/www.acapulcopress.com\/index.php\/wp-json\/wp\/v2\/posts\/1255335\/revisions"}],"wp:featuredmedia":[{"embeddable":true,"href":"https:\/\/www.acapulcopress.com\/index.php\/wp-json\/"}],"wp:attachment":[{"href":"https:\/\/www.acapulcopress.com\/index.php\/wp-json\/wp\/v2\/media?parent=1255335"}],"wp:term":[{"taxonomy":"category","embeddable":true,"href":"https:\/\/www.acapulcopress.com\/index.php\/wp-json\/wp\/v2\/categories?post=1255335"},{"taxonomy":"post_tag","embeddable":true,"href":"https:\/\/www.acapulcopress.com\/index.php\/wp-json\/wp\/v2\/tags?post=1255335"}],"curies":[{"name":"wp","href":"https:\/\/api.w.org\/{rel}","templated":true}]}}