{"id":1255343,"date":"2023-07-13T10:30:05","date_gmt":"2023-07-13T16:30:05","guid":{"rendered":"https:\/\/www.acapulcopress.com\/?p=1255343"},"modified":"2023-07-13T10:30:05","modified_gmt":"2023-07-13T16:30:05","slug":"solicitan-a-dante-delgado-reconsiderar-nombramiento-de-aventureros-y-vivales-en-mc-guerrero","status":"publish","type":"post","link":"https:\/\/www.acapulcopress.com\/index.php\/2023\/07\/13\/solicitan-a-dante-delgado-reconsiderar-nombramiento-de-aventureros-y-vivales-en-mc-guerrero\/","title":{"rendered":"Solicitan a Dante Delgado reconsiderar nombramiento de aventureros y vivales en MC Guerrero"},"content":{"rendered":"<p style=\"text-align: justify;\">\u00bb <strong>\u00c1ngel<\/strong> |<strong> Blanco<\/strong><br \/>\nACAPULCO * Julio 13, 2023.<br \/>\n<em>) Acapulco Press<\/em><br \/>\nEl consejero nacional y excoordinador estatal de Movimiento Ciudadano, <a href=\"https:\/\/www.facebook.com\/AdrianWencesC\" target=\"_blank\" rel=\"noopener\">Adri\u00e1n Wences Carrasco<\/a>, solicit\u00f3 al dirigente nacional del partido naranja, <a href=\"https:\/\/www.facebook.com\/DanteDelgadoR\" target=\"_blank\" rel=\"noopener\">Dante Alfonso Delgado Rannauro<\/a>, reconsiderar en <a href=\"https:\/\/www.facebook.com\/MovCiudadanoGro\" target=\"_blank\" rel=\"noopener\">Movimiento Ciudadano Guerrero<\/a> la designaci\u00f3n de una nueva Comisi\u00f3n Operativa Provisional en Guerrero liderada por \u00abaventureros y vivales reci\u00e9n llegados\u00bb al partido.<\/p>\n<p style=\"text-align: justify;\">La alusi\u00f3n apunta claramente al &#8216;aguirrista&#8217; <a href=\"https:\/\/www.facebook.com\/JulianLopezGaleanaMX\" target=\"_blank\" rel=\"noopener\">Juli\u00e1n L\u00f3pez Galeana<\/a>, quien al arbitrio ha ido ido rodeando de arribistas que no solo atentan contra las bases que dieron origen a Movimiento Ciudadano, sino que tambi\u00e9n cuentan con quejas y denuncias como transgresores de los derechos humanos y la libertad de prensa que rigen los principios del partido naranja, lo que ha motivado el repudio generalizado contra L\u00f3pez Galeana, quien no solo despide a personas de MC injustificadamente, sino tambi\u00e9n manipula ilegalmente documentos oficiales institucionales, raz\u00f3n por la que fue demandado penalmente, y cuenta con antecedentes por fraudes cometidos como ex funcionario del gobierno del perredista \u00c1ngel Aguirre Rivero, cuando fungi\u00f3 como director general del Fideicomiso Guerrero Industrial, seg\u00fan da fe la denuncia ministerial presentada en 2014 por Aldo David Valle G\u00f3mez, propietario de la empresa \u00abAC Tecnology\u00bb, v\u00edctima de un fraude global por 5 millones 634 mil 847 pesos.<\/p>\n<p style=\"text-align: justify;\">Con su petici\u00f3n, Wences Carrasco pretende evitar que la trayectoria de Movimiento Ciudadano en Guerrero \u00absea manchada por aventureros y vivales reci\u00e9n llegados\u00bb, que pretenden \u00abapropiarse de la Dirigencia que con tanto esfuerzo, trabajo y sacrificio cost\u00f3 a tantos militantes que contribuyeron para que en 23 a\u00f1os de vida de nuestro Instituto Pol\u00edtico no se perdiera el registro en este Estado\u00bb.<\/p>\n<p style=\"text-align: justify;\">La misiva \u00edntegra, dice lo siguiente:<\/p>\n<p style=\"text-align: justify;\"><strong>Senador Dante Delgado Rannauro,<br \/>\n<\/strong>Coordinador de la Comisi\u00f3n Operativa Nacional<strong><br \/>\n<\/strong><br \/>\nP r e s e n t e.<\/p>\n<p style=\"text-align: justify;\"><strong>Apreciado amigo Dante:<\/strong><\/p>\n<p><em>Me permito manifestarte que la militancia de Guerrero saluda y reconoce tu indiscutible Liderazgo, y te expresa su apoyo y solidaridad incondicional, particularmente en estos \u00faltimos d\u00edas de turbulencia y de cr\u00edticas a nuestro Instituto Pol\u00edtico de parte de diferentes actores pol\u00edticos.<\/em><\/p>\n<p><em>Por otra parte tengo a bien informarte con el mayor respeto que me merece tu investidura, que desde hace algunos meses cuando est\u00e1bamos esperando que se publicar\u00e1 la convocatoria para la renovaci\u00f3n de la Comisi\u00f3n Operativa Estatal en Guerrero, el C. Jos\u00e9 Manuel Del R\u00edo Virgen, estuvo visitando diferentes municipios del Estado, todas las ocasiones acompa\u00f1ado del C. Juli\u00e1n L\u00f3pez Galeana, con la finalidad de promover su eventual postulaci\u00f3n como Dirigente Estatal, sin informar al suscrito, en una grosera intromisi\u00f3n y falta de respeto a otros compa\u00f1eros y compa\u00f1eras que ten\u00edan la leg\u00edtima aspiraci\u00f3n de ocupar dicho cargo, pero lo m\u00e1s grave es que en dichas reuniones la mayor\u00eda de los asistentes a las mismas, no pertenec\u00edan a Movimiento Ciudadano.<\/em><\/p>\n<p><em>As\u00ed mismo considero pertinente comunicarte que el d\u00eda 05 de mayo del presente, cuando me convocaste a tus oficinas en la CD. De M\u00e9xico, y tuviste a bien comunicarme que al d\u00eda siguiente, durante la Sesi\u00f3n Ordinaria de la Coordinadora Nacional, se nombrar\u00eda una Comisi\u00f3n Operativa Provisional en Guerrero, instruy\u00e9ndome para que me reuniera con el Secrerario de Acuerdos Juan Ignacio Zavala y con la Presidenta de la Comisi\u00f3n Nacional de Convenciones Julieta Mac\u00edas R\u00e1bago, con la finalidad de proponer a las personas que integrar\u00edan dicho cuerpo colegiado, de tal suerte que en la noche de ese mismo d\u00eda, dicha comisi\u00f3n qued\u00f3 integrada de la siguiente manera:<\/em><\/p>\n<p><em>Juli\u00e1n L\u00f3pez Galeana como Coordinador Provisional, y como integrantes de la misma:<\/em><br \/>\n<em>Nereida de Jes\u00fas Silvar Bravo, Delegada de Mujeres y Felicitas Mu\u00f1iz G\u00f3mez dos veces Presidenta Municipal de M\u00e1rtir de Cuilapan, a propuesta m\u00eda, dos j\u00f3venes menores de 29 a\u00f1os, Alejandro Granda, Marina Xochilt Salgado Villavicencio, y Deyanira Uribe Cuevas, a propuesta de Juli\u00e1n L\u00f3pez y por \u00faltimo Talina Salinas y Alberto Serna Mogoll\u00f3n que fueron propuestos por la Diputada Ivonne Ortega, lo anterior lo comunicamos v\u00eda telef\u00f3nica a las personas designadas para que se trasladaran a la CD. De M\u00e9xico y estuvieran presentes cuando se anunciar\u00e1 su designaci\u00f3n.<\/em><\/p>\n<p><em>En la celebraci\u00f3n de la Coordinadora Nacional del d\u00eda 06 de mayo del a\u00f1o en curso donde estaba previsto el anuncio del acuerdo del d\u00eda anterior de c\u00f3mo quedar\u00eda integrada la Comisi\u00f3n Operativa Provisional, sorpresivamente se anunci\u00f3 una Comisi\u00f3n Operativa Estatal Provisional totalmente distinta a lo acordado, lo que provoc\u00f3 los reclamos de la militancia por falta de seriedad Institucional y respeto a la dignidad humana.<\/em><\/p>\n<p><em>Estimado Dirigente y mejor amigo, te recuerdo con emoci\u00f3n y leg\u00edtimo orgullo que gracias a tu generosa invitaci\u00f3n, los \u00faltimos 15 a\u00f1os de mi vida los he entregado sin regateos a nuestro Instituto pol\u00edtico, primero como Delegado Nacional en Hidalgo, Puebla, Tlaxcala, dos veces en Guerrero y dos periodos como Dirigente Estatal, cuidando celosa y escrupulosamente que mi desempe\u00f1o se diera siempre en el marco Institucional, por lo que desear\u00eda en la \u00faltima etapa de mi vida Pol\u00edtica honrar la memoria y el legado de un gran l\u00edder, ser humano ejemplar como lo fue Luis Walton Aburto fundador de nuestro partido, evitando que la trayectoria de Movimiento Ciudadano en Guerrero, sea manchada por aventureros y vivales reci\u00e9n llegados se quieran apropiar de la Dirigencia que con tanto esfuerzo, trabajo y sacrificio cost\u00f3 a tantos militantes que contribuyeron para que en 23 a\u00f1os de vida de nuestro Instituto Pol\u00edtico no se perdiera el registro en este Estado, por \u00faltimo la militancia de esta entidad sure\u00f1a te solicitamos respetuosamente tengas a bien reconsiderar la designaci\u00f3n de una nueva Comisi\u00f3n Operativa Provisional, integrada por verdaderos militantes, comprometidos con nuestra Instituci\u00f3n.<\/em><\/p>\n<p style=\"text-align: justify;\">Atentamente.<\/p>\n<p style=\"text-align: justify;\"><strong>Dr. Adri\u00e1n Wences Carrasco.<\/strong><br \/>\nConsejero Nacional y Ex Dirigente\u00a0Estatal.<\/p>\n","protected":false},"excerpt":{"rendered":"<p>\u00bb \u00c1ngel | Blanco ACAPULCO * Julio 13, 2023. ) Acapulco Press El consejero nacional y excoordinador estatal de Movimiento Ciudadano, Adri\u00e1n Wences Carrasco, solicit\u00f3 al dirigente nacional del partido naranja, Dante Alfonso Delgado Rannauro, reconsiderar en Movimiento Ciudadano Guerrero la designaci\u00f3n de una nueva Comisi\u00f3n Operativa Provisional en Guerrero liderada por \u00abaventureros y vivales&#8230;<\/p>\n","protected":false},"author":2,"featured_media":1255344,"comment_status":"closed","ping_status":"closed","sticky":false,"template":"","format":"standard","meta":{"footnotes":""},"categories":[1969,1972,18565],"tags":[3121,3296,6941,11308,13333,13339],"class_list":["post-1255343","post","type-post","status-publish","format-standard","has-post-thumbnail","hentry","category-trending","category-special","category-politicos","tag-ac-tecnology-ac","tag-adrian-wences-carrasco","tag-dante-alfonso-delgado-rannauro","tag-julian-lopez-galeana","tag-movimiento-ciudadano","tag-movimiento-ciudadano-guerrero"],"_links":{"self":[{"href":"https:\/\/www.acapulcopress.com\/index.php\/wp-json\/wp\/v2\/posts\/1255343","targetHints":{"allow":["GET"]}}],"collection":[{"href":"https:\/\/www.acapulcopress.com\/index.php\/wp-json\/wp\/v2\/posts"}],"about":[{"href":"https:\/\/www.acapulcopress.com\/index.php\/wp-json\/wp\/v2\/types\/post"}],"author":[{"embeddable":true,"href":"https:\/\/www.acapulcopress.com\/index.php\/wp-json\/wp\/v2\/users\/2"}],"replies":[{"embeddable":true,"href":"https:\/\/www.acapulcopress.com\/index.php\/wp-json\/wp\/v2\/comments?post=1255343"}],"version-history":[{"count":0,"href":"https:\/\/www.acapulcopress.com\/index.php\/wp-json\/wp\/v2\/posts\/1255343\/revisions"}],"wp:featuredmedia":[{"embeddable":true,"href":"https:\/\/www.acapulcopress.com\/index.php\/wp-json\/"}],"wp:attachment":[{"href":"https:\/\/www.acapulcopress.com\/index.php\/wp-json\/wp\/v2\/media?parent=1255343"}],"wp:term":[{"taxonomy":"category","embeddable":true,"href":"https:\/\/www.acapulcopress.com\/index.php\/wp-json\/wp\/v2\/categories?post=1255343"},{"taxonomy":"post_tag","embeddable":true,"href":"https:\/\/www.acapulcopress.com\/index.php\/wp-json\/wp\/v2\/tags?post=1255343"}],"curies":[{"name":"wp","href":"https:\/\/api.w.org\/{rel}","templated":true}]}}