{"id":1255348,"date":"2023-07-13T11:11:27","date_gmt":"2023-07-13T17:11:27","guid":{"rendered":"https:\/\/www.acapulcopress.com\/?p=1255348"},"modified":"2023-07-13T11:11:27","modified_gmt":"2023-07-13T17:11:27","slug":"las-bases-sociales-del-crimen-organizado","status":"publish","type":"post","link":"https:\/\/www.acapulcopress.com\/index.php\/2023\/07\/13\/las-bases-sociales-del-crimen-organizado\/","title":{"rendered":"Las Bases Sociales del Crimen Organizado"},"content":{"rendered":"<p style=\"text-align: justify;\">Marem\u00e1gnum<br \/>\n\u00bb <strong>RICARDO<\/strong> | <strong>CASTILLO BARRIENTOS<\/strong><br \/>\n<em>) Facebook \/ <a href=\"https:\/\/www.facebook.com\/ricardocastill01\" target=\"_blank\" rel=\"noopener\">Ricardo Castillo Barrientos<\/a><\/em><\/p>\n<p style=\"text-align: justify;\">A ra\u00edz de la convulsi\u00f3n social acontecida en Chilpancingo, se sienta un precedente de la presi\u00f3n ejercida por la simbiosis del grupo criminal \u201cLos Ardillos\u201d y las autoridades de comunidades de Quechultenango, Jos\u00e9 Joaqu\u00edn de Herrera, Chilapa, Atlixtac y Acatepec, a trav\u00e9s de la Uni\u00f3n de Comisarios del Estado de Guerrero, que preside el ingeniero y gestor Guillermo Mat\u00edas Barr\u00f3n.<\/p>\n<p style=\"text-align: justify;\">Se prev\u00e9 que en lo sucesivo este tipo de presi\u00f3n social sea la constante de las autoridades comunitarias para hacer efectivas sus gestiones de obras p\u00fablicas y sociales, a fin de obtener una respuesta inmediata de los tres \u00f3rdenes de Gobierno, cuyos funcionarios por razones presupuestales o de ineficiencia dan largas o rechazan las solicitudes presentadas en tiempo y forma.<\/p>\n<p style=\"text-align: justify;\">Con la cobertura de \u201cLos Ardillos\u201d se llevaron a cabo las movilizaciones que pusieron en jaque a los Gobiernos del Estado y Federal, con el prop\u00f3sito original de lograr la liberaci\u00f3n del l\u00edder transportista Jes\u00fas Echeverr\u00eda Penafiel, alias \u201cEl Topo\u201d, y Bernardo Ch\u00e1vez Cruz, vinculados al grupo criminal de acuerdo a la informaci\u00f3n oficial. En los dos primeros d\u00edas de ambas detenciones, previos a las violentas manifestaciones, hubo t\u00edmidas protestas del gremio del transporte de la micro regi\u00f3n Centro para que los dejaran en libertad, sin resultados por estar imputados con delitos del orden federal.<\/p>\n<p style=\"text-align: justify;\">El presidente L\u00f3pez Obrador, en una de sus recientes conferencias ma\u00f1aneras, llam\u00f3 a los manifestantes a no dejarse manipular por las bandas criminales y que fueron obligados a marchar para exigir la liberaci\u00f3n de los dos detenidos, lo que nunca se pidi\u00f3 en las negociaciones con el secretario general de Gobierno, Ludwid Marcial Reynoso y s\u00ed demandaron obras de pavimentaci\u00f3n de carreteras, puentes y redes de drenaje, que se les concedi\u00f3 con un presupuesto de 115 millones de pesos, como condici\u00f3n para liberar a los polic\u00edas y funcionarios retenidos, la entrega del veh\u00edculo blindado y abrir el paso en la Autopista del Sol.<\/p>\n<p style=\"text-align: justify;\">En los \u00faltimos a\u00f1os, el Crimen Organizado (CO) se ha hecho de una amplia base social en varias entidades federativas, como Sinaloa, Tamaulipas, Jalisco, Michoac\u00e1n, Chiapas y Guerrero, que mantienen vigente a trav\u00e9s de d\u00e1divas que otorgan a comunidades empobrecidas, en fechas especiales como el \u201cD\u00eda de la Madre\u201d, \u201cD\u00eda del Ni\u00f1o\u201d o las \u201cFiestas Navide\u00f1as\u201d, con regalos, juguetes, despensas, uniformes deportivos, construcci\u00f3n de capillas, fiestas patronales y hasta grupos musicales.<\/p>\n<p style=\"text-align: justify;\">Esta vertiente cobra una mayor dimensi\u00f3n porque las comunidades tambi\u00e9n act\u00faan en su propio beneficio demandando servicios p\u00fablicos, como centros de salud, escuelas, caminos, agua potable, drenaje, programas sociales, etc. Este tipo de gestor\u00eda comunitaria prevalecer\u00e1 de ahora en adelante, una vez que est\u00e1 despejado el camino por el CO, como principal aliado y protector.<\/p>\n<p style=\"text-align: justify;\"><strong>Marea Baja.-<\/strong> Vuelve la calma chicha a la capital del estado, despu\u00e9s de los hechos violentos registrados en los \u00faltimos d\u00edas, que suceden con frecuencia por diversas causas, principalmente de car\u00e1cter educativo ante la fehaciente negligencia de funcionarios de la SEG, que dejan crecer los problemas del sector, hasta evolucionar en bola de nieve, ocasionando m\u00faltiples trastornos a los habitantes de la ciudad.<\/p>\n<p style=\"text-align: justify;\">La problem\u00e1tica educativa abarca todos los niveles: Educaci\u00f3n Inicial, Especial, Preescolar, Primaria, Secundaria, Media Superior, Superior y Normal. En cada uno de esos niveles siguen brotando inconformidades del magisterio perteneciente al SNTE o CETEG, sin que encuentren la debida atenci\u00f3n para solucionar las reiteradas demandas que se manifiestan p\u00fablicamente todos los d\u00edas, en la capital del estado y en las cabeceras municipales de todas las regiones donde est\u00e1n ubicadas las delegaciones de la SEG.<\/p>\n<p style=\"text-align: justify;\"><strong>Marea Alta.-<\/strong> M\u00e1s vale un grito a tiempo, parece indicar la actitud asumida por los pobladores de 43 comunidades de la sierra de Tlacotepec y San Miguel Totolapan, que bajaron a bloquear la carretera federal Acapulco-Zihuatanejo, en el tramo de la Y Griega, en Atoyac de \u00c1lvarez, para demandar se cumpla con los acuerdos establecidos con el gobierno estatal para la rehabilitaci\u00f3n y pavimentaci\u00f3n de caminos, m\u00e9dicos, enfermeras, medicamentos, maestros y obras sociales en cada una de las comunidades.<\/p>\n<p style=\"text-align: justify;\">Esos dos municipios se encuentran inmersos en una espiral de violencia y marginaci\u00f3n, que en cualquier momento podr\u00eda estallar, sino se les presta la debida y oportuna atenci\u00f3n, antes que sea demasiado tarde y lo tengamos que lamentar. Por eso m\u00e1s vale un grito a tiempo que luego llorar.<\/p>\n<p style=\"text-align: justify;\"><strong>Maremoto.-<\/strong> Surti\u00f3 efecto la orden del presidente L\u00f3pez Obrador, a las \u201ccorcholatas\u201d y al presidente de Morena, Mario Delgado, para que bajen su propaganda en espectaculares y bardas, que nunca han reconocido como suyas y que violan flagrantemente la Ley Electoral del INE.<\/p>\n<p style=\"text-align: justify;\">Esta medida es consecuente con la exigencia del senador con licencia, Ricardo Monreal \u00c1vila, qui\u00e9n durante sus recorridos por el pa\u00eds para celebrar sus Asambleas Informativas, ha detectado m\u00e1s de 900 anuncios espectaculares promocionando a Claudia Sheinbaum, Ad\u00e1n Augusto L\u00f3pez, Marcelo Ebrard y Manuel Velasco, con un elevado costo millonario.<\/p>\n<p style=\"text-align: justify;\">A escasos 50 d\u00edas de la encuesta morenista, se est\u00e1n dando las condiciones para establecer piso parejo en la contienda interna, porque en apariencia los dados est\u00e1n cargados a favor de la ex jefa de Gobierno de la Ciudad de M\u00e9xico y del ex secretario de Gobernaci\u00f3n, la primera favorita y el segundo, consentido del mandam\u00e1s de la Naci\u00f3n.<br \/>\n<em>] S\u00edguenos en Facebook.com\/<a href=\"https:\/\/www.facebook.com\/acapulcopress\" target=\"_blank\" rel=\"noopener\">acapulcopress<\/a><\/em><\/p>\n","protected":false},"excerpt":{"rendered":"<p>Marem\u00e1gnum \u00bb RICARDO | CASTILLO BARRIENTOS ) Facebook \/ Ricardo Castillo Barrientos A ra\u00edz de la convulsi\u00f3n social acontecida en Chilpancingo, se sienta un precedente de la presi\u00f3n ejercida por la simbiosis del grupo criminal \u201cLos Ardillos\u201d y las autoridades de comunidades de Quechultenango, Jos\u00e9 Joaqu\u00edn de Herrera, Chilapa, Atlixtac y Acatepec, a trav\u00e9s de&#8230;<\/p>\n","protected":false},"author":2,"featured_media":1255349,"comment_status":"closed","ping_status":"closed","sticky":false,"template":"","format":"standard","meta":{"footnotes":""},"categories":[2071,1991],"tags":[3688,4710,6743,10717,12069,12503,15575],"class_list":["post-1255348","post","type-post","status-publish","format-standard","has-post-thumbnail","hentry","category-opinion-analisis-columnas","category-libertad-de-expresion","tag-alias-el-topo","tag-bernardo-chavez-cruz","tag-crimen-organizado","tag-jesus-echeverria-penafiel","tag-los-ardillos","tag-maremagnum","tag-ricardo-castillo-barrientos"],"_links":{"self":[{"href":"https:\/\/www.acapulcopress.com\/index.php\/wp-json\/wp\/v2\/posts\/1255348","targetHints":{"allow":["GET"]}}],"collection":[{"href":"https:\/\/www.acapulcopress.com\/index.php\/wp-json\/wp\/v2\/posts"}],"about":[{"href":"https:\/\/www.acapulcopress.com\/index.php\/wp-json\/wp\/v2\/types\/post"}],"author":[{"embeddable":true,"href":"https:\/\/www.acapulcopress.com\/index.php\/wp-json\/wp\/v2\/users\/2"}],"replies":[{"embeddable":true,"href":"https:\/\/www.acapulcopress.com\/index.php\/wp-json\/wp\/v2\/comments?post=1255348"}],"version-history":[{"count":0,"href":"https:\/\/www.acapulcopress.com\/index.php\/wp-json\/wp\/v2\/posts\/1255348\/revisions"}],"wp:featuredmedia":[{"embeddable":true,"href":"https:\/\/www.acapulcopress.com\/index.php\/wp-json\/"}],"wp:attachment":[{"href":"https:\/\/www.acapulcopress.com\/index.php\/wp-json\/wp\/v2\/media?parent=1255348"}],"wp:term":[{"taxonomy":"category","embeddable":true,"href":"https:\/\/www.acapulcopress.com\/index.php\/wp-json\/wp\/v2\/categories?post=1255348"},{"taxonomy":"post_tag","embeddable":true,"href":"https:\/\/www.acapulcopress.com\/index.php\/wp-json\/wp\/v2\/tags?post=1255348"}],"curies":[{"name":"wp","href":"https:\/\/api.w.org\/{rel}","templated":true}]}}