{"id":1255351,"date":"2023-07-13T15:33:02","date_gmt":"2023-07-13T21:33:02","guid":{"rendered":"https:\/\/www.acapulcopress.com\/?p=1255351"},"modified":"2023-07-13T15:33:02","modified_gmt":"2023-07-13T21:33:02","slug":"no-daremos-la-espalda-a-la-conviccion-de-trabajar-arduamente-por-la-seguridad-evelyn-salgado","status":"publish","type":"post","link":"https:\/\/www.acapulcopress.com\/index.php\/2023\/07\/13\/no-daremos-la-espalda-a-la-conviccion-de-trabajar-arduamente-por-la-seguridad-evelyn-salgado\/","title":{"rendered":"No daremos la espalda a la convicci\u00f3n de trabajar arduamente por la seguridad | Evelyn Salgado"},"content":{"rendered":"<p style=\"text-align: justify;\">ACAPULCO * Julio 13, 2023.<br \/>\n<em>) Gobierno de Guerrero<\/em><br \/>\n<img loading=\"lazy\" decoding=\"async\" class=\"alignleft size-medium wp-image-1255354\" src=\"https:\/\/www.acapulcopress.com\/wp-content\/uploads\/2023\/07\/GUERRERO.SEGURIDAD3-375x250.jpg\" alt=\"\" width=\"375\" height=\"250\" \/>\u201cEl gobierno del estado nunca dar\u00e1 la espalda ni abandonar\u00e1 la convicci\u00f3n de seguir trabajando arduamente, como lo hacemos todos los d\u00edas, por la seguridad, por el bienestar, y por el desarrollo de las y los guerrerenses\u201d, indic\u00f3 la gobernadora <a href=\"https:\/\/www.facebook.com\/EvelynSalgadoP\" target=\"_blank\" rel=\"noopener\">Evelyn Salgado Pineda<\/a>, durante la inauguraci\u00f3n del Monumento Bicentenario en la Novena Regi\u00f3n Militar en Acapulco.<\/p>\n<p style=\"text-align: justify;\">Ah\u00ed, la mandataria estatal hizo un reconocimiento a las mujeres y hombres que conforman el Heroico Colegio Militar, as\u00ed como la labor que a diario realizan dentro de uno de los pilares fundamentales del Estado Mexicano; de igual forma, reafirm\u00f3 la importancia del di\u00e1logo en su gobierno, siempre en la ruta de la coordinaci\u00f3n, del di\u00e1logo, y del trabajo conjunto para seguir transformando Guerrero.<\/p>\n<p style=\"text-align: justify;\"><img loading=\"lazy\" decoding=\"async\" class=\"alignleft size-medium wp-image-1255357\" src=\"https:\/\/www.acapulcopress.com\/wp-content\/uploads\/2023\/07\/GUERRERO.SEGURIDAD6-375x250.jpg\" alt=\"\" width=\"375\" height=\"250\" \/>\u201cEl compromiso que compartimos con el bienestar de Guerrero y de M\u00e9xico, nos hermana en las tareas diarias por la construcci\u00f3n de paz y de seguridad; nos hermanan los esfuerzos por construir un aut\u00e9ntico Estado de derecho\u201d, puntualiz\u00f3 la gobernadora, antes de llevar a cabo el pase de lista y corte de list\u00f3n del monumento conmemorativo de los 200 a\u00f1os de la creaci\u00f3n del Heroico Colegio Militar.<\/p>\n<p style=\"text-align: justify;\">Por su parte, el comandante de la Novena Regi\u00f3n Militar, Ricardo Flores Gonz\u00e1lez, subray\u00f3 el compromiso de quienes todos los d\u00edas se preparan para proteger y salvaguardar a M\u00e9xico, mediante el honor, la disciplina y los valores.<\/p>\n<p><img loading=\"lazy\" decoding=\"async\" class=\"alignnone wp-image-1255353 size-large\" src=\"https:\/\/www.acapulcopress.com\/wp-content\/uploads\/2023\/07\/GUERRERO.SEGURIDAD2-840x560.jpg\" alt=\"\" width=\"696\" height=\"464\" \/><br \/>\n<em>https:\/\/www.facebook.com\/<a href=\"https:\/\/www.facebook.com\/acapulcopress.news\/\" target=\"_blank\" rel=\"noopener\">acapulcopress<\/a><\/em><\/p>\n","protected":false},"excerpt":{"rendered":"<p>ACAPULCO * Julio 13, 2023. ) Gobierno de Guerrero \u201cEl gobierno del estado nunca dar\u00e1 la espalda ni abandonar\u00e1 la convicci\u00f3n de seguir trabajando arduamente, como lo hacemos todos los d\u00edas, por la seguridad, por el bienestar, y por el desarrollo de las y los guerrerenses\u201d, indic\u00f3 la gobernadora Evelyn Salgado Pineda, durante la inauguraci\u00f3n&#8230;<\/p>\n","protected":false},"author":2,"featured_media":1255355,"comment_status":"closed","ping_status":"closed","sticky":false,"template":"","format":"standard","meta":{"footnotes":""},"categories":[1972,1983,18561],"tags":[8251],"class_list":["post-1255351","post","type-post","status-publish","format-standard","has-post-thumbnail","hentry","category-special","category-guerrerogob","category-society-politics","tag-evelyn-salgado-pineda"],"_links":{"self":[{"href":"https:\/\/www.acapulcopress.com\/index.php\/wp-json\/wp\/v2\/posts\/1255351","targetHints":{"allow":["GET"]}}],"collection":[{"href":"https:\/\/www.acapulcopress.com\/index.php\/wp-json\/wp\/v2\/posts"}],"about":[{"href":"https:\/\/www.acapulcopress.com\/index.php\/wp-json\/wp\/v2\/types\/post"}],"author":[{"embeddable":true,"href":"https:\/\/www.acapulcopress.com\/index.php\/wp-json\/wp\/v2\/users\/2"}],"replies":[{"embeddable":true,"href":"https:\/\/www.acapulcopress.com\/index.php\/wp-json\/wp\/v2\/comments?post=1255351"}],"version-history":[{"count":0,"href":"https:\/\/www.acapulcopress.com\/index.php\/wp-json\/wp\/v2\/posts\/1255351\/revisions"}],"wp:featuredmedia":[{"embeddable":true,"href":"https:\/\/www.acapulcopress.com\/index.php\/wp-json\/"}],"wp:attachment":[{"href":"https:\/\/www.acapulcopress.com\/index.php\/wp-json\/wp\/v2\/media?parent=1255351"}],"wp:term":[{"taxonomy":"category","embeddable":true,"href":"https:\/\/www.acapulcopress.com\/index.php\/wp-json\/wp\/v2\/categories?post=1255351"},{"taxonomy":"post_tag","embeddable":true,"href":"https:\/\/www.acapulcopress.com\/index.php\/wp-json\/wp\/v2\/tags?post=1255351"}],"curies":[{"name":"wp","href":"https:\/\/api.w.org\/{rel}","templated":true}]}}