{"id":1255372,"date":"2023-07-13T17:18:58","date_gmt":"2023-07-13T23:18:58","guid":{"rendered":"https:\/\/www.acapulcopress.com\/?p=1255372"},"modified":"2023-07-13T17:18:58","modified_gmt":"2023-07-13T23:18:58","slug":"no-me-voy-responde-otilia-a-sugerencia-de-renunciar","status":"publish","type":"post","link":"https:\/\/www.acapulcopress.com\/index.php\/2023\/07\/13\/no-me-voy-responde-otilia-a-sugerencia-de-renunciar\/","title":{"rendered":"No me voy, responde Otilia a petici\u00f3n de renunciar"},"content":{"rendered":"<p style=\"text-align: justify;\">CHILPANCINGO * Julio 13, 2023.<br \/>\n<em>) <a href=\"https:\/\/latinus.us\/2023\/07\/13\/gobierno-guerrero-alcaldesa-norma-otilia-separarse-cargo-mantengo-firme-responde\/\" target=\"_blank\" rel=\"noopener\">Latinus<\/a> | <a href=\"https:\/\/lasillarota.com\/estados\/2023\/7\/13\/gobierno-de-guerrero-llama-alcaldesa-de-chilpancingo-separarse-de-su-cargo-437965.html\" target=\"_blank\" rel=\"noopener\">La Silla Rota<\/a><br \/>\n<\/em>Ludwig Marcial Reynoso, secretario general de Gobierno de Guerrero, sugiri\u00f3 que Norma Otilia Hern\u00e1ndez Mart\u00ednez, alcaldesa de Chilpancingo, se separe del cargo luego de que se evidenciara que se reuni\u00f3 con integrantes de \u201cLos Ardillos\u201d.<\/p>\n<p style=\"text-align: justify;\">Al ser cuestionada al respecto, la alcaldesa dijo que est\u00e1 esperando a que las instituciones a cargo de la investigaci\u00f3n tomen la decisi\u00f3n. \u201cMe mantengo firme\u201d, dijo al negar que renunciar\u00eda al cargo.<\/p>\n<p style=\"text-align: justify;\">\u201cSon opiniones, pero yo siempre he considerado que es la ley. No creo que sean mensajes, yo considero que estamos trabajando en equipo, considero que estamos trabajando en equipo, considero que hay una buena coordinaci\u00f3n. Esperar\u00e9, simplemente esperar\u00e9. Yo s\u00e9 que mucha gente har\u00e1 algunos comentarios, pero yo estar\u00e9 esperando que sean las leyes\u201d, dijo.<\/p>\n<p style=\"text-align: justify;\"><strong>La reuni\u00f3n con Los Ardillos<br \/>\n<\/strong><br \/>\nEl pasado 5 de julio, la alcaldesa morenista de Chilpancingo, Guerrero, Norma Otilia Hern\u00e1ndez, reconoci\u00f3 que tuvo un encuentro en un desayuno con uno de los l\u00edderes del grupo criminal denominado Los Ardillos; aunque dijo que dicha reuni\u00f3n no signific\u00f3 alg\u00fan tipo de acuerdo o compromiso, luego de que a finales de junio se hallaran siete cad\u00e1veres en la capital del estado con un mensaje dirigido a ella.<\/p>\n<p style=\"text-align: justify;\">La afirmaci\u00f3n la dio luego de que tuvo que reconocer como aut\u00e9ntico un video en donde se le puede observar que estrecha la mano con un hombre de playera y gorra negra.<\/p>\n<p style=\"text-align: justify;\">La madrugada del s\u00e1bado 24 de junio, siete cuerpos desmembrados fueron hallados, frente a la iglesia del barrio de San Mateo en el municipio de Chilpancingo, Guerrero. Al lugar acudieron elementos de la Fiscal\u00eda General del estado y personal de la polic\u00eda estatal, municipal y de la Sedena.<\/p>\n<p style=\"text-align: justify;\">Ah\u00ed encontraron partes de restos humanos esparcidos sobre el arroyo vehicular, mientras que al interior de la cajuela de una camioneta, la cual, al momento del hallazgo, se encontraba con el motor encendido; encontraron cinco cabezas cercenadas, correspondientes a cinco personas de sexo masculino y narcomensajes dirigidos a la presidenta municipal, Norma Otilia Hern\u00e1ndez, y al s\u00edndico procurador, Andrei Marmolejo Valle.<\/p>\n<div style=\"width: 848px;\" class=\"wp-video\"><video class=\"wp-video-shortcode\" id=\"video-1255372-1\" width=\"848\" height=\"480\" preload=\"metadata\" controls=\"controls\"><source type=\"video\/mp4\" src=\"https:\/\/www.acapulcopress.com\/wp-content\/uploads\/2023\/07\/norma-otilia-con-capo-de-los-ardillo-parte-2.mp4?_=1\" \/><a href=\"https:\/\/www.acapulcopress.com\/wp-content\/uploads\/2023\/07\/norma-otilia-con-capo-de-los-ardillo-parte-2.mp4\">https:\/\/www.acapulcopress.com\/wp-content\/uploads\/2023\/07\/norma-otilia-con-capo-de-los-ardillo-parte-2.mp4<\/a><\/video><\/div>\n<p style=\"text-align: justify;\">\n<em>] S\u00edguenos en Facebook.com\/<a href=\"https:\/\/www.facebook.com\/acapulcopress\" target=\"_blank\" rel=\"noopener\">acapulcopress<\/a><\/em><\/p>\n","protected":false},"excerpt":{"rendered":"<p>CHILPANCINGO * Julio 13, 2023. ) Latinus | La Silla Rota Ludwig Marcial Reynoso, secretario general de Gobierno de Guerrero, sugiri\u00f3 que Norma Otilia Hern\u00e1ndez Mart\u00ednez, alcaldesa de Chilpancingo, se separe del cargo luego de que se evidenciara que se reuni\u00f3 con integrantes de \u201cLos Ardillos\u201d. Al ser cuestionada al respecto, la alcaldesa dijo que&#8230;<\/p>\n","protected":false},"author":2,"featured_media":1255373,"comment_status":"closed","ping_status":"closed","sticky":false,"template":"","format":"standard","meta":{"footnotes":""},"categories":[1997],"tags":[12069,12139,13744],"class_list":["post-1255372","post","type-post","status-publish","format-standard","has-post-thumbnail","hentry","category-noticias-destacadas","tag-los-ardillos","tag-ludwig-marcial-reynoso-nunez","tag-norma-otilia-hernandez-martinez"],"_links":{"self":[{"href":"https:\/\/www.acapulcopress.com\/index.php\/wp-json\/wp\/v2\/posts\/1255372","targetHints":{"allow":["GET"]}}],"collection":[{"href":"https:\/\/www.acapulcopress.com\/index.php\/wp-json\/wp\/v2\/posts"}],"about":[{"href":"https:\/\/www.acapulcopress.com\/index.php\/wp-json\/wp\/v2\/types\/post"}],"author":[{"embeddable":true,"href":"https:\/\/www.acapulcopress.com\/index.php\/wp-json\/wp\/v2\/users\/2"}],"replies":[{"embeddable":true,"href":"https:\/\/www.acapulcopress.com\/index.php\/wp-json\/wp\/v2\/comments?post=1255372"}],"version-history":[{"count":0,"href":"https:\/\/www.acapulcopress.com\/index.php\/wp-json\/wp\/v2\/posts\/1255372\/revisions"}],"wp:featuredmedia":[{"embeddable":true,"href":"https:\/\/www.acapulcopress.com\/index.php\/wp-json\/"}],"wp:attachment":[{"href":"https:\/\/www.acapulcopress.com\/index.php\/wp-json\/wp\/v2\/media?parent=1255372"}],"wp:term":[{"taxonomy":"category","embeddable":true,"href":"https:\/\/www.acapulcopress.com\/index.php\/wp-json\/wp\/v2\/categories?post=1255372"},{"taxonomy":"post_tag","embeddable":true,"href":"https:\/\/www.acapulcopress.com\/index.php\/wp-json\/wp\/v2\/tags?post=1255372"}],"curies":[{"name":"wp","href":"https:\/\/api.w.org\/{rel}","templated":true}]}}