{"id":1255380,"date":"2023-07-13T11:34:48","date_gmt":"2023-07-13T17:34:48","guid":{"rendered":"https:\/\/www.acapulcopress.com\/?p=1255380"},"modified":"2023-07-13T11:34:48","modified_gmt":"2023-07-13T17:34:48","slug":"reitero-lloyd-walton-a-marcelo-ebrard-su-respaldo-por-busqueda-de-la-presidencia-2024","status":"publish","type":"post","link":"https:\/\/www.acapulcopress.com\/index.php\/2023\/07\/13\/reitero-lloyd-walton-a-marcelo-ebrard-su-respaldo-por-busqueda-de-la-presidencia-2024\/","title":{"rendered":"Reiter\u00f3 Lloyd Walton a Marcelo Ebrard su respaldo por b\u00fasqueda de la Presidencia 2024"},"content":{"rendered":"<p style=\"text-align: justify;\">CIUDAD DE M\u00c9XICO * Julio 13, 2023.<br \/>\n<em>) Especial<\/em><br \/>\nEl coordinador del apoyo en Guerrero al proyecto de <a href=\"https:\/\/www.facebook.com\/MarceloEbrardC\" target=\"_blank\" rel=\"noopener\">Marcelo Ebrard Casaub\u00f3n<\/a>, Lloyd Walton \u00c1lvarez se reuni\u00f3 y convers\u00f3 con el aspirante a coordinar los Comit\u00e9s de defensa de la Cuarta Transformaci\u00f3n.<\/p>\n<p style=\"text-align: justify;\">Walton \u00c1lvarez acompa\u00f1\u00f3 a Ebrard en su recorrido por la Ciudad de M\u00e9xico y dos municipios del Estado de M\u00e9xico, Atizap\u00e1n de Zaragoza y Nicol\u00e1s Romero, para promover y defender los logros de la 4T.<\/p>\n<p style=\"text-align: justify;\">El coordinador de Guerrero del proyecto #MarceloS\u00ed, felicit\u00f3 a Ebrard Casaub\u00f3n por el plan A.N.G.E.L. en materia de seguridad que present\u00f3 esta semana, y le reafirmo su compromiso de llevar por todo Guerrero el trabajo de promoci\u00f3n del &#8216;carnal Marcelo &#8216;rumbo a la encuesta interna de Morena que se realizar\u00e1 del 28 de agosto al 3 de septiembre pr\u00f3ximos.<\/p>\n<p style=\"text-align: justify;\">La reuni\u00f3n se dio tras la primera cita en la agenda de Marcelo en la Ciudad de M\u00e9xico, donde, el exsecretario de Relaciones Exteriores particip\u00f3 como orador invitado en el LXXXIII Congreso Nacional de la Confederaci\u00f3n de Asociaciones de Agentes Aduanales de la Rep\u00fablica Mexicana. Marcelo Ebrard, a su vez, le reiter\u00f3 a Lloyd Walton su cari\u00f1o y compromiso con los guerrerenses a quien muy pronto visitar\u00e1 en este recorrido que realiza por todo el pa\u00eds.<br \/>\n<em>] S\u00edguenos en Facebook.com\/<a href=\"https:\/\/www.facebook.com\/acapulcopress\" target=\"_blank\" rel=\"noopener\">acapulcopress<\/a><\/em><\/p>\n","protected":false},"excerpt":{"rendered":"<p>CIUDAD DE M\u00c9XICO * Julio 13, 2023. ) Especial El coordinador del apoyo en Guerrero al proyecto de Marcelo Ebrard Casaub\u00f3n, Lloyd Walton \u00c1lvarez se reuni\u00f3 y convers\u00f3 con el aspirante a coordinar los Comit\u00e9s de defensa de la Cuarta Transformaci\u00f3n. Walton \u00c1lvarez acompa\u00f1\u00f3 a Ebrard en su recorrido por la Ciudad de M\u00e9xico y&#8230;<\/p>\n","protected":false},"author":2,"featured_media":1255381,"comment_status":"closed","ping_status":"closed","sticky":false,"template":"","format":"standard","meta":{"footnotes":""},"categories":[2052,18561],"tags":[2779,12024,12448,13015],"class_list":["post-1255380","post","type-post","status-publish","format-standard","has-post-thumbnail","hentry","category-elecciones","category-society-politics","tag-marcelosi","tag-lloyd-walton-alvarez","tag-marcelo-ebrard-casaubon","tag-mexico-2024"],"_links":{"self":[{"href":"https:\/\/www.acapulcopress.com\/index.php\/wp-json\/wp\/v2\/posts\/1255380","targetHints":{"allow":["GET"]}}],"collection":[{"href":"https:\/\/www.acapulcopress.com\/index.php\/wp-json\/wp\/v2\/posts"}],"about":[{"href":"https:\/\/www.acapulcopress.com\/index.php\/wp-json\/wp\/v2\/types\/post"}],"author":[{"embeddable":true,"href":"https:\/\/www.acapulcopress.com\/index.php\/wp-json\/wp\/v2\/users\/2"}],"replies":[{"embeddable":true,"href":"https:\/\/www.acapulcopress.com\/index.php\/wp-json\/wp\/v2\/comments?post=1255380"}],"version-history":[{"count":0,"href":"https:\/\/www.acapulcopress.com\/index.php\/wp-json\/wp\/v2\/posts\/1255380\/revisions"}],"wp:featuredmedia":[{"embeddable":true,"href":"https:\/\/www.acapulcopress.com\/index.php\/wp-json\/"}],"wp:attachment":[{"href":"https:\/\/www.acapulcopress.com\/index.php\/wp-json\/wp\/v2\/media?parent=1255380"}],"wp:term":[{"taxonomy":"category","embeddable":true,"href":"https:\/\/www.acapulcopress.com\/index.php\/wp-json\/wp\/v2\/categories?post=1255380"},{"taxonomy":"post_tag","embeddable":true,"href":"https:\/\/www.acapulcopress.com\/index.php\/wp-json\/wp\/v2\/tags?post=1255380"}],"curies":[{"name":"wp","href":"https:\/\/api.w.org\/{rel}","templated":true}]}}