{"id":1255424,"date":"2023-07-17T11:26:05","date_gmt":"2023-07-17T17:26:05","guid":{"rendered":"https:\/\/www.acapulcopress.com\/?p=1255424"},"modified":"2023-07-17T11:26:05","modified_gmt":"2023-07-17T17:26:05","slug":"cierran-oficina-de-prensa-de-acapulco-exigen-renuncia-del-director-general","status":"publish","type":"post","link":"https:\/\/www.acapulcopress.com\/index.php\/2023\/07\/17\/cierran-oficina-de-prensa-de-acapulco-exigen-renuncia-del-director-general\/","title":{"rendered":"Cierran oficina de prensa de Acapulco; exigen renuncia del director general"},"content":{"rendered":"<div class=\"xdj266r x11i5rnm xat24cr x1mh8g0r x1vvkbs x126k92a\">\n<div dir=\"auto\" style=\"text-align: justify;\"><em>* Orbe L\u00f3pez fue designado por la alcaldesa por reunir el &#8216;mejor perfil&#8217; para el cargo<\/em><\/p>\n<\/div>\n<div dir=\"auto\" style=\"text-align: justify;\">ACAPULCO * Julio 17, 2023.<br \/>\n<em>) Aps<\/em><\/div>\n<\/div>\n<div class=\"x11i5rnm xat24cr x1mh8g0r x1vvkbs xtlvy1s x126k92a\" style=\"text-align: justify;\">\n<div dir=\"auto\">Esta ma\u00f1ana fue cerrada la direcci\u00f3n de Comunicaci\u00f3n Social del <a class=\"x1i10hfl xjbqb8w x6umtig x1b1mbwd xaqea5y xav7gou x9f619 x1ypdohk xt0psk2 xe8uvvx xdj266r x11i5rnm xat24cr x1mh8g0r xexx8yu x4uap5 x18d9i69 xkhd6sd x16tdsg8 x1hl2dhg xggy1nq x1a2a7pz xt0b8zv x1qq9wsj xo1l8bm\" tabindex=\"0\" role=\"link\" href=\"https:\/\/www.facebook.com\/AcapulcoGob?__cft__[0]=AZUrXKa6_U2s_Ey0zuCQKnJfInwsv8n0LDSgBKaxcL1wfZrMf5a1arY5G9eMmUNrcHp8uswRWm27YpQWXzTUN9SWlz3WmWXDx6K_cBAbZYNcrgcC8YPZul1KSBDn_t6lY5yL74IPGo3QuSL2eFx7ucme&amp;__tn__=-]K-R\" target=\"_blank\" rel=\"noopener\"><span class=\"xt0psk2\">Gobierno Municipal de <img loading=\"lazy\" decoding=\"async\" class=\"alignleft size-medium wp-image-1255427\" src=\"https:\/\/www.acapulcopress.com\/wp-content\/uploads\/2023\/07\/COMSOC-ACAPULCO2-375x500.jpg\" alt=\"\" width=\"375\" height=\"500\" \/>Acapulco<\/span><\/a> por trabajadores que denunciaron misoginia, maltrato, amenazas, hostigamiento y violencia de g\u00e9nero por parte del director general, <strong>Ignacio Orbe L\u00f3pez<\/strong>.<\/p>\n<\/div>\n<\/div>\n<div class=\"x11i5rnm xat24cr x1mh8g0r x1vvkbs xtlvy1s x126k92a\" style=\"text-align: justify;\">\n<div dir=\"auto\">Los manifestantes se\u00f1alaron que el sucesor de Javier Octavio Le\u00f3n Rubio y Pedro El\u00edas Radilla Gonz\u00e1lez, desde su llegada comenz\u00f3 con la prepotencia, los malos tratos, los gritos y las amenazas, sobre todo contra las mujeres.<\/p>\n<\/div>\n<\/div>\n<div class=\"x11i5rnm xat24cr x1mh8g0r x1vvkbs xtlvy1s x126k92a\" style=\"text-align: justify;\">\n<div dir=\"auto\">De hecho, Orbe L\u00f3pez, &#8216;waltonista&#8217; de cepa, polit\u00f3logo, licenciado en Ciencias Pol\u00edticas y Maestro en Administraci\u00f3n P\u00fablica y Comunicaci\u00f3n por la Universidad Complutense de Madrid, adem\u00e1s de &#8216;profesor distinguido&#8217; del Instituto Internacional de Estudios Pol\u00edticos Avanzados \u201cIgnacio Manuel Altamirano\u201d de la UAGro, se ha ufanado de estarle \u00abhaci\u00e9ndole un favor a la alcaldesa <a class=\"x1i10hfl xjbqb8w x6umtig x1b1mbwd xaqea5y xav7gou x9f619 x1ypdohk xt0psk2 xe8uvvx xdj266r x11i5rnm xat24cr x1mh8g0r xexx8yu x4uap5 x18d9i69 xkhd6sd x16tdsg8 x1hl2dhg xggy1nq x1a2a7pz xt0b8zv x1qq9wsj xo1l8bm\" tabindex=\"0\" role=\"link\" href=\"https:\/\/www.acapulcopress.com\/society-politics\/resolver-deficiencias-en-hospital-comunitario-de-metlatonoc-exhorta-macedonio-mendoza\/\" target=\"_blank\" rel=\"noopener\"><span class=\"xt0psk2\">Abelina L\u00f3pez Rodr\u00edguez<\/span><\/a> al aceptar el puesto, ya que no ten\u00eda la \u00abnecesidad\u00bb de trabajar como funcionario p\u00fablico debido a las opciones laborales que le permiten su \u00abalto grado acad\u00e9mico\u00bb y su \u00abholgada vida econ\u00f3mica\u00bb que posee, revelaron los declarantes, que tambi\u00e9n acusaron que <img loading=\"lazy\" decoding=\"async\" class=\"alignleft size-medium wp-image-1255428\" src=\"https:\/\/www.acapulcopress.com\/wp-content\/uploads\/2023\/07\/COMSOC-ACAPULCO3-375x667.jpg\" alt=\"\" width=\"375\" height=\"667\" \/>el director general los dej\u00f3 sin mobiliario y equipo de trabajo al trasladar a una \u00abbodega desconocida\u00bb c\u00e1maras de v\u00eddeo y fotograf\u00eda, computadoras y \u00abhasta la camioneta oficial\u00bb de la oficina que utilizaban para sus traslados para la cobertura de las actividades de la presidente municipal.<\/p>\n<\/div>\n<\/div>\n<div class=\"x11i5rnm xat24cr x1mh8g0r x1vvkbs xtlvy1s x126k92a\" style=\"text-align: justify;\">\n<div dir=\"auto\">Mediante un oficio entregado en Presidencia, los trabajadores narran que Orbe L\u00f3pez ha desplazado a la gente que realmente \u00absabe trabajar\u00bb en el \u00e1rea de comunicaci\u00f3n social, y ha tra\u00eddo a excolaboradores suyos de cuando fue director de la Juventud en el gobierno del finado Luis Walton Aburto (2012-2015), tales como Gabriel Brito Camacho, a quien design\u00f3 como jefe de marketing.<\/p>\n<\/div>\n<\/div>\n<div class=\"x11i5rnm xat24cr x1mh8g0r x1vvkbs xtlvy1s x126k92a\" style=\"text-align: justify;\">\n<div dir=\"auto\">Esta relaci\u00f3n hostil entre jefe y empleados ha hecho dif\u00edcil el desempe\u00f1o de Comunicaci\u00f3n Social, complementas los quejosos, debido a que muchas \u00e1reas de trabajo est\u00e1n saturadas de personas allegadas a &#8216;Nacho&#8217; Orbe.<\/p>\n<\/div>\n<\/div>\n<div class=\"x11i5rnm xat24cr x1mh8g0r x1vvkbs xtlvy1s x126k92a\">\n<div dir=\"auto\" style=\"text-align: justify;\">Por todo lo anterior, solicitan la destituci\u00f3n inmediata del actual director de Comunicaci\u00f3n Social, quien hab\u00eda sido nombrado supuestamente por reunir el mejor perfil para el cargo y para mejorar el ambiente de la oficina y dar mejores resultados a favor de la alcaldesa L\u00f3pez Rodr\u00edguez, pero tal parece que el cambio \u00abresult\u00f3 contraproducente\u00bb.<\/p>\n<div style=\"width: 626px;\" class=\"wp-video\"><video class=\"wp-video-shortcode\" id=\"video-1255424-1\" width=\"626\" height=\"360\" preload=\"metadata\" controls=\"controls\"><source type=\"video\/mp4\" src=\"https:\/\/www.acapulcopress.com\/wp-content\/uploads\/2023\/07\/COM-SOC.mp4?_=1\" \/><a href=\"https:\/\/www.acapulcopress.com\/wp-content\/uploads\/2023\/07\/COM-SOC.mp4\">https:\/\/www.acapulcopress.com\/wp-content\/uploads\/2023\/07\/COM-SOC.mp4<\/a><\/video><\/div>\n<p><em>] Video Cortes\u00eda de <a href=\"https:\/\/www.facebook.com\/HorizonteUtopico\" target=\"_blank\" rel=\"noopener\">Horizonte Ut\u00f3pico<\/a><\/p>\n<p><img loading=\"lazy\" decoding=\"async\" class=\"alignnone wp-image-1255430 size-full\" src=\"https:\/\/www.acapulcopress.com\/wp-content\/uploads\/2023\/07\/OFICIO-ORBE-LOPEZ.jpg\" alt=\"\" width=\"707\" height=\"960\" \/><img loading=\"lazy\" decoding=\"async\" class=\"alignnone wp-image-1255429 size-large\" src=\"https:\/\/www.acapulcopress.com\/wp-content\/uploads\/2023\/07\/OFICIO-ORBE-LOPEZ-2-840x1047.jpg\" alt=\"\" width=\"696\" height=\"868\" \/><br \/>\n<\/em><\/div>\n<div dir=\"auto\" style=\"text-align: justify;\">) <a class=\"x1i10hfl xjbqb8w x6umtig x1b1mbwd xaqea5y xav7gou x9f619 x1ypdohk xt0psk2 xe8uvvx xdj266r x11i5rnm xat24cr x1mh8g0r xexx8yu x4uap5 x18d9i69 xkhd6sd x16tdsg8 x1hl2dhg xggy1nq x1a2a7pz xt0b8zv x1qq9wsj xo1l8bm\" tabindex=\"0\" role=\"link\" href=\"https:\/\/www.facebook.com\/acapulcopress?__cft__[0]=AZUrXKa6_U2s_Ey0zuCQKnJfInwsv8n0LDSgBKaxcL1wfZrMf5a1arY5G9eMmUNrcHp8uswRWm27YpQWXzTUN9SWlz3WmWXDx6K_cBAbZYNcrgcC8YPZul1KSBDn_t6lY5yL74IPGo3QuSL2eFx7ucme&amp;__tn__=-]K-R\" target=\"_blank\" rel=\"noopener\"><span class=\"xt0psk2\">AcapulcoPress<\/span><\/a><\/div>\n<\/div>\n","protected":false},"excerpt":{"rendered":"<p>* Orbe L\u00f3pez fue designado por la alcaldesa por reunir el &#8216;mejor perfil&#8217; para el cargo ACAPULCO * Julio 17, 2023. ) Aps Esta ma\u00f1ana fue cerrada la direcci\u00f3n de Comunicaci\u00f3n Social del Gobierno Municipal de Acapulco por trabajadores que denunciaron misoginia, maltrato, amenazas, hostigamiento y violencia de g\u00e9nero por parte del director general, Ignacio&#8230;<\/p>\n","protected":false},"author":2,"featured_media":1255426,"comment_status":"closed","ping_status":"closed","sticky":false,"template":"","format":"standard","meta":{"footnotes":""},"categories":[1972,1981,18561],"tags":[3077,9053,9329,10033,10633,14418,14436],"class_list":["post-1255424","post","type-post","status-publish","format-standard","has-post-thumbnail","hentry","category-special","category-acapulco","category-society-politics","tag-abelina-lopez-rodriguez","tag-gabriel-brito-camacho","tag-gobierno-municipal-de-acapulco","tag-ignacio-orbe-lopez","tag-javier-octavio-leon-rubio","tag-pedro-elias-radilla-gonzalez","tag-pedro-radilla-suastegui"],"_links":{"self":[{"href":"https:\/\/www.acapulcopress.com\/index.php\/wp-json\/wp\/v2\/posts\/1255424","targetHints":{"allow":["GET"]}}],"collection":[{"href":"https:\/\/www.acapulcopress.com\/index.php\/wp-json\/wp\/v2\/posts"}],"about":[{"href":"https:\/\/www.acapulcopress.com\/index.php\/wp-json\/wp\/v2\/types\/post"}],"author":[{"embeddable":true,"href":"https:\/\/www.acapulcopress.com\/index.php\/wp-json\/wp\/v2\/users\/2"}],"replies":[{"embeddable":true,"href":"https:\/\/www.acapulcopress.com\/index.php\/wp-json\/wp\/v2\/comments?post=1255424"}],"version-history":[{"count":0,"href":"https:\/\/www.acapulcopress.com\/index.php\/wp-json\/wp\/v2\/posts\/1255424\/revisions"}],"wp:featuredmedia":[{"embeddable":true,"href":"https:\/\/www.acapulcopress.com\/index.php\/wp-json\/"}],"wp:attachment":[{"href":"https:\/\/www.acapulcopress.com\/index.php\/wp-json\/wp\/v2\/media?parent=1255424"}],"wp:term":[{"taxonomy":"category","embeddable":true,"href":"https:\/\/www.acapulcopress.com\/index.php\/wp-json\/wp\/v2\/categories?post=1255424"},{"taxonomy":"post_tag","embeddable":true,"href":"https:\/\/www.acapulcopress.com\/index.php\/wp-json\/wp\/v2\/tags?post=1255424"}],"curies":[{"name":"wp","href":"https:\/\/api.w.org\/{rel}","templated":true}]}}