{"id":1255435,"date":"2023-07-17T18:58:19","date_gmt":"2023-07-18T00:58:19","guid":{"rendered":"https:\/\/www.acapulcopress.com\/?p=1255435"},"modified":"2023-07-17T18:58:19","modified_gmt":"2023-07-18T00:58:19","slug":"amlo-ataca-y-descalifica-a-xochitl-porque-sus-corcholatas-no-dan-para-mas-cortes","status":"publish","type":"post","link":"https:\/\/www.acapulcopress.com\/index.php\/2023\/07\/17\/amlo-ataca-y-descalifica-a-xochitl-porque-sus-corcholatas-no-dan-para-mas-cortes\/","title":{"rendered":"AMLO ataca y descalifica a X\u00f3chitl porque sus &#8216;corcholatas&#8217; no dan para m\u00e1s | Cort\u00e9s"},"content":{"rendered":"<p style=\"text-align: justify;\">CIUDAD DE M\u00c9XICO * Julio 17, 2023.<br \/>\n) Especial<br \/>\nEl presidente nacional del PAN, <a href=\"https:\/\/www.facebook.com\/MarkoCortesM\" target=\"_blank\" rel=\"noopener\">Marko Cort\u00e9s Mendoza<\/a>, conden\u00f3 el uso ilegal de la informaci\u00f3n del Estado para atacar a <a href=\"https:\/\/www.facebook.com\/Xochitl.Galvez.R\" target=\"_blank\" rel=\"noopener\">X\u00f3chitl G\u00e1lvez<\/a>, pues se trata de un delito difundir <img loading=\"lazy\" decoding=\"async\" class=\"alignleft size-medium wp-image-1255437\" src=\"https:\/\/www.acapulcopress.com\/wp-content\/uploads\/2023\/07\/MARKO-CORTES-375x250.jpeg\" alt=\"\" width=\"375\" height=\"250\" \/>contratos de empresas y de clientes, tanto del sector p\u00fablico como privado.<\/p>\n<p style=\"text-align: justify;\">Acci\u00f3n Nacional siempre ha estado apegado a la transparencia del patrimonio, tan es as\u00ed que uno de los requisitos para inscribirse en el proceso fue presentar su declaraci\u00f3n 3de3 en materia de transparencia. Pero rechazamos en todos los sentidos la amenaza de la autoridad federal, al exhibir contratos falsos.<\/p>\n<p style=\"text-align: justify;\">Acompa\u00f1aremos a G\u00e1lvez Ruiz en todas las acciones legales que pretenda presentar contra el Primer Mandatario (<a href=\"https:\/\/www.facebook.com\/lopezobrador.org.mx\" target=\"_blank\" rel=\"noopener\">Andr\u00e9s Manuel L\u00f3pez Obrador<\/a>), ya que viol\u00f3 una serie de leyes, y esto no lo podemos dejar pasar.<\/p>\n<p style=\"text-align: justify;\">Adem\u00e1s, lo acus\u00f3 de violencia pol\u00edtica en raz\u00f3n de g\u00e9nero, ante los mensajes que ha emitido el Ejecutivo de estereotipar a X\u00f3chitl G\u00e1lvez como producto de una decisi\u00f3n de hombres.<\/p>\n<p style=\"text-align: justify;\">\u201cComo sus corcholatas ya se est\u00e1n desinflando, ahora recurre a la burda estrategia del ataque, la descalificaci\u00f3n y la difamaci\u00f3n de la contrincante principal de \u00e9l, su partido y sus <img loading=\"lazy\" decoding=\"async\" class=\"alignleft size-medium wp-image-1255438\" src=\"https:\/\/www.acapulcopress.com\/wp-content\/uploads\/2023\/07\/xochitl-firmale-375x211.jpg\" alt=\"\" width=\"375\" height=\"211\" \/>aspirantes\u201d, recalc\u00f3.<\/p>\n<p style=\"text-align: justify;\">Por ello, desde Acci\u00f3n Nacional hacemos un llamado al Presidente a frenar los ataques contra G\u00e1lvez y lo hacemos responsable de cualquier da\u00f1o a su integridad, la de su familia y sus clientes.<\/p>\n<p style=\"text-align: justify;\">Asimismo, le pedimos al titular de la Unidad de Inteligencia Financiera, Pablo G\u00f3mez, que sea institucional, profesional y no realice activismo pol\u00edtico contra X\u00f3chitl G\u00e1lvez o el <em>Frente Amplio por M\u00e9xico<\/em>, con declaraciones paranoicas y de complots.<\/p>\n<p style=\"text-align: justify;\">\u201cLe recordamos que los verdaderos gestores de la corrupci\u00f3n y la violencia que priva en M\u00e9xico han sido provocado por Morena y su gobierno y los \u00fanicos responsables de lo que estamos padeciendo son ellos. Ya no hay pasado al cual se pueda culpar, ellos son el presente de M\u00e9xico y ellos son los que han hundido al pa\u00eds\u201d, concluy\u00f3.<\/p>\n<p style=\"text-align: justify;\"><em>] S\u00edguenos en Facebook.com\/<a href=\"https:\/\/www.facebook.com\/acapulcopress\" target=\"_blank\" rel=\"noopener\">acapulcopress<\/a><\/em><\/p>\n","protected":false},"excerpt":{"rendered":"<p>CIUDAD DE M\u00c9XICO * Julio 17, 2023. ) Especial El presidente nacional del PAN, Marko Cort\u00e9s Mendoza, conden\u00f3 el uso ilegal de la informaci\u00f3n del Estado para atacar a X\u00f3chitl G\u00e1lvez, pues se trata de un delito difundir contratos de empresas y de clientes, tanto del sector p\u00fablico como privado. Acci\u00f3n Nacional siempre ha estado&#8230;<\/p>\n","protected":false},"author":2,"featured_media":1255436,"comment_status":"closed","ping_status":"closed","sticky":false,"template":"","format":"standard","meta":{"footnotes":""},"categories":[2052,1972,18561],"tags":[3896,4718,8929,12720,14184],"class_list":["post-1255435","post","type-post","status-publish","format-standard","has-post-thumbnail","hentry","category-elecciones","category-special","category-society-politics","tag-andres-manuel-lopez-obrador","tag-bertha-xochitl-galvez-ruiz","tag-frente-amplio-por-mexico","tag-marko-cortes-mendoza","tag-pan"],"_links":{"self":[{"href":"https:\/\/www.acapulcopress.com\/index.php\/wp-json\/wp\/v2\/posts\/1255435","targetHints":{"allow":["GET"]}}],"collection":[{"href":"https:\/\/www.acapulcopress.com\/index.php\/wp-json\/wp\/v2\/posts"}],"about":[{"href":"https:\/\/www.acapulcopress.com\/index.php\/wp-json\/wp\/v2\/types\/post"}],"author":[{"embeddable":true,"href":"https:\/\/www.acapulcopress.com\/index.php\/wp-json\/wp\/v2\/users\/2"}],"replies":[{"embeddable":true,"href":"https:\/\/www.acapulcopress.com\/index.php\/wp-json\/wp\/v2\/comments?post=1255435"}],"version-history":[{"count":0,"href":"https:\/\/www.acapulcopress.com\/index.php\/wp-json\/wp\/v2\/posts\/1255435\/revisions"}],"wp:featuredmedia":[{"embeddable":true,"href":"https:\/\/www.acapulcopress.com\/index.php\/wp-json\/"}],"wp:attachment":[{"href":"https:\/\/www.acapulcopress.com\/index.php\/wp-json\/wp\/v2\/media?parent=1255435"}],"wp:term":[{"taxonomy":"category","embeddable":true,"href":"https:\/\/www.acapulcopress.com\/index.php\/wp-json\/wp\/v2\/categories?post=1255435"},{"taxonomy":"post_tag","embeddable":true,"href":"https:\/\/www.acapulcopress.com\/index.php\/wp-json\/wp\/v2\/tags?post=1255435"}],"curies":[{"name":"wp","href":"https:\/\/api.w.org\/{rel}","templated":true}]}}