{"id":1255440,"date":"2023-07-17T19:22:05","date_gmt":"2023-07-18T01:22:05","guid":{"rendered":"https:\/\/www.acapulcopress.com\/?p=1255440"},"modified":"2023-07-17T19:22:05","modified_gmt":"2023-07-18T01:22:05","slug":"demanda-prd-que-lopez-obrador-actue-como-presidente-no-como-jefe-de-pandilla","status":"publish","type":"post","link":"https:\/\/www.acapulcopress.com\/index.php\/2023\/07\/17\/demanda-prd-que-lopez-obrador-actue-como-presidente-no-como-jefe-de-pandilla\/","title":{"rendered":"Demanda PRD que L\u00f3pez Obrador act\u00fae como presidente, no como jefe de pandilla"},"content":{"rendered":"<p style=\"text-align: justify;\">TWITTER * Julio 17, 2023.<br \/>\n<em>) Especial<\/em><br \/>\nEL Presidente Nacional del Partido de la Revoluci\u00f3n Democr\u00e1tica (PRD), <a href=\"https:\/\/www.facebook.com\/jesus.zambranogrijalva\" target=\"_blank\" rel=\"noopener\">Jes\u00fas Zambrano Grijalva<\/a>, exigi\u00f3 al presidente de M\u00e9xico, <a href=\"https:\/\/www.facebook.com\/lopezobrador.org.mx\" target=\"_blank\" rel=\"noopener\">L\u00f3pez Obrador<\/a>, actuar como tal y no como jefe de pandilla, en un momento de incremento de la violencia e inseguridad en el pa\u00eds debido a la estrategia gubernamental de no combatir a los grupos criminales, sino de aliarse con ellos para ganar elecciones, \u201cM\u00e9xico se ha situado en el escenario de un Estado fallido, con un gobierno decadente al frente y , por si fuera poco, el presidente de la Rep\u00fablica se ha dedicado a perseguir pol\u00edticamente a sus opositores como es el caso flagrante contra <a href=\"https:\/\/www.facebook.com\/Xochitl.Galvez.R\" target=\"_blank\" rel=\"noopener\">X\u00f3chitl G\u00e1lvez<\/a> en las \u00faltimas semanas, especialmente en los \u00faltimos d\u00edas\u201d, enfatiz\u00f3.<\/p>\n<p style=\"text-align: justify;\">Zambrano Grijalva resalt\u00f3 que el inquilino de Palacio Nacional se ha dado cuenta que puede perder las elecciones frente a la oposici\u00f3n y cae en abierto desacato de las medidas cautelares, sancionatorias, del INE; adem\u00e1s, protegiendo a sus corcholatas para que sigan violando la ley y derrochando multimillonarios recursos p\u00fablicos en sus actos proselitistas.<\/p>\n<p style=\"text-align: justify;\">\u201cPor eso desde el PRD, como presidente nacional de mi partido pol\u00edtico, le exijo de nuevo a L\u00f3pez Obrador que act\u00fae como Jefe de Estado y no como jefe de pandilla; que combata a los grupos criminales y respete la Constituci\u00f3n y a los \u00f3rganos electorales y, al mismo tiempo, que cese la persecuci\u00f3n pol\u00edtica contra los opositores, especialmente que cese la alevosa persecuci\u00f3n pol\u00edtica contra X\u00f3chitl G\u00e1lvez que aspira a ser la responsable nacional del Frente Amplio por M\u00e9xico. Esta es la exigencia clara que yo le hago a L\u00f3pez Obrador, que deje de aprovechar los instrumentos del Estado mexicano para perseguir a los opositores pol\u00edticos y , al mismo tiempo, lamentablemente y muy preocupante, proteger a los criminales para seguir ganando elecciones de la mano de ellos\u201d, concret\u00f3 el l\u00edder perredista, Jes\u00fas Zambrano.<\/p>\n<p style=\"text-align: justify;\"><em>] S\u00edguenos en Facebook.com\/<a href=\"https:\/\/www.facebook.com\/acapulcopress\" target=\"_blank\" rel=\"noopener\">acapulcopress<\/a><\/em><\/p>\n","protected":false},"excerpt":{"rendered":"<p>TWITTER * Julio 17, 2023. ) Especial EL Presidente Nacional del Partido de la Revoluci\u00f3n Democr\u00e1tica (PRD), Jes\u00fas Zambrano Grijalva, exigi\u00f3 al presidente de M\u00e9xico, L\u00f3pez Obrador, actuar como tal y no como jefe de pandilla, en un momento de incremento de la violencia e inseguridad en el pa\u00eds debido a la estrategia gubernamental de&#8230;<\/p>\n","protected":false},"author":2,"featured_media":1255441,"comment_status":"closed","ping_status":"closed","sticky":false,"template":"","format":"standard","meta":{"footnotes":""},"categories":[1972,18561,2009],"tags":[3897,10764,14804,18162],"class_list":["post-1255440","post","type-post","status-publish","format-standard","has-post-thumbnail","hentry","category-special","category-society-politics","category-politics","tag-andres-manuel-lopez-obrador-amlo","tag-jesus-zambrano-grijalva","tag-prd","tag-xochitl-galvez-ruiz"],"_links":{"self":[{"href":"https:\/\/www.acapulcopress.com\/index.php\/wp-json\/wp\/v2\/posts\/1255440","targetHints":{"allow":["GET"]}}],"collection":[{"href":"https:\/\/www.acapulcopress.com\/index.php\/wp-json\/wp\/v2\/posts"}],"about":[{"href":"https:\/\/www.acapulcopress.com\/index.php\/wp-json\/wp\/v2\/types\/post"}],"author":[{"embeddable":true,"href":"https:\/\/www.acapulcopress.com\/index.php\/wp-json\/wp\/v2\/users\/2"}],"replies":[{"embeddable":true,"href":"https:\/\/www.acapulcopress.com\/index.php\/wp-json\/wp\/v2\/comments?post=1255440"}],"version-history":[{"count":0,"href":"https:\/\/www.acapulcopress.com\/index.php\/wp-json\/wp\/v2\/posts\/1255440\/revisions"}],"wp:featuredmedia":[{"embeddable":true,"href":"https:\/\/www.acapulcopress.com\/index.php\/wp-json\/"}],"wp:attachment":[{"href":"https:\/\/www.acapulcopress.com\/index.php\/wp-json\/wp\/v2\/media?parent=1255440"}],"wp:term":[{"taxonomy":"category","embeddable":true,"href":"https:\/\/www.acapulcopress.com\/index.php\/wp-json\/wp\/v2\/categories?post=1255440"},{"taxonomy":"post_tag","embeddable":true,"href":"https:\/\/www.acapulcopress.com\/index.php\/wp-json\/wp\/v2\/tags?post=1255440"}],"curies":[{"name":"wp","href":"https:\/\/api.w.org\/{rel}","templated":true}]}}