{"id":1255443,"date":"2023-07-17T19:45:23","date_gmt":"2023-07-18T01:45:23","guid":{"rendered":"https:\/\/www.acapulcopress.com\/?p=1255443"},"modified":"2023-07-17T19:45:23","modified_gmt":"2023-07-18T01:45:23","slug":"congreso-realiza-con-universitarios-primera-mesa-de-consulta-a-discapacitados","status":"publish","type":"post","link":"https:\/\/www.acapulcopress.com\/index.php\/2023\/07\/17\/congreso-realiza-con-universitarios-primera-mesa-de-consulta-a-discapacitados\/","title":{"rendered":"Congreso realiza con universitarios primera mesa de consulta a discapacitados"},"content":{"rendered":"<p style=\"text-align: justify;\">CHILPANCINGO * Julio 17, 2023.<br \/>\n<em>) Congreso de Guerrero<\/em><br \/>\n<img loading=\"lazy\" decoding=\"async\" class=\"alignleft size-medium wp-image-1255449\" src=\"https:\/\/www.acapulcopress.com\/wp-content\/uploads\/2023\/07\/CongresoDiscapacidad6-375x281.jpg\" alt=\"\" width=\"375\" height=\"281\" \/>A trav\u00e9s de la Comisi\u00f3n de Atenci\u00f3n a Personas con Discapacidad, el Congreso del Estado desarroll\u00f3 la primera Mesa a Petici\u00f3n de Parte de la Consulta Previa, P\u00fablica, Abierta y Regular a Personas con Discapacidad del Estado de Guerrero en Materia de Educaci\u00f3n Inclusiva, en respuesta a la solicitad de las \u00e1reas de Grupos Vulnerables y de Discapacidad de la Universidad Aut\u00f3noma de Guerrero (UAGro).<\/p>\n<p style=\"text-align: justify;\">Mediante cuatro mesas de trabajo presenciales y dos virtuales, el equipo t\u00e9cnico de la LXIII Legislatura entabl\u00f3 un di\u00e1logo directo con m\u00e1s de 90 universitarios de las diferentes regiones del estado, entre alumnos, profesores y personal administrativo con alguna discapacidad.<\/p>\n<p style=\"text-align: justify;\">En el evento, la diputada Gloria Citlali Calixto Jim\u00e9nez, presidenta del citado \u00f3rgano <img loading=\"lazy\" decoding=\"async\" class=\"alignleft size-medium wp-image-1255445\" src=\"https:\/\/www.acapulcopress.com\/wp-content\/uploads\/2023\/07\/CongresoDiscapacidad2-375x281.jpg\" alt=\"\" width=\"375\" height=\"281\" \/>legislativo, inform\u00f3 que esta consulta a personas con discapacidad consta de cinco modalidades de participaci\u00f3n, como son las mesas de trabajo presenciales, las mesas de trabajo virtuales, los buzones f\u00edsicos, el buz\u00f3n digital y las mesas a petici\u00f3n de parte; esta \u00faltima surgida de numerosas conversaciones con instituciones, organizaciones y especialistas durante la etapa de dise\u00f1o del proceso.<\/p>\n<p style=\"text-align: justify;\">A trav\u00e9s de esta modalidad, las instituciones p\u00fablicas y privadas, las universidades y las organizaciones sociales pueden solicitar a la Comisi\u00f3n de Atenci\u00f3n a las Personas con Discapacidad una mesa a petici\u00f3n de parte, en la que el equipo t\u00e9cnico de la consulta recabar\u00e1 sus propuestas, reflexiones u observaciones factibles de enriquecer la Ley 464 de Educaci\u00f3n del Estado Libre y Soberano de Guerrero, y garantizar con ello el aprendizaje de <img loading=\"lazy\" decoding=\"async\" class=\"alignleft size-medium wp-image-1255446\" src=\"https:\/\/www.acapulcopress.com\/wp-content\/uploads\/2023\/07\/CongresoDiscapacidad3-375x281.jpg\" alt=\"\" width=\"375\" height=\"281\" \/>las personas con discapacidad.<\/p>\n<p style=\"text-align: justify;\">La diputada Calixto Jim\u00e9nez se congratul\u00f3 por la participaci\u00f3n de la m\u00e1xima casa de estudios de Guerrero en el proceso de consulta, el cual terminar\u00e1 beneficiando a miles de personas en todo el estado.<\/p>\n<p style=\"text-align: justify;\">\u201cHoy estamos ante un ejercicio in\u00e9dito en el que las voces de las personas con discapacidad, del personal docente y especializado en educaci\u00f3n inclusiva, ser\u00e1n tomadas en cuenta de forma estrecha\u201d, expres\u00f3.<\/p>\n<p style=\"text-align: justify;\">Por su parte, la coordinadora de Grupos Vulnerables de la UAGro, Alma Luz P\u00e9rez L\u00f3pez, manifest\u00f3 que las personas con discapacidad han sido discriminadas a lo largo de la historia; por ello reconoci\u00f3 que la consulta es una oportunidad para todos los que diariamente enfrentan diversas barreras, permitiendo exponer sus necesidades y requerimientos para ejercer plenamente el derecho a una educaci\u00f3n inclusiva y de calidad.<\/p>\n<p style=\"text-align: justify;\">A su vez, Margarito Radilla Romero, director general de Planeaci\u00f3n de la Uagro, coment\u00f3 que el acercamiento con la sociedad y sus diferentes sectores es una responsabilidad que caracteriza a los universitarios, ante lo cual confi\u00f3 que de esta mesa salgan propuestas significativas para el dise\u00f1o de pol\u00edticas p\u00fablicas.<\/p>\n<p style=\"text-align: justify;\">En el evento estuvieron presentes Juan Salvador Susunaga Flores, coordinador de la Unidad de Procesos de Consulta del Poder Legislativo, as\u00ed como Sergio Puentes, director de la Escuela de Artes, y Fernando Ag\u00fcero Mancilla, coordinador general de Vinculaci\u00f3n y Cooperaci\u00f3n de la Uagro, adem\u00e1s de Fidel Montemayor, miembro del Consejo Ciudadano Consultivo para la Consulta en Materia de Educaci\u00f3n Inclusiva.<\/p>\n<p style=\"text-align: justify;\"><em>] S\u00edguenos en Facebook.com\/<a href=\"https:\/\/www.facebook.com\/acapulcopress\" target=\"_blank\" rel=\"noopener\">acapulcopress<\/a><\/em><\/p>\n","protected":false},"excerpt":{"rendered":"<p>CHILPANCINGO * Julio 17, 2023. ) Congreso de Guerrero A trav\u00e9s de la Comisi\u00f3n de Atenci\u00f3n a Personas con Discapacidad, el Congreso del Estado desarroll\u00f3 la primera Mesa a Petici\u00f3n de Parte de la Consulta Previa, P\u00fablica, Abierta y Regular a Personas con Discapacidad del Estado de Guerrero en Materia de Educaci\u00f3n Inclusiva, en respuesta&#8230;<\/p>\n","protected":false},"author":2,"featured_media":1255444,"comment_status":"closed","ping_status":"closed","sticky":false,"template":"","format":"standard","meta":{"footnotes":""},"categories":[61,18561],"tags":[3708,9557,17463],"class_list":["post-1255443","post","type-post","status-publish","format-standard","has-post-thumbnail","hentry","category-legislacion","category-society-politics","tag-alma-luz-perez-lopez","tag-guerrero-lxiii-legislatura","tag-uagro"],"_links":{"self":[{"href":"https:\/\/www.acapulcopress.com\/index.php\/wp-json\/wp\/v2\/posts\/1255443","targetHints":{"allow":["GET"]}}],"collection":[{"href":"https:\/\/www.acapulcopress.com\/index.php\/wp-json\/wp\/v2\/posts"}],"about":[{"href":"https:\/\/www.acapulcopress.com\/index.php\/wp-json\/wp\/v2\/types\/post"}],"author":[{"embeddable":true,"href":"https:\/\/www.acapulcopress.com\/index.php\/wp-json\/wp\/v2\/users\/2"}],"replies":[{"embeddable":true,"href":"https:\/\/www.acapulcopress.com\/index.php\/wp-json\/wp\/v2\/comments?post=1255443"}],"version-history":[{"count":0,"href":"https:\/\/www.acapulcopress.com\/index.php\/wp-json\/wp\/v2\/posts\/1255443\/revisions"}],"wp:featuredmedia":[{"embeddable":true,"href":"https:\/\/www.acapulcopress.com\/index.php\/wp-json\/"}],"wp:attachment":[{"href":"https:\/\/www.acapulcopress.com\/index.php\/wp-json\/wp\/v2\/media?parent=1255443"}],"wp:term":[{"taxonomy":"category","embeddable":true,"href":"https:\/\/www.acapulcopress.com\/index.php\/wp-json\/wp\/v2\/categories?post=1255443"},{"taxonomy":"post_tag","embeddable":true,"href":"https:\/\/www.acapulcopress.com\/index.php\/wp-json\/wp\/v2\/tags?post=1255443"}],"curies":[{"name":"wp","href":"https:\/\/api.w.org\/{rel}","templated":true}]}}