{"id":1255452,"date":"2023-07-17T20:33:48","date_gmt":"2023-07-18T02:33:48","guid":{"rendered":"https:\/\/www.acapulcopress.com\/?p=1255452"},"modified":"2023-07-17T20:33:48","modified_gmt":"2023-07-18T02:33:48","slug":"no-subira-precio-de-tortilla-el-resto-del-ano","status":"publish","type":"post","link":"https:\/\/www.acapulcopress.com\/index.php\/2023\/07\/17\/no-subira-precio-de-tortilla-el-resto-del-ano\/","title":{"rendered":"&#8216;No subir\u00e1 precio de tortilla el resto del a\u00f1o&#8217;"},"content":{"rendered":"<p style=\"text-align: justify;\">* Agradecen industriales de la masa y la tortilla a la Gobernadora Evelyn Salgado su apoyo<\/p>\n<p style=\"text-align: justify;\">ACAPULCO * Julio 17, 2023.<br \/>\n<em>) <a href=\"https:\/\/www.facebook.com\/Arzetanoticias86\" target=\"_blank\" rel=\"noopener\">Arzeta Noticias<\/a><\/em><br \/>\n<a href=\"https:\/\/www.acapulcopress.com\/society-politics\/congreso-realiza-con-universitarios-primera-mesa-de-consulta-a-discapacitados\/\" target=\"_blank\" rel=\"noopener\">Arcadio Castro Santos<\/a> presidente del Sector Empresarial de la Industria de la Masa y la Tortilla, anunci\u00f3 que gracias al apoyo del gobierno de Guerrero que encabeza <a href=\"https:\/\/www.facebook.com\/EvelynSalgadoP\" target=\"_blank\" rel=\"noopener\">Evelyn Salgado Pineda,<\/a> el ma\u00edz se podr\u00e1 comprar sin intermediarios y a bajo costo, por lo que el precio de la masa y la tortilla se mantendr\u00e1 sin aumentos por lo que resta del a\u00f1o, \u00fanicamente en Guerrero.<\/p>\n<p style=\"text-align: justify;\">Castro Santos dijo que esto fue por un programa de comercializaci\u00f3n de ma\u00edz para los industriales de la masa y la tortilla guerrerenses, por lo que agradeci\u00f3 a la gobernadora Evelyn Salgado y a los diputados que gestionaron el recurso para que la Secretar\u00eda de Agricultura, Ganader\u00eda, Pesca y Desarrollo Rural de Guerrero (Sagadegro), comprara tres mil toneladas de ma\u00edz a precio base, lo que hace que se eliminen los intermediarios y se logren reducir los costos de compra.<\/p>\n<p style=\"text-align: justify;\">\u00abNo es subsidio, no es regalado, es un financiamiento para as\u00ed mantener el precio de la tortilla en este a\u00f1o\u00bb, dijo Arcadio Castro, quien destac\u00f3 que esto beneficia a tres mil 500 industriales de la masa y la tortilla, y seis mil 500 tortiller\u00edas en la entidad, adem\u00e1s de varios productores de ma\u00edz.<\/p>\n<p style=\"text-align: justify;\">El industrial de la masa y la tortilla aprovech\u00f3 para agradecer el respaldo de la gobernadora Evelyn Salgado Pineda, porque Guerrero fue el \u00fanico estado de la rep\u00fablica mexicana que logr\u00f3 obtener este apoyo, que beneficia la econom\u00eda de las familias.<\/p>\n<p style=\"text-align: justify;\">Finalmente, indic\u00f3 que solicitar\u00e1 a la gobernadora que este programa se mantenga durante su administraci\u00f3n, para que el precio siga estable y sin aumentos.<\/p>\n<p style=\"text-align: justify;\"><em>] S\u00edguenos en Facebook.com\/<a href=\"https:\/\/www.facebook.com\/acapulcopress\" target=\"_blank\" rel=\"noopener\">acapulcopress<\/a><\/em><\/p>\n","protected":false},"excerpt":{"rendered":"<p>* Agradecen industriales de la masa y la tortilla a la Gobernadora Evelyn Salgado su apoyo ACAPULCO * Julio 17, 2023. ) Arzeta Noticias Arcadio Castro Santos presidente del Sector Empresarial de la Industria de la Masa y la Tortilla, anunci\u00f3 que gracias al apoyo del gobierno de Guerrero que encabeza Evelyn Salgado Pineda, el&#8230;<\/p>\n","protected":false},"author":2,"featured_media":1255453,"comment_status":"closed","ping_status":"closed","sticky":false,"template":"","format":"standard","meta":{"footnotes":""},"categories":[1997],"tags":[4087,8251],"class_list":["post-1255452","post","type-post","status-publish","format-standard","has-post-thumbnail","hentry","category-noticias-destacadas","tag-arcadio-castro-santos","tag-evelyn-salgado-pineda"],"_links":{"self":[{"href":"https:\/\/www.acapulcopress.com\/index.php\/wp-json\/wp\/v2\/posts\/1255452","targetHints":{"allow":["GET"]}}],"collection":[{"href":"https:\/\/www.acapulcopress.com\/index.php\/wp-json\/wp\/v2\/posts"}],"about":[{"href":"https:\/\/www.acapulcopress.com\/index.php\/wp-json\/wp\/v2\/types\/post"}],"author":[{"embeddable":true,"href":"https:\/\/www.acapulcopress.com\/index.php\/wp-json\/wp\/v2\/users\/2"}],"replies":[{"embeddable":true,"href":"https:\/\/www.acapulcopress.com\/index.php\/wp-json\/wp\/v2\/comments?post=1255452"}],"version-history":[{"count":0,"href":"https:\/\/www.acapulcopress.com\/index.php\/wp-json\/wp\/v2\/posts\/1255452\/revisions"}],"wp:featuredmedia":[{"embeddable":true,"href":"https:\/\/www.acapulcopress.com\/index.php\/wp-json\/"}],"wp:attachment":[{"href":"https:\/\/www.acapulcopress.com\/index.php\/wp-json\/wp\/v2\/media?parent=1255452"}],"wp:term":[{"taxonomy":"category","embeddable":true,"href":"https:\/\/www.acapulcopress.com\/index.php\/wp-json\/wp\/v2\/categories?post=1255452"},{"taxonomy":"post_tag","embeddable":true,"href":"https:\/\/www.acapulcopress.com\/index.php\/wp-json\/wp\/v2\/tags?post=1255452"}],"curies":[{"name":"wp","href":"https:\/\/api.w.org\/{rel}","templated":true}]}}