{"id":1255466,"date":"2023-07-18T21:18:46","date_gmt":"2023-07-19T03:18:46","guid":{"rendered":"https:\/\/www.acapulcopress.com\/?p=1255466"},"modified":"2023-07-18T21:18:46","modified_gmt":"2023-07-19T03:18:46","slug":"gobernadora-dio-banderazo-al-operativo-de-seguridad-verano-2023","status":"publish","type":"post","link":"https:\/\/www.acapulcopress.com\/index.php\/2023\/07\/18\/gobernadora-dio-banderazo-al-operativo-de-seguridad-verano-2023\/","title":{"rendered":"Gobernadora dio banderazo al Operativo de Seguridad Verano 2023"},"content":{"rendered":"<p style=\"text-align: justify;\"><em>* Participan m\u00e1s de 2 mil elementos de los tres niveles de gobierno<\/em><br \/>\n<strong><em>* Confirmado el Air Show 2023 en noviembre y la mejorada Gala de Pirotecnia de A\u00f1o Nuevo<\/em><\/strong><\/p>\n<p>CHILPANCINGO * Julio 18, 2023.<br \/>\n<em>) Gobierno de Guerrero<\/em><br \/>\n\u201cEstamos listos pare recibir a todas las familias que quieran pasar unas inolvidables <img loading=\"lazy\" decoding=\"async\" class=\"alignleft size-medium wp-image-1255476\" src=\"https:\/\/www.acapulcopress.com\/wp-content\/uploads\/2023\/07\/OPERATIVO-VERANO-239-375x250.jpg\" alt=\"\" width=\"375\" height=\"250\" \/>vacaciones en Guerrero. El Hogar del Sol brilla con fuerza, con entusiasmo y con mucho amor, porque juntos, estamos Transformando Guerrero\u201d, se\u00f1al\u00f3 la gobernadora<a href=\"https:\/\/www.facebook.com\/EvelynSalgadoP\" target=\"_blank\" rel=\"noopener\"> Evelyn Salgado Pineda<\/a>, al dar el banderazo al Operativo de la Temporada Vacacional de Verano 2023, en donde participan 2 mil 236 elementos de los tres niveles de gobierno.<\/p>\n<p style=\"text-align: justify;\">En el evento, la mandataria estatal destac\u00f3 el trabajo que se ha hecho en el primer semestre de este a\u00f1o a favor del sector tur\u00edstico, que se traduce en 4 premios nacionales y 5 premios internacionales en materia tur\u00edstica, as\u00ed como la creaci\u00f3n de un Barrio M\u00e1gico en Tixtla y los dos nuevos Pueblos M\u00e1gicos, Ixcateopan y Zihuatanejo; aunado a esto, la creaci\u00f3n de nuevos vuelos directos a Guerrero, desde Le\u00f3n, Dallas, Quer\u00e9taro, Monterrey, <img loading=\"lazy\" decoding=\"async\" class=\"alignleft size-medium wp-image-1255473\" src=\"https:\/\/www.acapulcopress.com\/wp-content\/uploads\/2023\/07\/OPERATIVO-VERANO-236-375x250.jpg\" alt=\"\" width=\"375\" height=\"250\" \/>Chicago, AIFA y San Diego.<\/p>\n<p style=\"text-align: justify;\">Salgado Pineda, tambi\u00e9n confirm\u00f3 la realizaci\u00f3n del Air Show en noviembre, as\u00ed como la Gala de Pirotecnia de A\u00f1o Nuevo, la cual tendr\u00e1 sorpresas que seguir\u00e1n impulsando al Hogar del Sol.<\/p>\n<p style=\"text-align: justify;\">En la Plaza de la Heroica Escuela Naval Militar, mejor conocida como Parque de la Reina, de Acapulco, la mandataria estatal hizo un llamado a las familias mexicanas a visitar Acapulco, Taxco, Ixtapa-Zihuatanejo, y el nuevo barrio m\u00e1gico de Tixtla, se\u00f1alando que \u201cTodas las regiones de Guerrero, sin excepci\u00f3n, son hermosas y todas tienen mucho que ofrecer a nuestros visitantes\u201d.<\/p>\n<p style=\"text-align: justify;\">En el Operativo de la Temporada Vacacional de Verano 2023, participan elementos de la <img loading=\"lazy\" decoding=\"async\" class=\"alignleft size-medium wp-image-1255467\" src=\"https:\/\/www.acapulcopress.com\/wp-content\/uploads\/2023\/07\/OPERATIVO-VERANO-23-375x250.jpg\" alt=\"\" width=\"375\" height=\"250\" \/>Secretar\u00eda de la Defensa Nacional (Sedena), Secretar\u00eda de Marina (Semar), Fiscal\u00eda General del Estado (FGE), Cruz Roja Mexicana, Guardia Nacional, Procuradur\u00eda Federal del Consumidor (Profeco), Polic\u00eda Estatal, Promotora y Administradora de Playas, Protecci\u00f3n Civil Estatal, Tr\u00e1nsito Estatal, Procuradur\u00eda Federal de Protecci\u00f3n al Ambiente (Profepa), Polic\u00eda Municipal, entre otros.<\/p>\n<p style=\"text-align: justify;\">Por su parte, el titular de la Secretar\u00eda de Seguridad P\u00fablica Estatal, Evelio M\u00e9ndez G\u00f3mez, se\u00f1al\u00f3 que estar\u00e1n participando 700 elementos con 126 patrullas, 38 moto patrullas, 3 cuatrimotos, 1 veh\u00edculo blindado, 1 helic\u00f3ptero y 15 puntos de atenci\u00f3n ciudadana, y adem\u00e1s, se contar\u00e1 con la participaci\u00f3n de la Unidad Policial de G\u00e9nero, Unidad de Binomios Caninos, y se llevar\u00e1n a cabo acciones de atenci\u00f3n ciudadana, incluyendo el <img loading=\"lazy\" decoding=\"async\" class=\"alignleft size-medium wp-image-1255469\" src=\"https:\/\/www.acapulcopress.com\/wp-content\/uploads\/2023\/07\/OPERATIVO-VERANO-232-375x250.jpg\" alt=\"\" width=\"375\" height=\"250\" \/>Protocolo Violeta.<\/p>\n<p style=\"text-align: justify;\">El comandante de la Novena Regi\u00f3n Militar, Ricardo Flores Gonz\u00e1lez, mencion\u00f3 que participar\u00e1n 2 mil 500 elementos con 160 veh\u00edculos y 6 lanchas ligeras, que trabajar\u00e1n en perfecta coordinaci\u00f3n con los 377 elementos de protecci\u00f3n civil, 9 ambulancias, 7 pipas, 1 cami\u00f3n cisterna, 1 cami\u00f3n de bomberos, 7 motos y una lancha de rescate; adem\u00e1s de personal de la secretar\u00eda de turismo, de salud, y distintas dependencias que estar\u00e1n participando.<\/p>\n<p style=\"text-align: justify;\">En tanto, la alcaldesa de Acapulco, Abelina L\u00f3pez Rodr\u00edguez, sostuvo que con la perfecta coordinaci\u00f3n entre los tres niveles de gobierno, se garantiza la protecci\u00f3n de turistas que visiten el puerto.<\/p>\n<p style=\"text-align: justify;\"><img loading=\"lazy\" decoding=\"async\" class=\"alignleft size-medium wp-image-1255477\" src=\"https:\/\/www.acapulcopress.com\/wp-content\/uploads\/2023\/07\/OPERATIVO-VERANO-2023-375x250.jpg\" alt=\"\" width=\"375\" height=\"250\" \/>Asimismo, la gobernadora Evelyn Salgado entreg\u00f3 dos veh\u00edculos de reacci\u00f3n r\u00e1pida contra incendios, equipados con la mejor tecnolog\u00eda, los cuales estar\u00e1n a disposici\u00f3n de la Secretar\u00eda de Gesti\u00f3n Integral de Riesgos y Protecci\u00f3n Civil Guerrero.<\/p>\n<p style=\"text-align: justify;\">\u201cEl compromiso es tener las mejores herramientas para atender con eficacia, rapidez y profesionalismo a las familias guerrerenses que lo necesiten, m\u00e1s en momentos complicados como en un incendio, y con estas unidades lo estamos cumpliendo\u201d, destac\u00f3 la gobernadora al entregar material y herramientas de trabajo a la promotora de playas de Acapulco, pues con esto se logran mantener las playas limpias y se garantiza a las familias de Acapulco y de los visitantes, unas vacaciones inolvidables.<\/p>\n\n<p style=\"text-align: justify;\"><em>] S\u00edguenos en Facebook.com\/<a href=\"https:\/\/www.facebook.com\/acapulcopress\" target=\"_blank\" rel=\"noopener\">acapulcopress<\/a><\/em><\/p>\n","protected":false},"excerpt":{"rendered":"<p>* Participan m\u00e1s de 2 mil elementos de los tres niveles de gobierno * Confirmado el Air Show 2023 en noviembre y la mejorada Gala de Pirotecnia de A\u00f1o Nuevo CHILPANCINGO * Julio 18, 2023. ) Gobierno de Guerrero \u201cEstamos listos pare recibir a todas las familias que quieran pasar unas inolvidables vacaciones en Guerrero&#8230;.<\/p>\n","protected":false},"author":2,"featured_media":1255470,"comment_status":"closed","ping_status":"closed","sticky":false,"template":"","format":"standard","meta":{"footnotes":""},"categories":[1972,1983,18561],"tags":[8251,9302,9568,13998],"class_list":["post-1255466","post","type-post","status-publish","format-standard","has-post-thumbnail","hentry","category-special","category-guerrerogob","category-society-politics","tag-evelyn-salgado-pineda","tag-gobierno-de-guerrero","tag-guerrero-hogar-del-sol","tag-operativo-vacacional-verano-2023"],"_links":{"self":[{"href":"https:\/\/www.acapulcopress.com\/index.php\/wp-json\/wp\/v2\/posts\/1255466","targetHints":{"allow":["GET"]}}],"collection":[{"href":"https:\/\/www.acapulcopress.com\/index.php\/wp-json\/wp\/v2\/posts"}],"about":[{"href":"https:\/\/www.acapulcopress.com\/index.php\/wp-json\/wp\/v2\/types\/post"}],"author":[{"embeddable":true,"href":"https:\/\/www.acapulcopress.com\/index.php\/wp-json\/wp\/v2\/users\/2"}],"replies":[{"embeddable":true,"href":"https:\/\/www.acapulcopress.com\/index.php\/wp-json\/wp\/v2\/comments?post=1255466"}],"version-history":[{"count":0,"href":"https:\/\/www.acapulcopress.com\/index.php\/wp-json\/wp\/v2\/posts\/1255466\/revisions"}],"wp:featuredmedia":[{"embeddable":true,"href":"https:\/\/www.acapulcopress.com\/index.php\/wp-json\/"}],"wp:attachment":[{"href":"https:\/\/www.acapulcopress.com\/index.php\/wp-json\/wp\/v2\/media?parent=1255466"}],"wp:term":[{"taxonomy":"category","embeddable":true,"href":"https:\/\/www.acapulcopress.com\/index.php\/wp-json\/wp\/v2\/categories?post=1255466"},{"taxonomy":"post_tag","embeddable":true,"href":"https:\/\/www.acapulcopress.com\/index.php\/wp-json\/wp\/v2\/tags?post=1255466"}],"curies":[{"name":"wp","href":"https:\/\/api.w.org\/{rel}","templated":true}]}}