{"id":1255487,"date":"2023-07-18T21:48:35","date_gmt":"2023-07-19T03:48:35","guid":{"rendered":"https:\/\/www.acapulcopress.com\/?p=1255487"},"modified":"2023-07-18T21:48:35","modified_gmt":"2023-07-19T03:48:35","slug":"encabezo-evelyn-salgado-reforestacion-en-llanos-de-tepoxtepec","status":"publish","type":"post","link":"https:\/\/www.acapulcopress.com\/index.php\/2023\/07\/18\/encabezo-evelyn-salgado-reforestacion-en-llanos-de-tepoxtepec\/","title":{"rendered":"Encabez\u00f3 Evelyn Salgado reforestaci\u00f3n en Llanos de Tepoxtepec"},"content":{"rendered":"<p style=\"text-align: justify;\">CHILPANCINGO * Julio 18, 2023.<br \/>\n<em>) Gobierno de Guerrero<\/em><br \/>\nComo un gobierno ecologista que fomenta el cuidado del medio ambiente para <img loading=\"lazy\" decoding=\"async\" class=\"alignleft size-medium wp-image-1255489\" src=\"https:\/\/www.acapulcopress.com\/wp-content\/uploads\/2023\/07\/ESP.Reforestacion2-375x562.jpg\" alt=\"\" width=\"375\" height=\"562\" \/>contrarrestar el cambio clim\u00e1tico, la gobernadora<a href=\"https:\/\/www.facebook.com\/EvelynSalgadoP\" target=\"_blank\" rel=\"noopener\"> Evelyn Salgado Pineda<\/a> encabez\u00f3 una actividad de reforestaci\u00f3n en el Ejido de Llanos de Tepoxtepec, donde se inform\u00f3 que este a\u00f1o se tiene una meta para sembrar 300 mil plantas de diversas especies de clima tropical y templado fr\u00edo, cubriendo una superficie de 350 hect\u00e1reas en zonas afectadas por incendios forestales.<\/p>\n<p style=\"text-align: justify;\">\u00abLlanos de Tepoxtepec tiene que avanzar y mejorar. Estamos en la mejor disposici\u00f3n de reforestar, aqu\u00ed tenemos un gobierno cien por ciento ecologista y ambientalista, lo que cueste tenemos que seguir sembrando vida, sembrando esperanza. Vamos a seguir construyendo ese Guerrero verde que todos nos merecemos\u00bb, expres\u00f3 la gobernadora.<\/p>\n<p style=\"text-align: justify;\">La mandataria estatal puntualiz\u00f3 que ser\u00e1n redoblados los esfuerzos para seguir multiplicando la reproducci\u00f3n de plant\u00edos de diversas especies, para el pr\u00f3ximo a\u00f1o, continuar con este programa de reforestaci\u00f3n, ya que en lo que va del a\u00f1o, la Secretar\u00eda del Medio Ambiente y Recursos Naturales ha entregado plantas a 30 ayuntamientos para que realicen estas actividades de reforestaci\u00f3n.<\/p>\n<p style=\"text-align: justify;\"><img loading=\"lazy\" decoding=\"async\" class=\"alignleft size-medium wp-image-1255493\" src=\"https:\/\/www.acapulcopress.com\/wp-content\/uploads\/2023\/07\/ESP.Reforestacion6-375x250.jpg\" alt=\"\" width=\"375\" height=\"250\" \/>Acompa\u00f1ada por pobladores de Llanos de Tepoxtepec, la gobernadora entreg\u00f3 de manera simb\u00f3lica un vale de 750 plantas al Comisario Municipal Pedro C\u00e1stulo Garc\u00eda y otro vale por mil 500 ejemplares de plantas a la alcaldesa de Eduardo Neri, Sara Salinas Bravo.<\/p>\n<p style=\"text-align: justify;\">La mandataria estatal, se comprometido en impulsar el potencial eco tur\u00edstico que reserva el Ejido de Llanos de Tepoxtepec en Chilpancingo, por lo que invit\u00f3 a visitar este espacio de convivencia y recreaci\u00f3n familiar en Guerrero.<\/p>\n<p style=\"text-align: justify;\">Con el compromiso de seguir impulsando el cuidado del medio ambiente y seguir realizando plantaciones masivas para contrarrestar el cambio clim\u00e1tico, la gobernadora realiz\u00f3 en Llanos de Tepoxtepec la reforestaci\u00f3n de pinos Ayacahuite, Devoniana, Tejocote y Maguey <img loading=\"lazy\" decoding=\"async\" class=\"alignleft size-medium wp-image-1255492\" src=\"https:\/\/www.acapulcopress.com\/wp-content\/uploads\/2023\/07\/ESP.Reforestacion5-375x250.jpg\" alt=\"\" width=\"375\" height=\"250\" \/>en una zona deforestada por incendios, adem\u00e1s, anunci\u00f3 que el titular de SAGADEGRO, Alejandro Zepeda Castorena, donar\u00e1 para esta zona \u00e1rboles frutales como pera, aguacate y durazno.<\/p>\n<p style=\"text-align: justify;\">Por su parte el titular de Semaren, \u00c1ngel Almaz\u00e1n Ju\u00e1rez, puntualiz\u00f3 que este acto de reforestar es una acci\u00f3n que tenemos que hacer siempre en el estado, y con esta actividad la gobernadora nos pone el ejemplo de que debemos de reforestar.<\/p>\n<p style=\"text-align: justify;\">Agreg\u00f3 que se tiene una meta de 300 mil plantas a sembrar para este a\u00f1o, con el objetivo de recuperar las zonas forestales afectadas, lo que permitir\u00e1 combatir el calentamiento global con mayor vegetaci\u00f3n y mantener la biodiversidad de fauna silvestre enriqueciendo los ecosistemas, disminuyendo el cambio\u00a0clim\u00e1tico.<\/p>\n<p style=\"text-align: justify;\">] S\u00edguenos en Facebook.com\/<a href=\"https:\/\/www.facebook.com\/acapulcopress\" target=\"_blank\" rel=\"noopener\">acapulcopress<\/a><\/p>\n","protected":false},"excerpt":{"rendered":"<p>CHILPANCINGO * Julio 18, 2023. ) Gobierno de Guerrero Como un gobierno ecologista que fomenta el cuidado del medio ambiente para contrarrestar el cambio clim\u00e1tico, la gobernadora Evelyn Salgado Pineda encabez\u00f3 una actividad de reforestaci\u00f3n en el Ejido de Llanos de Tepoxtepec, donde se inform\u00f3 que este a\u00f1o se tiene una meta para sembrar 300&#8230;<\/p>\n","protected":false},"author":2,"featured_media":1255491,"comment_status":"closed","ping_status":"closed","sticky":false,"template":"","format":"standard","meta":{"footnotes":""},"categories":[1983,18561],"tags":[8251,12022],"class_list":["post-1255487","post","type-post","status-publish","format-standard","has-post-thumbnail","hentry","category-guerrerogob","category-society-politics","tag-evelyn-salgado-pineda","tag-llanos-de-tepoxtepec"],"_links":{"self":[{"href":"https:\/\/www.acapulcopress.com\/index.php\/wp-json\/wp\/v2\/posts\/1255487","targetHints":{"allow":["GET"]}}],"collection":[{"href":"https:\/\/www.acapulcopress.com\/index.php\/wp-json\/wp\/v2\/posts"}],"about":[{"href":"https:\/\/www.acapulcopress.com\/index.php\/wp-json\/wp\/v2\/types\/post"}],"author":[{"embeddable":true,"href":"https:\/\/www.acapulcopress.com\/index.php\/wp-json\/wp\/v2\/users\/2"}],"replies":[{"embeddable":true,"href":"https:\/\/www.acapulcopress.com\/index.php\/wp-json\/wp\/v2\/comments?post=1255487"}],"version-history":[{"count":0,"href":"https:\/\/www.acapulcopress.com\/index.php\/wp-json\/wp\/v2\/posts\/1255487\/revisions"}],"wp:featuredmedia":[{"embeddable":true,"href":"https:\/\/www.acapulcopress.com\/index.php\/wp-json\/"}],"wp:attachment":[{"href":"https:\/\/www.acapulcopress.com\/index.php\/wp-json\/wp\/v2\/media?parent=1255487"}],"wp:term":[{"taxonomy":"category","embeddable":true,"href":"https:\/\/www.acapulcopress.com\/index.php\/wp-json\/wp\/v2\/categories?post=1255487"},{"taxonomy":"post_tag","embeddable":true,"href":"https:\/\/www.acapulcopress.com\/index.php\/wp-json\/wp\/v2\/tags?post=1255487"}],"curies":[{"name":"wp","href":"https:\/\/api.w.org\/{rel}","templated":true}]}}