{"id":1255500,"date":"2023-07-18T22:19:13","date_gmt":"2023-07-19T04:19:13","guid":{"rendered":"https:\/\/www.acapulcopress.com\/?p=1255500"},"modified":"2023-07-18T22:19:13","modified_gmt":"2023-07-19T04:19:13","slug":"exige-pan-detener-adoctrinamiento-4t-en-escuelas","status":"publish","type":"post","link":"https:\/\/www.acapulcopress.com\/index.php\/2023\/07\/18\/exige-pan-detener-adoctrinamiento-4t-en-escuelas\/","title":{"rendered":"Exige PAN detener adoctrinamiento 4T en escuelas"},"content":{"rendered":"<p style=\"text-align: justify;\">CIUDAD DE M\u00c9XICO * Julio 18, 2023.<br \/>\n<em>) <a href=\"https:\/\/www.pan.org.mx\/prensa\/la-nueva-familia-de-libros-de-texto-gratuitos-viola-la-ley-exige-pan-cesar-plan-de-adoctrinamiento-de-la-4t-contra-la-ninez-mexicana\" target=\"_blank\" rel=\"noopener\">Especial<\/a><\/em><br \/>\nA poco m\u00e1s de un mes de que comience el nuevo ciclo escolar 2023-2024, la <a href=\"https:\/\/www.facebook.com\/SEPmx\" target=\"_blank\" rel=\"noopener\">Secretar\u00eda de Educaci\u00f3n P\u00fablica<\/a> (SEP) mantiene el hermetismo en torno al contenido de los nuevos libros de texto gratuitos, acus\u00f3 el Secretario de Estudios y An\u00e1lisis Estrat\u00e9gicos del CEN del PAN, <img loading=\"lazy\" decoding=\"async\" class=\"alignleft size-medium wp-image-1255501\" src=\"https:\/\/www.acapulcopress.com\/wp-content\/uploads\/2023\/07\/FERNANDO-RODRIGUEZ-DOVAL-375x250.jpeg\" alt=\"\" width=\"375\" height=\"250\" \/>Fernando Rodr\u00edguez Doval, al exigir a las autoridades educativas y a <a href=\"https:\/\/www.facebook.com\/lopezobrador.org.mx\" target=\"_blank\" rel=\"noopener\">L\u00f3pez Obrador<\/a> dejar de jugar con el futuro de millones de ni\u00f1os y de M\u00e9xico.<\/p>\n<p style=\"text-align: justify;\">Al advertir que adem\u00e1s de preocupante, lo que ocurre actualmente con los libros de texto es ilegal, pues en su elaboraci\u00f3n deben participar expertos, gobiernos locales y padres de familia que han quedado completamente excluidos.<\/p>\n<p style=\"text-align: justify;\">\u201cEl sello de la actual administraci\u00f3n, adem\u00e1s de la opacidad, son los proyectos hechos al vapor, sin ning\u00fan tipo de rigor profesional, dise\u00f1ados e improvisados \u00fanicamente para cumplir con el capricho del que hoy se siente el due\u00f1o de M\u00e9xico, todo un dictador\u201d, advirti\u00f3 el tambi\u00e9n integrante de la Comisi\u00f3n de Plataforma del PAN,<\/p>\n<p style=\"text-align: justify;\">Rodr\u00edguez Doval insisti\u00f3 en que lo que est\u00e1 en juego es el futuro de M\u00e9xico, y que no es ning\u00fan secreto que a L\u00f3pez Obrador le preocupa iniciar con el adoctrinamiento en las escuelas, para beneficiar a su r\u00e9gimen: \u201cPor ello, nos sumamos a las denuncias y llamados que padres de familia, asociaciones, profesores y expertos han hecho para exigir a las autoridades educativas cumplir con la ley en lo que se refiere a los libros de texto gratuitos y programas de estudio\u201d.<\/p>\n<p style=\"text-align: justify;\">El tambi\u00e9n exsecretario general del PAN enfatiz\u00f3 que L\u00f3pez Obrador, en su af\u00e1n de controlarlo todo y evitar que las nuevas generaciones tengan bases s\u00f3lidas que les ayuden a desarrollar su creatividad, pensamiento cr\u00edtico y conocimientos suficientes para aspirar a un futuro mejor, condena a los ni\u00f1os de hoy a un futuro de mediocridad y pobreza.<\/p>\n<p style=\"text-align: justify;\">\u201cEs una absoluta irresponsabilidad que se juegue con el futuro de lo m\u00e1s sagrado que tiene nuestro pa\u00eds: nuestros ni\u00f1os y ni\u00f1as. No queda ninguna duda de que L\u00f3pez Obrador destruye todo lo que toca y que no le importa violar la ley para cumplir con sus caprichos. Exigimos a L\u00f3pez Obrador que detenga su perverso plan de adoctrinamiento en las escuelas p\u00fablicas y que acate las resoluciones judiciales que ordenan enderezar el proceso\u201d, puntualiz\u00f3.<\/p>\n<p style=\"text-align: justify;\"><em>] S\u00edguenos en Facebook.com\/<a href=\"https:\/\/www.facebook.com\/acapulcopress\" target=\"_blank\" rel=\"noopener\">acapulcopress<\/a><\/em><\/p>\n<p style=\"text-align: justify;\">\n","protected":false},"excerpt":{"rendered":"<p>CIUDAD DE M\u00c9XICO * Julio 18, 2023. ) Especial A poco m\u00e1s de un mes de que comience el nuevo ciclo escolar 2023-2024, la Secretar\u00eda de Educaci\u00f3n P\u00fablica (SEP) mantiene el hermetismo en torno al contenido de los nuevos libros de texto gratuitos, acus\u00f3 el Secretario de Estudios y An\u00e1lisis Estrat\u00e9gicos del CEN del PAN,&#8230;<\/p>\n","protected":false},"author":2,"featured_media":1255502,"comment_status":"closed","ping_status":"closed","sticky":false,"template":"","format":"standard","meta":{"footnotes":""},"categories":[1997],"tags":[3891,5768,8538,11937,14184,16170,16485],"class_list":["post-1255500","post","type-post","status-publish","format-standard","has-post-thumbnail","hentry","category-noticias-destacadas","tag-andres-manel-lopez-obrador","tag-ciclo-escolar-2023-2024","tag-fernando-rodriguez-doval","tag-libros-de-texto-gratuitos-4t","tag-pan","tag-secretaria-de-educacion-publica","tag-sep"],"_links":{"self":[{"href":"https:\/\/www.acapulcopress.com\/index.php\/wp-json\/wp\/v2\/posts\/1255500","targetHints":{"allow":["GET"]}}],"collection":[{"href":"https:\/\/www.acapulcopress.com\/index.php\/wp-json\/wp\/v2\/posts"}],"about":[{"href":"https:\/\/www.acapulcopress.com\/index.php\/wp-json\/wp\/v2\/types\/post"}],"author":[{"embeddable":true,"href":"https:\/\/www.acapulcopress.com\/index.php\/wp-json\/wp\/v2\/users\/2"}],"replies":[{"embeddable":true,"href":"https:\/\/www.acapulcopress.com\/index.php\/wp-json\/wp\/v2\/comments?post=1255500"}],"version-history":[{"count":0,"href":"https:\/\/www.acapulcopress.com\/index.php\/wp-json\/wp\/v2\/posts\/1255500\/revisions"}],"wp:featuredmedia":[{"embeddable":true,"href":"https:\/\/www.acapulcopress.com\/index.php\/wp-json\/"}],"wp:attachment":[{"href":"https:\/\/www.acapulcopress.com\/index.php\/wp-json\/wp\/v2\/media?parent=1255500"}],"wp:term":[{"taxonomy":"category","embeddable":true,"href":"https:\/\/www.acapulcopress.com\/index.php\/wp-json\/wp\/v2\/categories?post=1255500"},{"taxonomy":"post_tag","embeddable":true,"href":"https:\/\/www.acapulcopress.com\/index.php\/wp-json\/wp\/v2\/tags?post=1255500"}],"curies":[{"name":"wp","href":"https:\/\/api.w.org\/{rel}","templated":true}]}}