{"id":1255504,"date":"2023-07-19T12:07:28","date_gmt":"2023-07-19T18:07:28","guid":{"rendered":"https:\/\/www.acapulcopress.com\/?p=1255504"},"modified":"2023-07-19T12:07:28","modified_gmt":"2023-07-19T18:07:28","slug":"la-sucesion-del-poder","status":"publish","type":"post","link":"https:\/\/www.acapulcopress.com\/index.php\/2023\/07\/19\/la-sucesion-del-poder\/","title":{"rendered":"La sucesi\u00f3n del poder"},"content":{"rendered":"<p style=\"text-align: justify;\">La Carabina 24-30<br \/>\n\u00bb <strong>RICARDO<\/strong> | <strong>CASTILLO BARRIENTOS<\/strong><br \/>\n<em>) Facebook \/ <a href=\"https:\/\/www.facebook.com\/ricardocastill01\" target=\"_blank\" rel=\"noopener\">Ricardo Castillo Barrientos<\/a><\/em><\/p>\n<p style=\"text-align: justify;\">No son campa\u00f1as ni pre-campa\u00f1as pero como si lo fueran, que llevan a cabo los 13 aspirantes del Frente Amplio por M\u00e9xico y las 6 \u201ccorcholatas\u201d del partido oficial y sus aliados PT y PVEM, con el objetivo de conquistar el respaldo de la poblaci\u00f3n abierta y militante, en las encuestas y elecciones internas.<\/p>\n<p style=\"text-align: justify;\">Mucho ruido y pocas nueces son el resultado de las movilizaciones partidistas que no impactan al grueso de la ciudadan\u00eda que aparece indiferente frente a los eventos de proselitismo que realizan en las ciudades, con insultantes acarreos masivos a favor del candidato o partido que se trate.<\/p>\n<p style=\"text-align: justify;\">En el <em>Frente Amplio por M\u00e9xico,<\/em> los vientos y simpat\u00edas favorecen a la senadora y empresaria X\u00f3chitl G\u00e1lvez, que est\u00e1 dejando tirados en el camino a una docena de sus adversarios que ni cosquillas le hacen, para obtener la candidatura opositora.<\/p>\n<p style=\"text-align: justify;\">Santiago Creel, Enrique de la Madrid y Beatriz Paredes, son los aspirantes m\u00e1s competitivos del Frente Amplio, sin embargo, ni por asomo se aproximan a la fuerza avasalladora e incontenible de la aguerrida pol\u00edtica otom\u00ed, que a toda costa el presidente L\u00f3pez Obrador se ha empe\u00f1ado en descarrilar, imput\u00e1ndole graves se\u00f1alamientos y revelaciones que ponen en duda el origen de la fortuna de X\u00f3chitl G\u00e1lvez.<\/p>\n<p style=\"text-align: justify;\">En el campo de enfrente, las \u201ccorcholatas\u201d se siguen moviendo por el territorio nacional, compitiendo entre s\u00ed para movilizar y concentrar los mayores contingentes, en su gran mayor\u00eda acarreados en camiones y diversos tipos de transporte.<\/p>\n<p style=\"text-align: justify;\">Los discursos de los aspirantes oficialistas hacen referencia a generalidades, ensalzando los resultados m\u00e1s destacados del gobierno del presidente L\u00f3pez Obrador, haciendo a un lado sus propias propuestas, con excepci\u00f3n de Marcelo Ebrard que esboz\u00f3 un tentativo Programa de Seguridad, en caso de ganar la candidatura y la presidencia de la Rep\u00fablica.<br \/>\nClaudia Sheinbaum ha centrado sus alocuciones en la necesidad de profundizar el Proyecto de Naci\u00f3n de la Cuarta Transformaci\u00f3n, a fin de erradicar las desigualdades sociales, a trav\u00e9s de la atenci\u00f3n prioritaria de la amplia capa social inmersa en el circulo de la pobreza. Adem\u00e1s hizo la presentaci\u00f3n del libro \u201cClaudia Sheinbaum, Presidenta\u201d, del periodista Arturo Cano, donde se narra toda su trayectoria estudiantil, acad\u00e9mica, cient\u00edfica y pol\u00edtica.<\/p>\n<p style=\"text-align: justify;\">Tambi\u00e9n patalean y fuerte, Ad\u00e1n Augusto L\u00f3pez, Ricardo Monreal, Noro\u00f1a y Manuel Velasco, que hacen su roncha para mostrar el d\u00e9bil m\u00fasculo que poseen, sin la m\u00e1s remota posibilidad de alzarse con la candidatura de la alianza oficialista.<\/p>\n<p style=\"text-align: justify;\">ENCUESTITIS.- Los estudios de opini\u00f3n est\u00e1n al orden del d\u00eda sin que se observen cambios sustanciales entre los aspirantes, con excepci\u00f3n de X\u00f3chitl G\u00e1lvez cuya irrupci\u00f3n en el escenario ante pre-electoral modific\u00f3 las variables mercadol\u00f3gicas seg\u00fan \u201cM\u00e9xico Elige\u201d, que la catapultan hasta ubicarla en empate t\u00e9cnico con 23.2%, contra la puntera de MORENA, Claudia Sheinbaum, con 24.6%. Se avecina una re\u00f1ida y tormentosa contienda electoral.<\/p>\n<p style=\"text-align: justify;\">En la carrera presidencial del Frente Amplio por M\u00e9xico, X\u00f3chitl G\u00e1lvez, lleva una ventajosa delantera del 51%; Santiago Creel, 10.5%; Enrique de la Madrid, 10%; Beatriz Paredes, 6%; Miguel \u00c1ngel Mancera, 4%. Resultados de la encuestadora \u201cM\u00e9xico Elige\u201d del 17 de julio.<\/p>\n<p style=\"text-align: justify;\">Con fecha 5 de julio la empresa \u201cDemoscopia Digital\u201d, dio a conocer los siguientes resultados: Sheinbaum, 42.5%; Ebrard, 27.8%; Ad\u00e1n Augusto, 13.1%; Noro\u00f1a, 7.3%; Monreal, 5.8%; Velasco, 3.5%.<\/p>\n<p style=\"text-align: justify;\">Los resultados de las encuestas para diversas personas no tienen la mayor credibilidad porque est\u00e1n \u201ccuchareadas\u201d y al mejor postor.<\/p>\n<p style=\"text-align: justify;\">Por dem\u00e1s interesante resulta la encuesta de Movimiento Ciudadano (MC), que a pregunta expresa sobre si les gustar\u00eda o no, que en las pr\u00f3ximas elecciones MC haga alianza con otros partidos. El 20.61% rechaza una alianza con el PAN, y un 73.35%, con el Frente Amplio por M\u00e9xico (PAN-PRI-PRD). Les convendr\u00eda m\u00e1s, ir solos que mal acompa\u00f1ados.<br \/>\n<em>https:\/\/www.facebook.com\/acapulcopress<\/em><\/p>\n","protected":false},"excerpt":{"rendered":"<p>La Carabina 24-30 \u00bb RICARDO | CASTILLO BARRIENTOS ) Facebook \/ Ricardo Castillo Barrientos No son campa\u00f1as ni pre-campa\u00f1as pero como si lo fueran, que llevan a cabo los 13 aspirantes del Frente Amplio por M\u00e9xico y las 6 \u201ccorcholatas\u201d del partido oficial y sus aliados PT y PVEM, con el objetivo de conquistar el&#8230;<\/p>\n","protected":false},"author":2,"featured_media":1255505,"comment_status":"closed","ping_status":"closed","sticky":false,"template":"","format":"standard","meta":{"footnotes":""},"categories":[2071,1991],"tags":[8929,11527,12503,15575],"class_list":["post-1255504","post","type-post","status-publish","format-standard","has-post-thumbnail","hentry","category-opinion-analisis-columnas","category-libertad-de-expresion","tag-frente-amplio-por-mexico","tag-la-carabina-24-30","tag-maremagnum","tag-ricardo-castillo-barrientos"],"_links":{"self":[{"href":"https:\/\/www.acapulcopress.com\/index.php\/wp-json\/wp\/v2\/posts\/1255504","targetHints":{"allow":["GET"]}}],"collection":[{"href":"https:\/\/www.acapulcopress.com\/index.php\/wp-json\/wp\/v2\/posts"}],"about":[{"href":"https:\/\/www.acapulcopress.com\/index.php\/wp-json\/wp\/v2\/types\/post"}],"author":[{"embeddable":true,"href":"https:\/\/www.acapulcopress.com\/index.php\/wp-json\/wp\/v2\/users\/2"}],"replies":[{"embeddable":true,"href":"https:\/\/www.acapulcopress.com\/index.php\/wp-json\/wp\/v2\/comments?post=1255504"}],"version-history":[{"count":0,"href":"https:\/\/www.acapulcopress.com\/index.php\/wp-json\/wp\/v2\/posts\/1255504\/revisions"}],"wp:featuredmedia":[{"embeddable":true,"href":"https:\/\/www.acapulcopress.com\/index.php\/wp-json\/"}],"wp:attachment":[{"href":"https:\/\/www.acapulcopress.com\/index.php\/wp-json\/wp\/v2\/media?parent=1255504"}],"wp:term":[{"taxonomy":"category","embeddable":true,"href":"https:\/\/www.acapulcopress.com\/index.php\/wp-json\/wp\/v2\/categories?post=1255504"},{"taxonomy":"post_tag","embeddable":true,"href":"https:\/\/www.acapulcopress.com\/index.php\/wp-json\/wp\/v2\/tags?post=1255504"}],"curies":[{"name":"wp","href":"https:\/\/api.w.org\/{rel}","templated":true}]}}