{"id":1255514,"date":"2023-07-20T11:24:56","date_gmt":"2023-07-20T17:24:56","guid":{"rendered":"https:\/\/www.acapulcopress.com\/?p=1255514"},"modified":"2023-07-20T11:24:56","modified_gmt":"2023-07-20T17:24:56","slug":"el-rastro-tif-de-acapulco-no-debe-demorar-mas","status":"publish","type":"post","link":"https:\/\/www.acapulcopress.com\/index.php\/2023\/07\/20\/el-rastro-tif-de-acapulco-no-debe-demorar-mas\/","title":{"rendered":"El Rastro TIF de Acapulco no debe demorar m\u00e1s"},"content":{"rendered":"<p style=\"text-align: justify;\"><em>Marem\u00e1gnum<\/em><br \/>\n\u00bb <strong>RICARDO<\/strong> |<strong> CASTILLO BARRIENTOS<\/strong><br \/>\n<em>) Facebook \/ <a href=\"https:\/\/www.facebook.com\/ricardocastill01\" target=\"_blank\" rel=\"noopener\">Ricardo Castillo Barrientos<\/a><\/em><\/p>\n<p style=\"text-align: justify;\">Estas cosas solo pasan en Guerrero, Acapulco en particular. Hace m\u00e1s de 20 a\u00f1os dej\u00f3 de funcionar el rastro municipal de La Sabana, a causa de diferencias de empleados y matanceros con las autoridades municipales, en exigencia de beneficios laborales y econ\u00f3micos, pero nunca dej\u00f3 de funcionar como oficina burocr\u00e1tica.<\/p>\n<p style=\"text-align: justify;\">La suspensi\u00f3n definitiva del rastro municipal trajo como consecuencia la proliferaci\u00f3n de rastros tolerados y clandestinos, en diferentes zonas urbanas, sub-urbanas y rurales, sin control sanitario que han puesto en riesgo permanente la salud de habitantes y visitantes, aunque estos \u00faltimos, consumen productos c\u00e1rnicos en restaurantes de hoteles o de cadenas que se surten en tiendas departamentales.<\/p>\n<p style=\"text-align: justify;\">Ninguna autoridad municipal se interes\u00f3 en atender la nueva problem\u00e1tica generada por la ausencia de un \u00e1rea tan importante para la comercializaci\u00f3n de estos productos b\u00e1sicos imprescindibles.<\/p>\n<p style=\"text-align: justify;\">En el gobierno constitucional de \u00c1ngel Aguirre Rivero, se gestionaron en la Sagarpa recursos financieros para la construcci\u00f3n del nuevo rastro municipal, con una inversi\u00f3n tripartita, Federaci\u00f3n-Estado-Municipio por 170 millones de pesos, en la localidad El Salto, arrancando la obra el 17 de diciembre de 2013, con una inversi\u00f3n inicial de 80 millones de pesos y que debi\u00f3 de concluirse a finales de 2014, que no fue posible por la renuncia obligada de Aguirre Rivero.<\/p>\n<p style=\"text-align: justify;\">El gobierno de H\u00e9ctor Astudillo Flores le dio continuidad al ambicioso proyecto, inyectando recursos complementarios para su conclusi\u00f3n, quedando pendientes algunos detalles finales de construcci\u00f3n por 20 millones de pesos para que pueda operar como rastro Tipo Inspecci\u00f3n Federal (TIF).<\/p>\n<p style=\"text-align: justify;\">El inmueble se encuentra listo para su operaci\u00f3n que corresponde por ley al Ayuntamiento de Acapulco, previ\u00f3 acuerdo con el Gobierno del Estado, que ejecut\u00f3 la obra a trav\u00e9s de la Secretar\u00eda de Desarrollo Urbano, Obras P\u00fablicas y Ordenamiento Territorial.<\/p>\n<p style=\"text-align: justify;\">El diputado Rafael Navarrete Quezada, ex titular de la SDUOPOT y ex responsable de la obra, ahora como legislador local lleva puntual seguimiento del proyecto con el gobierno estatal y Ayuntamiento de Acapulco, para que se expida una Convocatoria de Licitaci\u00f3n Nacional y se registren las empresas interesadas en obtener la concesi\u00f3n, ante la inexperiencia del Ayuntamiento de operar directamente las nuevas instalaciones.<\/p>\n<p style=\"text-align: justify;\">El diputado Navarrete Quezada, considera que con la pr\u00f3xima apertura del rastro TIF se puede convertir en un cl\u00faster de desarrollo para la ganader\u00eda y la agricultura de la Costa Chica, Costa Grande y Tierra Caliente, por la comercializaci\u00f3n en los mercados nacional y local e internacional, debido a la cercan\u00eda con el puerto L\u00e1zaro C\u00e1rdenas, que tiene un gran intercambio comercial con pa\u00edses de Asia, como China, Jap\u00f3n, Indonesia, Filipinas, pa\u00edses \u00e1rabes, sin descartar Europa.<\/p>\n<p style=\"text-align: justify;\">El estado de Guerrero viene mejorando la calidad gen\u00e9tica de su ganader\u00eda con ejemplares de alta calidad c\u00e1rnica para los m\u00e1s exigentes paladares y desafortunadamente esos animales no son sacrificados en la entidad por carecer de las mejores condiciones de su manejo y operaci\u00f3n, lo cual se resolver\u00eda en definitiva con la puesta en marcha del rastro TIF, en El Salto, municipio de Acapulco.<\/p>\n<p style=\"text-align: justify;\"><strong>Marea Baja.-<\/strong> Ante la embestida del Instituto Nacional Electoral (INE) por silenciar al presidente L\u00f3pez Obrador en sus menciones ma\u00f1aneras a X\u00f3chitl G\u00e1lvez y otros aspirantes opositores, tuvo la genial ocurrencia de crear una nueva secci\u00f3n informativa en sus conferencias matutinas que denomin\u00f3: \u201cNo lo dije yo\u201d, con la que exhibir\u00e1 a la oposici\u00f3n y su proyecto de naci\u00f3n, contrapuesto con su movimiento de la 4T.<\/p>\n<p style=\"text-align: justify;\">Ayer mostr\u00f3 una entrevista de Vicente Fox, donde se queja de ya no tener la pensi\u00f3n que recib\u00edan los expresidentes y subraya que es necesario que acabe la entrega de apoyos sociales, para que la gente se ponga a trabajar y no ande de huevona, remat\u00f3. El expresidente ahora es productor de marihuana en gran escala.<\/p>\n<p><strong>Marea Alta.-<\/strong> La desbandada no tan solo en el PRI, tambi\u00e9n en el PRD. Uno de sus cuadros m\u00e1s destacados prefiri\u00f3 cortar por lo sano y emigrar de su partido a otro lado con mayores perspectivas futuristas.<\/p>\n<p style=\"text-align: justify;\">Se trata del alcalde de T\u00e9cpan de Galena, Jes\u00fas Yasir Deloya D\u00edaz, que dirigi\u00f3 su renuncia con car\u00e1cter irrevocable al presidente de la Direcci\u00f3n Estatal Ejecutiva del Partido de la Revoluci\u00f3n Democr\u00e1tica, Alberto Catal\u00e1n Bastida, sin explicar los motivos ni sus nuevas pretensiones pol\u00edticas. Con el edil habr\u00e1n de levantar el vuelo sus m\u00e1s cercanos colaboradores y otros simpatizantes, que voltear\u00e1n su mirada hacia el partido en el poder, que se perfila como el pr\u00f3ximo vencedor del proceso electoral del 2024.<\/p>\n<p style=\"text-align: justify;\"><strong>Maremoto.-<\/strong> Por dem\u00e1s injusto el encarcelamiento de la activista ind\u00edgena Kenia In\u00e9s Hern\u00e1ndez Montalv\u00e1n, en la prisi\u00f3n del Centro Federal de Readaptaci\u00f3n Social Femenil N\u00famero 16 (Cefereso), en el estado de Morelos, quien fue sentenciada a 10 a\u00f1os seis meses al imput\u00e1rsele 11 causas penales, de los cuales lleva tres a\u00f1os de prisi\u00f3n.<\/p>\n<p style=\"text-align: justify;\">La luchadora social guerrerense fue acusada por robo con violencia y ataques a las v\u00edas generales de comunicaci\u00f3n, en la caseta de cobro de Ecatepec, Estado de M\u00e9xico.<\/p>\n<p>A lo largo y ancho de la Rep\u00fablica Mexicana, miles de manifestantes se ven\u00edan apoderando de casetas de cobro adjudic\u00e1ndose el importe de las cuotas de peaje para sostener econ\u00f3micamente a sus movimientos sociales<\/p>\n<p style=\"text-align: justify;\">Le toc\u00f3 la mala suerte a nuestra paisana Kenia ser aprehendida y de servir como escarmiento o ejemplo para todos aquellos que con frecuencia se dedicaban a la toma de casetas con el respectivo cobro a los usuarios.<\/p>\n<p style=\"text-align: justify;\">Varios organismos de Derechos Humanos y legisladores federales vienen demandando sin \u00e9xito la liberaci\u00f3n de Kenia, a pesar que el presidente L\u00f3pez Obrador orden\u00f3 la revisi\u00f3n del caso porque se encuentra presa por razones pol\u00edticas y presupuestales del gobierno federal. Tambi\u00e9n la gobernadora Evelyn Salgado debe intervenir para acelerar los tr\u00e1mites y Kenia obtenga su pronta libertad.<\/p>\n<p style=\"text-align: justify;\"><em>] S\u00edguenos en Facebook.com\/<a href=\"https:\/\/www.facebook.com\/acapulcopress\" target=\"_blank\" rel=\"noopener\">acapulcopress<\/a><\/em><\/p>\n","protected":false},"excerpt":{"rendered":"<p>Marem\u00e1gnum \u00bb RICARDO | CASTILLO BARRIENTOS ) Facebook \/ Ricardo Castillo Barrientos Estas cosas solo pasan en Guerrero, Acapulco en particular. Hace m\u00e1s de 20 a\u00f1os dej\u00f3 de funcionar el rastro municipal de La Sabana, a causa de diferencias de empleados y matanceros con las autoridades municipales, en exigencia de beneficios laborales y econ\u00f3micos, pero&#8230;<\/p>\n","protected":false},"author":2,"featured_media":1255515,"comment_status":"closed","ping_status":"closed","sticky":false,"template":"","format":"standard","meta":{"footnotes":""},"categories":[1972,2071,1991],"tags":[12503,15286,15575,17215],"class_list":["post-1255514","post","type-post","status-publish","format-standard","has-post-thumbnail","hentry","category-special","category-opinion-analisis-columnas","category-libertad-de-expresion","tag-maremagnum","tag-rastro-tif-de-acapulco","tag-ricardo-castillo-barrientos","tag-tipo-inspeccion-federal-tif"],"_links":{"self":[{"href":"https:\/\/www.acapulcopress.com\/index.php\/wp-json\/wp\/v2\/posts\/1255514","targetHints":{"allow":["GET"]}}],"collection":[{"href":"https:\/\/www.acapulcopress.com\/index.php\/wp-json\/wp\/v2\/posts"}],"about":[{"href":"https:\/\/www.acapulcopress.com\/index.php\/wp-json\/wp\/v2\/types\/post"}],"author":[{"embeddable":true,"href":"https:\/\/www.acapulcopress.com\/index.php\/wp-json\/wp\/v2\/users\/2"}],"replies":[{"embeddable":true,"href":"https:\/\/www.acapulcopress.com\/index.php\/wp-json\/wp\/v2\/comments?post=1255514"}],"version-history":[{"count":0,"href":"https:\/\/www.acapulcopress.com\/index.php\/wp-json\/wp\/v2\/posts\/1255514\/revisions"}],"wp:featuredmedia":[{"embeddable":true,"href":"https:\/\/www.acapulcopress.com\/index.php\/wp-json\/"}],"wp:attachment":[{"href":"https:\/\/www.acapulcopress.com\/index.php\/wp-json\/wp\/v2\/media?parent=1255514"}],"wp:term":[{"taxonomy":"category","embeddable":true,"href":"https:\/\/www.acapulcopress.com\/index.php\/wp-json\/wp\/v2\/categories?post=1255514"},{"taxonomy":"post_tag","embeddable":true,"href":"https:\/\/www.acapulcopress.com\/index.php\/wp-json\/wp\/v2\/tags?post=1255514"}],"curies":[{"name":"wp","href":"https:\/\/api.w.org\/{rel}","templated":true}]}}